{"id":1005,"date":"2008-02-13T13:49:45","date_gmt":"2008-02-13T12:49:45","guid":{"rendered":"http:\/\/fabregaspere.com\/blog2\/?p=1005"},"modified":"2024-07-19T08:54:02","modified_gmt":"2024-07-19T06:54:02","slug":"publicaciones-archivos-de-empresa-un-nuevo-paradigma-2","status":"publish","type":"post","link":"https:\/\/fabregaspere.com\/blog2\/2008\/02\/13\/publicaciones-archivos-de-empresa-un-nuevo-paradigma-2\/","title":{"rendered":"[PONENCIA] Archivos de empresa: \u00bfun nuevo paradigma? [2008.02.13]"},"content":{"rendered":"<p><span style=\"text-decoration: underline;\"><span style=\"font-family: verdana, geneva, sans-serif; font-size: 14px;\"><strong><a href=\"https:\/\/fabregaspere.com\/blog2\/wp-content\/uploads\/2014\/09\/2008.02.13.Archivos-de-empresa-un-nuevo-paradigma.jpg\"><img loading=\"lazy\" decoding=\"async\" class=\"alignleft wp-image-772 size-medium\" src=\"https:\/\/fabregaspere.com\/blog2\/wp-content\/uploads\/2014\/09\/2008.02.13.Archivos-de-empresa-un-nuevo-paradigma-201x300.jpg\" alt=\"\" width=\"201\" height=\"300\" srcset=\"https:\/\/fabregaspere.com\/blog2\/wp-content\/uploads\/2014\/09\/2008.02.13.Archivos-de-empresa-un-nuevo-paradigma-201x300.jpg 201w, https:\/\/fabregaspere.com\/blog2\/wp-content\/uploads\/2014\/09\/2008.02.13.Archivos-de-empresa-un-nuevo-paradigma.jpg 415w\" sizes=\"auto, (max-width: 201px) 100vw, 201px\" \/><\/a>Archivos hist\u00f3ricos [2008.02.13]<\/strong><\/span><\/span><\/p>\n<p><span style=\"font-family: verdana, geneva, sans-serif; font-size: 14px;\"><strong>F\u00c0BREGAS, Pere-A. (2008): <em>Archivos de empresa: \u00bfun nuevo paradigma?<\/em><\/strong><\/span><\/p>\n<p><span style=\"font-family: verdana, geneva, sans-serif; font-size: 14px;\"><strong>VIII Congreso de ANABAD<\/strong><\/span><\/p>\n<p><span style=\"font-family: verdana, geneva, sans-serif; font-size: 14px;\"><strong>Federaci\u00f3n Espa\u00f1ola de Asociaciones de Archiveros, Bibliotecarios, Arque\u00f3logos, Muse\u00f3logos y Documentalistas, Madrid, pp. 123\/131<\/strong><\/span><\/p>\n<p style=\"padding-left: 240px;\"><span style=\"font-family: verdana, geneva, sans-serif; font-size: 14px;\"><strong><a href=\"https:\/\/fabregaspere.com\/blog2\/wp-content\/uploads\/2014\/09\/2008.02.13.Archivos-de-empresa-un-nuevo-paradigma.pdf\" target=\"_blank\" rel=\"noopener\">Descargar PDF<\/a><\/strong><\/span><\/p>\n","protected":false},"excerpt":{"rendered":"<p>Archivos hist\u00f3ricos [2008.02.13] F\u00c0BREGAS, Pere-A. (2008): Archivos de empresa: \u00bfun nuevo paradigma? VIII Congreso de ANABAD Federaci\u00f3n Espa\u00f1ola de Asociaciones de Archiveros, Bibliotecarios, Arque\u00f3logos, Muse\u00f3logos y Documentalistas, Madrid, pp. 123\/131 Descargar PDF<\/p>\n","protected":false},"author":3,"featured_media":0,"comment_status":"closed","ping_status":"open","sticky":false,"template":"","format":"aside","meta":{"footnotes":""},"categories":[20,36,139],"tags":[47],"class_list":["post-1005","post","type-post","status-publish","format-aside","hentry","category-17-ponencia","category-14-archivos-historicos","category-02-espanol","tag-madrid","post_format-post-format-aside"],"rttpg_featured_image_url":null,"rttpg_author":{"display_name":"Pere-A. F\u00e0bregas","author_link":"https:\/\/fabregaspere.com\/blog2\/author\/fabregaspere2\/"},"rttpg_comment":0,"rttpg_category":"<a href=\"https:\/\/fabregaspere.com\/blog2\/category\/tipos\/17-ponencia\/\" rel=\"category tag\">a17. Ponencia<\/a> <a href=\"https:\/\/fabregaspere.com\/blog2\/category\/temas\/14-archivos-historicos\/\" rel=\"category tag\">b14. Archivos hist\u00f3ricos<\/a> <a href=\"https:\/\/fabregaspere.com\/blog2\/category\/idiomas\/02-espanol\/\" rel=\"category tag\">c02. Espa\u00f1ol<\/a>","rttpg_excerpt":"Archivos hist\u00f3ricos [2008.02.13] F\u00c0BREGAS, Pere-A. (2008): Archivos de empresa: \u00bfun nuevo paradigma? VIII Congreso de ANABAD Federaci\u00f3n Espa\u00f1ola de Asociaciones de Archiveros, Bibliotecarios, Arque\u00f3logos, Muse\u00f3logos y Documentalistas, Madrid, pp. 123\/131 Descargar PDF","_links":{"self":[{"href":"https:\/\/fabregaspere.com\/blog2\/wp-json\/wp\/v2\/posts\/1005","targetHints":{"allow":["GET"]}}],"collection":[{"href":"https:\/\/fabregaspere.com\/blog2\/wp-json\/wp\/v2\/posts"}],"about":[{"href":"https:\/\/fabregaspere.com\/blog2\/wp-json\/wp\/v2\/types\/post"}],"author":[{"embeddable":true,"href":"https:\/\/fabregaspere.com\/blog2\/wp-json\/wp\/v2\/users\/3"}],"replies":[{"embeddable":true,"href":"https:\/\/fabregaspere.com\/blog2\/wp-json\/wp\/v2\/comments?post=1005"}],"version-history":[{"count":10,"href":"https:\/\/fabregaspere.com\/blog2\/wp-json\/wp\/v2\/posts\/1005\/revisions"}],"predecessor-version":[{"id":12160,"href":"https:\/\/fabregaspere.com\/blog2\/wp-json\/wp\/v2\/posts\/1005\/revisions\/12160"}],"wp:attachment":[{"href":"https:\/\/fabregaspere.com\/blog2\/wp-json\/wp\/v2\/media?parent=1005"}],"wp:term":[{"taxonomy":"category","embeddable":true,"href":"https:\/\/fabregaspere.com\/blog2\/wp-json\/wp\/v2\/categories?post=1005"},{"taxonomy":"post_tag","embeddable":true,"href":"https:\/\/fabregaspere.com\/blog2\/wp-json\/wp\/v2\/tags?post=1005"}],"curies":[{"name":"wp","href":"https:\/\/api.w.org\/{rel}","templated":true}]}}