{"id":1031,"date":"2009-06-02T16:01:25","date_gmt":"2009-06-02T14:01:25","guid":{"rendered":"http:\/\/fabregaspere.com\/blog2\/?p=1031"},"modified":"2024-07-19T09:54:41","modified_gmt":"2024-07-19T07:54:41","slug":"piblicaciones-la-gestion-de-la-sostenibilidad-en-la-empresa-espanola","status":"publish","type":"post","link":"https:\/\/fabregaspere.com\/blog2\/2009\/06\/02\/piblicaciones-la-gestion-de-la-sostenibilidad-en-la-empresa-espanola\/","title":{"rendered":"[PONENCIA] La gesti\u00f3n de la sostenibilidad en la empresa espa\u00f1ola [2009.06.02]"},"content":{"rendered":"<p><span style=\"text-decoration: underline;\"><span style=\"font-family: verdana, geneva, sans-serif; font-size: 14px;\"><strong><a href=\"https:\/\/fabregaspere.com\/blog2\/wp-content\/uploads\/2014\/09\/FundacionEntorno.acto-2009.06.02.jpg\"><img loading=\"lazy\" decoding=\"async\" class=\"alignnone wp-image-786 size-full\" src=\"https:\/\/fabregaspere.com\/blog2\/wp-content\/uploads\/2014\/09\/FundacionEntorno.acto-2009.06.02.jpg\" alt=\"\" width=\"967\" height=\"1123\" srcset=\"https:\/\/fabregaspere.com\/blog2\/wp-content\/uploads\/2014\/09\/FundacionEntorno.acto-2009.06.02.jpg 967w, https:\/\/fabregaspere.com\/blog2\/wp-content\/uploads\/2014\/09\/FundacionEntorno.acto-2009.06.02-258x300.jpg 258w, https:\/\/fabregaspere.com\/blog2\/wp-content\/uploads\/2014\/09\/FundacionEntorno.acto-2009.06.02-881x1024.jpg 881w\" sizes=\"auto, (max-width: 967px) 100vw, 967px\" \/><\/a><\/strong><\/span><\/span><\/p>\n<p><span style=\"text-decoration: underline;\"><span style=\"font-family: verdana, geneva, sans-serif; font-size: 14px;\"><strong>Medio Ambiente [2009.06.02]<\/strong><\/span><\/span><\/p>\n<p><span style=\"font-family: verdana, geneva, sans-serif; font-size: 14px;\"><strong>F\u00c0BREGAS, Pere-A. (2009): <em>La gesti\u00f3n de la sostenibilidad en la empresa espa\u00f1ola<\/em><\/strong><\/span><\/p>\n<p><span style=\"font-family: verdana, geneva, sans-serif; font-size: 14px;\"><strong>Presentaci\u00f3n del \u2018Informe Entorno 2009\u2019. La gesti\u00f3n de la sostenibilidad en la empresa espa\u00f1ola<\/strong><\/span><\/p>\n<p><span style=\"font-family: verdana, geneva, sans-serif; font-size: 14px;\"><strong>Fundaci\u00f3n Entorno. Sal\u00f3n de Actos del CSIC. Madrid\u00a0<\/strong><\/span><\/p>\n<p><span style=\"font-family: verdana, geneva, sans-serif; font-size: 14px;\"><strong><a href=\"https:\/\/fabregaspere.com\/blog2\/wp-content\/uploads\/2014\/09\/FundacionEntorno.acto-2009.06.02.pdf\" target=\"_blank\" rel=\"noopener\">Descargar PDF<\/a><\/strong><\/span><\/p>\n","protected":false},"excerpt":{"rendered":"<p>Medio Ambiente [2009.06.02] F\u00c0BREGAS, Pere-A. (2009): La gesti\u00f3n de la sostenibilidad en la empresa espa\u00f1ola Presentaci\u00f3n del \u2018Informe Entorno 2009\u2019. La gesti\u00f3n de la sostenibilidad en la empresa espa\u00f1ola Fundaci\u00f3n Entorno. Sal\u00f3n de Actos del CSIC. Madrid\u00a0 Descargar PDF<\/p>\n","protected":false},"author":3,"featured_media":0,"comment_status":"closed","ping_status":"open","sticky":false,"template":"","format":"aside","meta":{"footnotes":""},"categories":[20,35,139],"tags":[47],"class_list":["post-1031","post","type-post","status-publish","format-aside","hentry","category-17-ponencia","category-04-medio-ambiente","category-02-espanol","tag-madrid","post_format-post-format-aside"],"rttpg_featured_image_url":null,"rttpg_author":{"display_name":"Pere-A. F\u00e0bregas","author_link":"https:\/\/fabregaspere.com\/blog2\/author\/fabregaspere2\/"},"rttpg_comment":0,"rttpg_category":"<a href=\"https:\/\/fabregaspere.com\/blog2\/category\/tipos\/17-ponencia\/\" rel=\"category tag\">a17. Ponencia<\/a> <a href=\"https:\/\/fabregaspere.com\/blog2\/category\/temas\/04-medio-ambiente\/\" rel=\"category tag\">b04. Medio Ambiente<\/a> <a href=\"https:\/\/fabregaspere.com\/blog2\/category\/idiomas\/02-espanol\/\" rel=\"category tag\">c02. Espa\u00f1ol<\/a>","rttpg_excerpt":"Medio Ambiente [2009.06.02] F\u00c0BREGAS, Pere-A. (2009): La gesti\u00f3n de la sostenibilidad en la empresa espa\u00f1ola Presentaci\u00f3n del \u2018Informe Entorno 2009\u2019. La gesti\u00f3n de la sostenibilidad en la empresa espa\u00f1ola Fundaci\u00f3n Entorno. Sal\u00f3n de Actos del CSIC. Madrid\u00a0 Descargar PDF","_links":{"self":[{"href":"https:\/\/fabregaspere.com\/blog2\/wp-json\/wp\/v2\/posts\/1031","targetHints":{"allow":["GET"]}}],"collection":[{"href":"https:\/\/fabregaspere.com\/blog2\/wp-json\/wp\/v2\/posts"}],"about":[{"href":"https:\/\/fabregaspere.com\/blog2\/wp-json\/wp\/v2\/types\/post"}],"author":[{"embeddable":true,"href":"https:\/\/fabregaspere.com\/blog2\/wp-json\/wp\/v2\/users\/3"}],"replies":[{"embeddable":true,"href":"https:\/\/fabregaspere.com\/blog2\/wp-json\/wp\/v2\/comments?post=1031"}],"version-history":[{"count":5,"href":"https:\/\/fabregaspere.com\/blog2\/wp-json\/wp\/v2\/posts\/1031\/revisions"}],"predecessor-version":[{"id":12173,"href":"https:\/\/fabregaspere.com\/blog2\/wp-json\/wp\/v2\/posts\/1031\/revisions\/12173"}],"wp:attachment":[{"href":"https:\/\/fabregaspere.com\/blog2\/wp-json\/wp\/v2\/media?parent=1031"}],"wp:term":[{"taxonomy":"category","embeddable":true,"href":"https:\/\/fabregaspere.com\/blog2\/wp-json\/wp\/v2\/categories?post=1031"},{"taxonomy":"post_tag","embeddable":true,"href":"https:\/\/fabregaspere.com\/blog2\/wp-json\/wp\/v2\/tags?post=1031"}],"curies":[{"name":"wp","href":"https:\/\/api.w.org\/{rel}","templated":true}]}}