{"id":1056,"date":"2009-10-29T00:02:56","date_gmt":"2009-10-28T23:02:56","guid":{"rendered":"http:\/\/fabregaspere.com\/blog2\/?p=1056"},"modified":"2024-07-19T10:34:16","modified_gmt":"2024-07-19T08:34:16","slug":"publicaciones-barcelona-y-el-gas-cerca-de-200-anos-de-relacion-una-primera-aproximacion-imagenes","status":"publish","type":"post","link":"https:\/\/fabregaspere.com\/blog2\/2009\/10\/29\/publicaciones-barcelona-y-el-gas-cerca-de-200-anos-de-relacion-una-primera-aproximacion-imagenes\/","title":{"rendered":"[PONENCIA] Barcelona y el gas, cerca de 200 a\u00f1os de relaci\u00f3n. Una primera aproximaci\u00f3n (im\u00e1genes) [2009.10.29.b]"},"content":{"rendered":"<p><span style=\"text-decoration: underline;\"><span style=\"font-family: verdana, geneva, sans-serif; font-size: 14px;\"><strong><a href=\"https:\/\/fabregaspere.com\/blog2\/wp-content\/uploads\/2014\/09\/2009.10.29.b.Barcelona-y-el-gas.Una-primera.AMCTAIC.imagenes.jpg\"><img loading=\"lazy\" decoding=\"async\" class=\"alignnone wp-image-796 size-full\" src=\"https:\/\/fabregaspere.com\/blog2\/wp-content\/uploads\/2014\/09\/2009.10.29.b.Barcelona-y-el-gas.Una-primera.AMCTAIC.imagenes.jpg\" alt=\"\" width=\"559\" height=\"415\" srcset=\"https:\/\/fabregaspere.com\/blog2\/wp-content\/uploads\/2014\/09\/2009.10.29.b.Barcelona-y-el-gas.Una-primera.AMCTAIC.imagenes.jpg 559w, https:\/\/fabregaspere.com\/blog2\/wp-content\/uploads\/2014\/09\/2009.10.29.b.Barcelona-y-el-gas.Una-primera.AMCTAIC.imagenes-300x222.jpg 300w\" sizes=\"auto, (max-width: 559px) 100vw, 559px\" \/><\/a><\/strong><\/span><\/span><\/p>\n<p><span style=\"text-decoration: underline;\"><span style=\"font-family: verdana, geneva, sans-serif; font-size: 14px;\"><strong>Historia Gas [2009.10.29.b]<\/strong><\/span><\/span><\/p>\n<p><span style=\"font-family: verdana, geneva, sans-serif; font-size: 14px;\"><strong>F\u00c0BREGAS, Pere-A. (2009): <em>Barcelona y el gas, cerca de 200 a\u00f1os de relaci\u00f3n. Una primera aproximaci\u00f3n<\/em> (im\u00e1genes)<\/strong><\/span><\/p>\n<p><span style=\"font-family: verdana, geneva, sans-serif; font-size: 14px;\"><strong>VIII Jornades d\u2019Arquelogia Industrial de Catalunya \u2018Barcelona i les Grans F\u00e0briques del segle XIX-XX\u2019<\/strong><\/span><\/p>\n<p><span style=\"font-family: verdana, geneva, sans-serif; font-size: 14px;\"><strong>AMCTAIC, Barcelona<\/strong><\/span><\/p>\n<p><span style=\"font-family: verdana, geneva, sans-serif; font-size: 14px;\"><strong><a href=\"https:\/\/fabregaspere.com\/blog2\/wp-content\/uploads\/2014\/09\/2009.10.29.b.Barcelona-y-el-gas.Una-primera.AMCTAIC.imagenes.pdf\" target=\"_blank\" rel=\"noopener\">Descargar PDF<\/a><\/strong><\/span><\/p>\n","protected":false},"excerpt":{"rendered":"<p>Historia Gas [2009.10.29.b] F\u00c0BREGAS, Pere-A. (2009): Barcelona y el gas, cerca de 200 a\u00f1os de relaci\u00f3n. Una primera aproximaci\u00f3n (im\u00e1genes) VIII Jornades d\u2019Arquelogia Industrial de Catalunya \u2018Barcelona i les Grans F\u00e0briques del segle XIX-XX\u2019 AMCTAIC, Barcelona Descargar PDF<\/p>\n","protected":false},"author":3,"featured_media":0,"comment_status":"closed","ping_status":"open","sticky":false,"template":"","format":"aside","meta":{"footnotes":""},"categories":[20,33,139],"tags":[50],"class_list":["post-1056","post","type-post","status-publish","format-aside","hentry","category-17-ponencia","category-09-historia-gas","category-02-espanol","tag-barcelona","post_format-post-format-aside"],"rttpg_featured_image_url":null,"rttpg_author":{"display_name":"Pere-A. F\u00e0bregas","author_link":"https:\/\/fabregaspere.com\/blog2\/author\/fabregaspere2\/"},"rttpg_comment":0,"rttpg_category":"<a href=\"https:\/\/fabregaspere.com\/blog2\/category\/tipos\/17-ponencia\/\" rel=\"category tag\">a17. Ponencia<\/a> <a href=\"https:\/\/fabregaspere.com\/blog2\/category\/temas\/09-historia-gas\/\" rel=\"category tag\">b09. Historia Gas<\/a> <a href=\"https:\/\/fabregaspere.com\/blog2\/category\/idiomas\/02-espanol\/\" rel=\"category tag\">c02. Espa\u00f1ol<\/a>","rttpg_excerpt":"Historia Gas [2009.10.29.b] F\u00c0BREGAS, Pere-A. (2009): Barcelona y el gas, cerca de 200 a\u00f1os de relaci\u00f3n. Una primera aproximaci\u00f3n (im\u00e1genes) VIII Jornades d\u2019Arquelogia Industrial de Catalunya \u2018Barcelona i les Grans F\u00e0briques del segle XIX-XX\u2019 AMCTAIC, Barcelona Descargar PDF","_links":{"self":[{"href":"https:\/\/fabregaspere.com\/blog2\/wp-json\/wp\/v2\/posts\/1056","targetHints":{"allow":["GET"]}}],"collection":[{"href":"https:\/\/fabregaspere.com\/blog2\/wp-json\/wp\/v2\/posts"}],"about":[{"href":"https:\/\/fabregaspere.com\/blog2\/wp-json\/wp\/v2\/types\/post"}],"author":[{"embeddable":true,"href":"https:\/\/fabregaspere.com\/blog2\/wp-json\/wp\/v2\/users\/3"}],"replies":[{"embeddable":true,"href":"https:\/\/fabregaspere.com\/blog2\/wp-json\/wp\/v2\/comments?post=1056"}],"version-history":[{"count":4,"href":"https:\/\/fabregaspere.com\/blog2\/wp-json\/wp\/v2\/posts\/1056\/revisions"}],"predecessor-version":[{"id":12179,"href":"https:\/\/fabregaspere.com\/blog2\/wp-json\/wp\/v2\/posts\/1056\/revisions\/12179"}],"wp:attachment":[{"href":"https:\/\/fabregaspere.com\/blog2\/wp-json\/wp\/v2\/media?parent=1056"}],"wp:term":[{"taxonomy":"category","embeddable":true,"href":"https:\/\/fabregaspere.com\/blog2\/wp-json\/wp\/v2\/categories?post=1056"},{"taxonomy":"post_tag","embeddable":true,"href":"https:\/\/fabregaspere.com\/blog2\/wp-json\/wp\/v2\/tags?post=1056"}],"curies":[{"name":"wp","href":"https:\/\/api.w.org\/{rel}","templated":true}]}}