{"id":10747,"date":"2022-03-04T12:06:04","date_gmt":"2022-03-04T11:06:04","guid":{"rendered":"https:\/\/fabregaspere.com\/blog2\/?p=10747"},"modified":"2025-09-10T10:58:46","modified_gmt":"2025-09-10T08:58:46","slug":"article-revista-la-implicacio-de-la-ciutadania-en-la-societat-les-associacions-dutilitat-publica-el-cas-de-lamctaic","status":"publish","type":"post","link":"https:\/\/fabregaspere.com\/blog2\/2022\/03\/04\/article-revista-la-implicacio-de-la-ciutadania-en-la-societat-les-associacions-dutilitat-publica-el-cas-de-lamctaic\/","title":{"rendered":"ARTICLE REVISTA] La implicaci\u00f3 de la ciutadania en la societat. Les associacions d&#8217;utilitat p\u00fablica: el cas de l&#8217;AMCTAIC [2022.03.04]"},"content":{"rendered":"<p><strong><span style=\"text-decoration: underline;\"><a href=\"https:\/\/fabregaspere.com\/blog2\/wp-content\/uploads\/2023\/09\/AMCTAIC.-Butlleti\u0301-86.2022.03.-Portada.jpg\"><img loading=\"lazy\" decoding=\"async\" class=\"alignleft\" src=\"https:\/\/fabregaspere.com\/blog2\/wp-content\/uploads\/2023\/09\/AMCTAIC.-Butlleti\u0301-86.2022.03.-Portada.jpg\" alt=\"\" width=\"250\" height=\"353\" \/><\/a><span style=\"font-family: verdana, geneva, sans-serif; font-size: 14px;\">Societat civil [2022.03.04]<\/span><\/span><\/strong><\/p>\n<p style=\"text-align: justify;\"><span style=\"font-family: verdana, geneva, sans-serif; font-size: 14px;\"><strong>F\u00c0BREGAS, Pere-A. (2022): \u00abLa implicaci\u00f3 de la ciutadania en la societat. Les associacions d&#8217;utilitat p\u00fablica: el cas de l&#8217;AMCTAIC\u00bb<\/strong><\/span><\/p>\n<p style=\"text-align: justify; padding-left: 280px;\"><span style=\"font-family: verdana, geneva, sans-serif; font-size: 14px;\"><strong>a Associaci\u00f3 del Museu de la Ci\u00e8ncia i de la T\u00e8cnica i d\u2019Arqueologia Industrial de Catalunya [AMCTAIC]: <em>Butllet\u00ed d\u2019Arqueologia Industrial i de Museus de Ci\u00e8ncia i T\u00e8cnica,\u00a0<\/em>n 86 (2022), pp. 12\/15<\/strong><\/span><\/p>\n<p style=\"padding-left: 280px;\"><span style=\"font-family: verdana, geneva, sans-serif; font-size: 14px;\"><a href=\"https:\/\/fabregaspere.com\/blog2\/wp-content\/uploads\/2023\/09\/AMCTAIC.-Butlleti-86.2022.03.art_.PF_.pdf\"><span style=\"text-decoration: underline;\"><strong>Descarregar PDF<\/strong><\/span><\/a><\/span><\/p>\n","protected":false},"excerpt":{"rendered":"<p>Societat civil [2022.03.04] F\u00c0BREGAS, Pere-A. (2022): \u00abLa implicaci\u00f3 de la ciutadania en la societat. Les associacions d&#8217;utilitat p\u00fablica: el cas de l&#8217;AMCTAIC\u00bb a Associaci\u00f3 del Museu de la Ci\u00e8ncia i de la T\u00e8cnica i d\u2019Arqueologia Industrial de Catalunya [AMCTAIC]: Butllet\u00ed d\u2019Arqueologia Industrial i de Museus de Ci\u00e8ncia i T\u00e8cnica,\u00a0n 86 (2022), pp. 12\/15 Descarregar PDF<\/p>\n","protected":false},"author":3,"featured_media":0,"comment_status":"open","ping_status":"open","sticky":false,"template":"","format":"aside","meta":{"footnotes":""},"categories":[11,30,138],"tags":[50],"class_list":["post-10747","post","type-post","status-publish","format-aside","hentry","category-08-articulo-revista","category-06-sociedad-civil","category-01-catalan","tag-barcelona","post_format-post-format-aside"],"rttpg_featured_image_url":null,"rttpg_author":{"display_name":"Pere-A. F\u00e0bregas","author_link":"https:\/\/fabregaspere.com\/blog2\/author\/fabregaspere2\/"},"rttpg_comment":0,"rttpg_category":"<a href=\"https:\/\/fabregaspere.com\/blog2\/category\/tipos\/08-articulo-revista\/\" rel=\"category tag\">a08. Art\u00edculo revista<\/a> <a href=\"https:\/\/fabregaspere.com\/blog2\/category\/temas\/06-sociedad-civil\/\" rel=\"category tag\">b06. Sociedad civil<\/a> <a href=\"https:\/\/fabregaspere.com\/blog2\/category\/idiomas\/01-catalan\/\" rel=\"category tag\">c01. Catal\u00e1n<\/a>","rttpg_excerpt":"Societat civil [2022.03.04] F\u00c0BREGAS, Pere-A. (2022): \u00abLa implicaci\u00f3 de la ciutadania en la societat. Les associacions d&#8217;utilitat p\u00fablica: el cas de l&#8217;AMCTAIC\u00bb a Associaci\u00f3 del Museu de la Ci\u00e8ncia i de la T\u00e8cnica i d\u2019Arqueologia Industrial de Catalunya [AMCTAIC]: Butllet\u00ed d\u2019Arqueologia Industrial i de Museus de Ci\u00e8ncia i T\u00e8cnica,\u00a0n 86 (2022), pp. 12\/15 Descarregar PDF","_links":{"self":[{"href":"https:\/\/fabregaspere.com\/blog2\/wp-json\/wp\/v2\/posts\/10747","targetHints":{"allow":["GET"]}}],"collection":[{"href":"https:\/\/fabregaspere.com\/blog2\/wp-json\/wp\/v2\/posts"}],"about":[{"href":"https:\/\/fabregaspere.com\/blog2\/wp-json\/wp\/v2\/types\/post"}],"author":[{"embeddable":true,"href":"https:\/\/fabregaspere.com\/blog2\/wp-json\/wp\/v2\/users\/3"}],"replies":[{"embeddable":true,"href":"https:\/\/fabregaspere.com\/blog2\/wp-json\/wp\/v2\/comments?post=10747"}],"version-history":[{"count":6,"href":"https:\/\/fabregaspere.com\/blog2\/wp-json\/wp\/v2\/posts\/10747\/revisions"}],"predecessor-version":[{"id":16774,"href":"https:\/\/fabregaspere.com\/blog2\/wp-json\/wp\/v2\/posts\/10747\/revisions\/16774"}],"wp:attachment":[{"href":"https:\/\/fabregaspere.com\/blog2\/wp-json\/wp\/v2\/media?parent=10747"}],"wp:term":[{"taxonomy":"category","embeddable":true,"href":"https:\/\/fabregaspere.com\/blog2\/wp-json\/wp\/v2\/categories?post=10747"},{"taxonomy":"post_tag","embeddable":true,"href":"https:\/\/fabregaspere.com\/blog2\/wp-json\/wp\/v2\/tags?post=10747"}],"curies":[{"name":"wp","href":"https:\/\/api.w.org\/{rel}","templated":true}]}}