{"id":10752,"date":"2023-02-09T12:20:43","date_gmt":"2023-02-09T11:20:43","guid":{"rendered":"https:\/\/fabregaspere.com\/blog2\/?p=10752"},"modified":"2025-09-10T11:00:49","modified_gmt":"2025-09-10T09:00:49","slug":"article-revista-una-fabrica-del-ram-de-laigua-el-tint-de-can-fabregas-barcelona-1854-1966","status":"publish","type":"post","link":"https:\/\/fabregaspere.com\/blog2\/2023\/02\/09\/article-revista-una-fabrica-del-ram-de-laigua-el-tint-de-can-fabregas-barcelona-1854-1966\/","title":{"rendered":"[ARTICLE REVISTA] Una f\u00e0brica del ram de l&#8217;aigua: el tint de Can F\u00e0bregas (Barcelona, 1854-1966) [2023.02.09]"},"content":{"rendered":"<p style=\"text-align: left;\"><span style=\"font-family: verdana, geneva, sans-serif; font-size: 14px;\"><strong><span style=\"text-decoration: underline;\"><a href=\"https:\/\/fabregaspere.com\/blog2\/wp-content\/uploads\/2023\/09\/2023.02.09-AMCTAIC.PF_.88.Can-Fabregas.jpg\"><img loading=\"lazy\" decoding=\"async\" class=\"alignleft\" src=\"https:\/\/fabregaspere.com\/blog2\/wp-content\/uploads\/2023\/09\/2023.02.09-AMCTAIC.PF_.88.Can-Fabregas.jpg\" alt=\"\" width=\"250\" height=\"353\" \/><\/a><\/span><\/strong><\/span><strong style=\"font-family: verdana, geneva, sans-serif; font-size: 14px;\"><span style=\"text-decoration: underline;\">Ind\u00fastria T\u00e8xtil [2023.02.09]<\/span><\/strong><\/p>\n<p style=\"text-align: left;\"><span style=\"font-family: verdana, geneva, sans-serif; font-size: 14px;\"><strong>F\u00c0BREGAS, Pere-A. (2023): \u00abUna f\u00e0brica del ram de l&#8217;aigua: el tint de Can F\u00e0bregas (Barcelona, 1854-1966)\u00bb<\/strong><\/span><\/p>\n<p style=\"text-align: justify; padding-left: 280px;\"><span style=\"font-family: verdana, geneva, sans-serif; font-size: 14px;\"><strong>a Associaci\u00f3 del Museu de la Ci\u00e8ncia i de la T\u00e8cnica i d\u2019Arqueologia Industrial de Catalunya [AMCTAIC]: <em>Butllet\u00ed d\u2019Arqueologia Industrial i de Museus de Ci\u00e8ncia i T\u00e8cnica,\u00a0<\/em>n 88 <a href=\"https:\/\/fabregaspere.com\/blog2\/wp-content\/uploads\/2023\/09\/2023.02.09.AMCTAIC.PF_.88.Can-Fabregas.pdf\">(2023),<\/a> pp. 8\/11<\/strong><\/span><\/p>\n<p style=\"padding-left: 280px;\"><span style=\"font-family: verdana, geneva, sans-serif; font-size: 14px;\"><a href=\"https:\/\/fabregaspere.com\/blog2\/wp-content\/uploads\/2023\/09\/AMCTAIC.-Butlleti-86.2022.03.art_.PF_.pdf\"><span style=\"text-decoration: underline;\"><strong>Descarregar PDF<\/strong><\/span><\/a><\/span><\/p>\n","protected":false},"excerpt":{"rendered":"<p>Ind\u00fastria T\u00e8xtil [2023.02.09] F\u00c0BREGAS, Pere-A. (2023): \u00abUna f\u00e0brica del ram de l&#8217;aigua: el tint de Can F\u00e0bregas (Barcelona, 1854-1966)\u00bb a Associaci\u00f3 del Museu de la Ci\u00e8ncia i de la T\u00e8cnica i d\u2019Arqueologia Industrial de Catalunya [AMCTAIC]: Butllet\u00ed d\u2019Arqueologia Industrial i de Museus de Ci\u00e8ncia i T\u00e8cnica,\u00a0n 88 (2023), pp. 8\/11 Descarregar PDF<\/p>\n","protected":false},"author":3,"featured_media":0,"comment_status":"open","ping_status":"open","sticky":false,"template":"","format":"aside","meta":{"footnotes":""},"categories":[11,159,138],"tags":[50],"class_list":["post-10752","post","type-post","status-publish","format-aside","hentry","category-08-articulo-revista","category-30-industria-textil","category-01-catalan","tag-barcelona","post_format-post-format-aside"],"rttpg_featured_image_url":null,"rttpg_author":{"display_name":"Pere-A. F\u00e0bregas","author_link":"https:\/\/fabregaspere.com\/blog2\/author\/fabregaspere2\/"},"rttpg_comment":0,"rttpg_category":"<a href=\"https:\/\/fabregaspere.com\/blog2\/category\/tipos\/08-articulo-revista\/\" rel=\"category tag\">a08. Art\u00edculo revista<\/a> <a href=\"https:\/\/fabregaspere.com\/blog2\/category\/temas\/30-industria-textil\/\" rel=\"category tag\">b30. Industria textil<\/a> <a href=\"https:\/\/fabregaspere.com\/blog2\/category\/idiomas\/01-catalan\/\" rel=\"category tag\">c01. Catal\u00e1n<\/a>","rttpg_excerpt":"Ind\u00fastria T\u00e8xtil [2023.02.09] F\u00c0BREGAS, Pere-A. (2023): \u00abUna f\u00e0brica del ram de l&#8217;aigua: el tint de Can F\u00e0bregas (Barcelona, 1854-1966)\u00bb a Associaci\u00f3 del Museu de la Ci\u00e8ncia i de la T\u00e8cnica i d\u2019Arqueologia Industrial de Catalunya [AMCTAIC]: Butllet\u00ed d\u2019Arqueologia Industrial i de Museus de Ci\u00e8ncia i T\u00e8cnica,\u00a0n 88 (2023), pp. 8\/11 Descarregar PDF","_links":{"self":[{"href":"https:\/\/fabregaspere.com\/blog2\/wp-json\/wp\/v2\/posts\/10752","targetHints":{"allow":["GET"]}}],"collection":[{"href":"https:\/\/fabregaspere.com\/blog2\/wp-json\/wp\/v2\/posts"}],"about":[{"href":"https:\/\/fabregaspere.com\/blog2\/wp-json\/wp\/v2\/types\/post"}],"author":[{"embeddable":true,"href":"https:\/\/fabregaspere.com\/blog2\/wp-json\/wp\/v2\/users\/3"}],"replies":[{"embeddable":true,"href":"https:\/\/fabregaspere.com\/blog2\/wp-json\/wp\/v2\/comments?post=10752"}],"version-history":[{"count":8,"href":"https:\/\/fabregaspere.com\/blog2\/wp-json\/wp\/v2\/posts\/10752\/revisions"}],"predecessor-version":[{"id":16776,"href":"https:\/\/fabregaspere.com\/blog2\/wp-json\/wp\/v2\/posts\/10752\/revisions\/16776"}],"wp:attachment":[{"href":"https:\/\/fabregaspere.com\/blog2\/wp-json\/wp\/v2\/media?parent=10752"}],"wp:term":[{"taxonomy":"category","embeddable":true,"href":"https:\/\/fabregaspere.com\/blog2\/wp-json\/wp\/v2\/categories?post=10752"},{"taxonomy":"post_tag","embeddable":true,"href":"https:\/\/fabregaspere.com\/blog2\/wp-json\/wp\/v2\/tags?post=10752"}],"curies":[{"name":"wp","href":"https:\/\/api.w.org\/{rel}","templated":true}]}}