{"id":1079,"date":"2011-05-19T17:03:55","date_gmt":"2011-05-19T15:03:55","guid":{"rendered":"http:\/\/fabregaspere.com\/blog2\/?p=1079"},"modified":"2024-07-19T17:16:06","modified_gmt":"2024-07-19T15:16:06","slug":"publicaciones-trayectoria-personal-energia-y-medio-ambiente","status":"publish","type":"post","link":"https:\/\/fabregaspere.com\/blog2\/2011\/05\/19\/publicaciones-trayectoria-personal-energia-y-medio-ambiente\/","title":{"rendered":"[PONENCIA] Trayectoria personal, energ\u00eda y medio ambiente [Monterols] [2011.05.19]"},"content":{"rendered":"<p><span style=\"text-decoration: underline;\"><span style=\"font-family: verdana, geneva, sans-serif; font-size: 14px;\"><strong><a href=\"https:\/\/fabregaspere.com\/blog2\/wp-content\/uploads\/2014\/09\/2011.05.19.Col_.legi-Major-Monterols.Xerrada.jpg\"><img loading=\"lazy\" decoding=\"async\" class=\"alignleft wp-image-1080 size-medium\" src=\"https:\/\/fabregaspere.com\/blog2\/wp-content\/uploads\/2014\/09\/2011.05.19.Col_.legi-Major-Monterols.Xerrada-210x300.jpg\" alt=\"\" width=\"210\" height=\"300\" srcset=\"https:\/\/fabregaspere.com\/blog2\/wp-content\/uploads\/2014\/09\/2011.05.19.Col_.legi-Major-Monterols.Xerrada-210x300.jpg 210w, https:\/\/fabregaspere.com\/blog2\/wp-content\/uploads\/2014\/09\/2011.05.19.Col_.legi-Major-Monterols.Xerrada-716x1024.jpg 716w, https:\/\/fabregaspere.com\/blog2\/wp-content\/uploads\/2014\/09\/2011.05.19.Col_.legi-Major-Monterols.Xerrada.jpg 868w\" sizes=\"auto, (max-width: 210px) 100vw, 210px\" \/><\/a><\/strong><\/span><\/span><\/p>\n<p><span style=\"text-decoration: underline;\"><span style=\"font-family: verdana, geneva, sans-serif; font-size: 14px;\"><strong>Sector Energ\u00eda [2011.05.19]<\/strong><\/span><\/span><\/p>\n<p><span style=\"font-family: verdana, geneva, sans-serif; font-size: 14px;\"><strong>F\u00c0BREGAS, Pere-A. (2011): <em>Trayectoria personal, energ\u00eda y medio ambiente<\/em><\/strong><\/span><\/p>\n<p><span style=\"font-family: verdana, geneva, sans-serif; font-size: 14px;\"><strong>Tertulias Culturales<\/strong><\/span><\/p>\n<p><span style=\"font-family: verdana, geneva, sans-serif; font-size: 14px;\"><strong>Monterols. Col.legi Major Universitari<\/strong><\/span><\/p>\n","protected":false},"excerpt":{"rendered":"<p>Sector Energ\u00eda [2011.05.19] F\u00c0BREGAS, Pere-A. (2011): Trayectoria personal, energ\u00eda y medio ambiente Tertulias Culturales Monterols. Col.legi Major Universitari<\/p>\n","protected":false},"author":3,"featured_media":0,"comment_status":"closed","ping_status":"open","sticky":false,"template":"","format":"aside","meta":{"footnotes":""},"categories":[20,37,139],"tags":[50],"class_list":["post-1079","post","type-post","status-publish","format-aside","hentry","category-17-ponencia","category-01-sector-energia","category-02-espanol","tag-barcelona","post_format-post-format-aside"],"rttpg_featured_image_url":null,"rttpg_author":{"display_name":"Pere-A. F\u00e0bregas","author_link":"https:\/\/fabregaspere.com\/blog2\/author\/fabregaspere2\/"},"rttpg_comment":0,"rttpg_category":"<a href=\"https:\/\/fabregaspere.com\/blog2\/category\/tipos\/17-ponencia\/\" rel=\"category tag\">a17. Ponencia<\/a> <a href=\"https:\/\/fabregaspere.com\/blog2\/category\/temas\/01-sector-energia\/\" rel=\"category tag\">b01. Sector Energ\u00eda<\/a> <a href=\"https:\/\/fabregaspere.com\/blog2\/category\/idiomas\/02-espanol\/\" rel=\"category tag\">c02. Espa\u00f1ol<\/a>","rttpg_excerpt":"Sector Energ\u00eda [2011.05.19] F\u00c0BREGAS, Pere-A. (2011): Trayectoria personal, energ\u00eda y medio ambiente Tertulias Culturales Monterols. Col.legi Major Universitari","_links":{"self":[{"href":"https:\/\/fabregaspere.com\/blog2\/wp-json\/wp\/v2\/posts\/1079","targetHints":{"allow":["GET"]}}],"collection":[{"href":"https:\/\/fabregaspere.com\/blog2\/wp-json\/wp\/v2\/posts"}],"about":[{"href":"https:\/\/fabregaspere.com\/blog2\/wp-json\/wp\/v2\/types\/post"}],"author":[{"embeddable":true,"href":"https:\/\/fabregaspere.com\/blog2\/wp-json\/wp\/v2\/users\/3"}],"replies":[{"embeddable":true,"href":"https:\/\/fabregaspere.com\/blog2\/wp-json\/wp\/v2\/comments?post=1079"}],"version-history":[{"count":5,"href":"https:\/\/fabregaspere.com\/blog2\/wp-json\/wp\/v2\/posts\/1079\/revisions"}],"predecessor-version":[{"id":12191,"href":"https:\/\/fabregaspere.com\/blog2\/wp-json\/wp\/v2\/posts\/1079\/revisions\/12191"}],"wp:attachment":[{"href":"https:\/\/fabregaspere.com\/blog2\/wp-json\/wp\/v2\/media?parent=1079"}],"wp:term":[{"taxonomy":"category","embeddable":true,"href":"https:\/\/fabregaspere.com\/blog2\/wp-json\/wp\/v2\/categories?post=1079"},{"taxonomy":"post_tag","embeddable":true,"href":"https:\/\/fabregaspere.com\/blog2\/wp-json\/wp\/v2\/tags?post=1079"}],"curies":[{"name":"wp","href":"https:\/\/api.w.org\/{rel}","templated":true}]}}