{"id":12344,"date":"2018-03-07T01:00:18","date_gmt":"2018-03-07T00:00:18","guid":{"rendered":"https:\/\/fabregaspere.com\/blog2\/?p=12344"},"modified":"2024-07-21T11:34:06","modified_gmt":"2024-07-21T09:34:06","slug":"ponencia-de-quan-la-catalana-de-gas-era-una-empresa-electrica-1890-1930-2018-03-07","status":"publish","type":"post","link":"https:\/\/fabregaspere.com\/blog2\/2018\/03\/07\/ponencia-de-quan-la-catalana-de-gas-era-una-empresa-electrica-1890-1930-2018-03-07\/","title":{"rendered":"[PON\u00c8NCIA] De quan la Catalana de Gas era una empresa el\u00e8ctrica (1890-1930) [2018.03.07]"},"content":{"rendered":"<p>&nbsp;<\/p>\n<p><span style=\"text-decoration: underline;\"><span style=\"font-family: verdana, geneva, sans-serif; font-size: 14px;\"><strong><a href=\"https:\/\/fabregaspere.com\/blog2\/wp-content\/uploads\/2024\/07\/2018.03.07.Emerits.CGE-empresa-electrica-scaled.jpg\"><img loading=\"lazy\" decoding=\"async\" class=\"alignnone wp-image-12346 size-full\" src=\"https:\/\/fabregaspere.com\/blog2\/wp-content\/uploads\/2024\/07\/2018.03.07.Emerits.CGE-empresa-electrica-scaled.jpg\" alt=\"\" width=\"2560\" height=\"1818\" srcset=\"https:\/\/fabregaspere.com\/blog2\/wp-content\/uploads\/2024\/07\/2018.03.07.Emerits.CGE-empresa-electrica-scaled.jpg 2560w, https:\/\/fabregaspere.com\/blog2\/wp-content\/uploads\/2024\/07\/2018.03.07.Emerits.CGE-empresa-electrica-300x213.jpg 300w, https:\/\/fabregaspere.com\/blog2\/wp-content\/uploads\/2024\/07\/2018.03.07.Emerits.CGE-empresa-electrica-1024x727.jpg 1024w, https:\/\/fabregaspere.com\/blog2\/wp-content\/uploads\/2024\/07\/2018.03.07.Emerits.CGE-empresa-electrica-150x106.jpg 150w, https:\/\/fabregaspere.com\/blog2\/wp-content\/uploads\/2024\/07\/2018.03.07.Emerits.CGE-empresa-electrica-768x545.jpg 768w, https:\/\/fabregaspere.com\/blog2\/wp-content\/uploads\/2024\/07\/2018.03.07.Emerits.CGE-empresa-electrica-1536x1091.jpg 1536w, https:\/\/fabregaspere.com\/blog2\/wp-content\/uploads\/2024\/07\/2018.03.07.Emerits.CGE-empresa-electrica-2048x1454.jpg 2048w\" sizes=\"auto, (max-width: 2560px) 100vw, 2560px\" \/><\/a><\/strong><\/span><\/span><\/p>\n<p><span style=\"text-decoration: underline;\"><span style=\"font-family: verdana, geneva, sans-serif; font-size: 14px;\"><strong>Hist\u00f2ria gas [2018.03.07]<\/strong><\/span><\/span><\/p>\n<p><span style=\"font-family: verdana, geneva, sans-serif; font-size: 14px;\"><strong>F\u00c0BREGAS, Pere-A. (2018): <em>De quan la Catalana de Gas era una empresa el\u00e8ctrica (1890-1930)<\/em><\/strong><\/span><\/p>\n<p><span style=\"font-family: verdana, geneva, sans-serif; font-size: 14px;\"><strong>Presentaci\u00f3 \u2018Emerits Catalana de Gas\u2019<\/strong><\/span><\/p>\n<p><span style=\"font-family: verdana, geneva, sans-serif; font-size: 14px;\"><strong>Col.legi d\u2019Enginyers Industrials de Catalunya. Barcelona<\/strong><\/span><\/p>\n<p><span style=\"font-family: verdana, geneva, sans-serif; font-size: 14px;\"><strong><a href=\"https:\/\/fabregaspere.com\/blog2\/wp-content\/uploads\/2024\/07\/2018.03.07.Emerits.CGE-empresa-electrica.pdf\" target=\"_blank\" rel=\"noopener\">Descarregar PDF<\/a><\/strong><\/span><\/p>\n","protected":false},"excerpt":{"rendered":"<p>&nbsp; Hist\u00f2ria gas [2018.03.07] F\u00c0BREGAS, Pere-A. (2018): De quan la Catalana de Gas era una empresa el\u00e8ctrica (1890-1930) Presentaci\u00f3 \u2018Emerits Catalana de Gas\u2019 Col.legi d\u2019Enginyers Industrials de Catalunya. Barcelona Descarregar PDF<\/p>\n","protected":false},"author":3,"featured_media":0,"comment_status":"closed","ping_status":"open","sticky":false,"template":"","format":"aside","meta":{"footnotes":""},"categories":[20,33,138],"tags":[50],"class_list":["post-12344","post","type-post","status-publish","format-aside","hentry","category-17-ponencia","category-09-historia-gas","category-01-catalan","tag-barcelona","post_format-post-format-aside"],"rttpg_featured_image_url":null,"rttpg_author":{"display_name":"Pere-A. F\u00e0bregas","author_link":"https:\/\/fabregaspere.com\/blog2\/author\/fabregaspere2\/"},"rttpg_comment":0,"rttpg_category":"<a href=\"https:\/\/fabregaspere.com\/blog2\/category\/tipos\/17-ponencia\/\" rel=\"category tag\">a17. Ponencia<\/a> <a href=\"https:\/\/fabregaspere.com\/blog2\/category\/temas\/09-historia-gas\/\" rel=\"category tag\">b09. Historia Gas<\/a> <a href=\"https:\/\/fabregaspere.com\/blog2\/category\/idiomas\/01-catalan\/\" rel=\"category tag\">c01. Catal\u00e1n<\/a>","rttpg_excerpt":"&nbsp; Hist\u00f2ria gas [2018.03.07] F\u00c0BREGAS, Pere-A. (2018): De quan la Catalana de Gas era una empresa el\u00e8ctrica (1890-1930) Presentaci\u00f3 \u2018Emerits Catalana de Gas\u2019 Col.legi d\u2019Enginyers Industrials de Catalunya. Barcelona Descarregar PDF","_links":{"self":[{"href":"https:\/\/fabregaspere.com\/blog2\/wp-json\/wp\/v2\/posts\/12344","targetHints":{"allow":["GET"]}}],"collection":[{"href":"https:\/\/fabregaspere.com\/blog2\/wp-json\/wp\/v2\/posts"}],"about":[{"href":"https:\/\/fabregaspere.com\/blog2\/wp-json\/wp\/v2\/types\/post"}],"author":[{"embeddable":true,"href":"https:\/\/fabregaspere.com\/blog2\/wp-json\/wp\/v2\/users\/3"}],"replies":[{"embeddable":true,"href":"https:\/\/fabregaspere.com\/blog2\/wp-json\/wp\/v2\/comments?post=12344"}],"version-history":[{"count":2,"href":"https:\/\/fabregaspere.com\/blog2\/wp-json\/wp\/v2\/posts\/12344\/revisions"}],"predecessor-version":[{"id":12348,"href":"https:\/\/fabregaspere.com\/blog2\/wp-json\/wp\/v2\/posts\/12344\/revisions\/12348"}],"wp:attachment":[{"href":"https:\/\/fabregaspere.com\/blog2\/wp-json\/wp\/v2\/media?parent=12344"}],"wp:term":[{"taxonomy":"category","embeddable":true,"href":"https:\/\/fabregaspere.com\/blog2\/wp-json\/wp\/v2\/categories?post=12344"},{"taxonomy":"post_tag","embeddable":true,"href":"https:\/\/fabregaspere.com\/blog2\/wp-json\/wp\/v2\/tags?post=12344"}],"curies":[{"name":"wp","href":"https:\/\/api.w.org\/{rel}","templated":true}]}}