{"id":12349,"date":"2018-07-28T11:45:43","date_gmt":"2018-07-28T09:45:43","guid":{"rendered":"https:\/\/fabregaspere.com\/blog2\/?p=12349"},"modified":"2024-07-21T11:48:14","modified_gmt":"2024-07-21T09:48:14","slug":"ponencia-cge-y-la-decision-de-construir-la-central-de-seira-posicionamiento-estrategico-en-la-lucha-por-la-competitividad-2018-07-28","status":"publish","type":"post","link":"https:\/\/fabregaspere.com\/blog2\/2018\/07\/28\/ponencia-cge-y-la-decision-de-construir-la-central-de-seira-posicionamiento-estrategico-en-la-lucha-por-la-competitividad-2018-07-28\/","title":{"rendered":"[PONENCIA] CGE y la decisi\u00f3n de construir la Central de Seira: Posicionamiento estrat\u00e9gico en la lucha por la competitividad [2018.07.28]"},"content":{"rendered":"<p><span style=\"text-decoration: underline;\"><span style=\"font-family: verdana, geneva, sans-serif; font-size: 14px;\"><strong><a href=\"https:\/\/fabregaspere.com\/blog2\/wp-content\/uploads\/2024\/07\/2018.07.28.Seira_.Centenario-Central-scaled.jpg\"><img loading=\"lazy\" decoding=\"async\" class=\"alignnone wp-image-12350 size-full\" src=\"https:\/\/fabregaspere.com\/blog2\/wp-content\/uploads\/2024\/07\/2018.07.28.Seira_.Centenario-Central-scaled.jpg\" alt=\"\" width=\"2560\" height=\"1818\" srcset=\"https:\/\/fabregaspere.com\/blog2\/wp-content\/uploads\/2024\/07\/2018.07.28.Seira_.Centenario-Central-scaled.jpg 2560w, https:\/\/fabregaspere.com\/blog2\/wp-content\/uploads\/2024\/07\/2018.07.28.Seira_.Centenario-Central-300x213.jpg 300w, https:\/\/fabregaspere.com\/blog2\/wp-content\/uploads\/2024\/07\/2018.07.28.Seira_.Centenario-Central-1024x727.jpg 1024w, https:\/\/fabregaspere.com\/blog2\/wp-content\/uploads\/2024\/07\/2018.07.28.Seira_.Centenario-Central-150x106.jpg 150w, https:\/\/fabregaspere.com\/blog2\/wp-content\/uploads\/2024\/07\/2018.07.28.Seira_.Centenario-Central-768x545.jpg 768w, https:\/\/fabregaspere.com\/blog2\/wp-content\/uploads\/2024\/07\/2018.07.28.Seira_.Centenario-Central-1536x1091.jpg 1536w, https:\/\/fabregaspere.com\/blog2\/wp-content\/uploads\/2024\/07\/2018.07.28.Seira_.Centenario-Central-2048x1454.jpg 2048w\" sizes=\"auto, (max-width: 2560px) 100vw, 2560px\" \/><\/a><\/strong><\/span><\/span><\/p>\n<p><span style=\"text-decoration: underline;\"><span style=\"font-family: verdana, geneva, sans-serif; font-size: 14px;\"><strong>Historia Gas [2018.07.28]<\/strong><\/span><\/span><\/p>\n<p><span style=\"font-family: verdana, geneva, sans-serif; font-size: 14px;\"><strong>F\u00c0BREGAS, Pere-A. (2018): <em>CGE y la decisi\u00f3n de construir la Central de Seira: Posicionamiento estrat\u00e9gico en la lucha por la competitividad<\/em><\/strong><\/span><\/p>\n<p><span style=\"font-family: verdana, geneva, sans-serif; font-size: 14px;\"><strong>Centenario de la Central Hidroel\u00e9ctrica de Seira (1918\/2018)<\/strong><\/span><\/p>\n<p><span style=\"font-family: verdana, geneva, sans-serif; font-size: 14px;\"><strong>Asociaci\u00f3n Amigos de Seira \/ Ayuntamiento Seira<\/strong><\/span><\/p>\n<p><span style=\"font-family: verdana, geneva, sans-serif; font-size: 14px;\"><strong><a href=\"https:\/\/fabregaspere.com\/blog2\/wp-content\/uploads\/2024\/07\/2018.07.28.Seira_.Centenario-Central.pdf\" target=\"_blank\" rel=\"noopener\">Descargar PDF<\/a><\/strong><\/span><\/p>\n","protected":false},"excerpt":{"rendered":"<p>Historia Gas [2018.07.28] F\u00c0BREGAS, Pere-A. (2018): CGE y la decisi\u00f3n de construir la Central de Seira: Posicionamiento estrat\u00e9gico en la lucha por la competitividad Centenario de la Central Hidroel\u00e9ctrica de Seira (1918\/2018) Asociaci\u00f3n Amigos de Seira \/ Ayuntamiento Seira Descargar PDF<\/p>\n","protected":false},"author":3,"featured_media":0,"comment_status":"closed","ping_status":"open","sticky":false,"template":"","format":"aside","meta":{"footnotes":""},"categories":[20,33,139],"tags":[171],"class_list":["post-12349","post","type-post","status-publish","format-aside","hentry","category-17-ponencia","category-09-historia-gas","category-02-espanol","tag-seira","post_format-post-format-aside"],"rttpg_featured_image_url":null,"rttpg_author":{"display_name":"Pere-A. F\u00e0bregas","author_link":"https:\/\/fabregaspere.com\/blog2\/author\/fabregaspere2\/"},"rttpg_comment":0,"rttpg_category":"<a href=\"https:\/\/fabregaspere.com\/blog2\/category\/tipos\/17-ponencia\/\" rel=\"category tag\">a17. Ponencia<\/a> <a href=\"https:\/\/fabregaspere.com\/blog2\/category\/temas\/09-historia-gas\/\" rel=\"category tag\">b09. Historia Gas<\/a> <a href=\"https:\/\/fabregaspere.com\/blog2\/category\/idiomas\/02-espanol\/\" rel=\"category tag\">c02. Espa\u00f1ol<\/a>","rttpg_excerpt":"Historia Gas [2018.07.28] F\u00c0BREGAS, Pere-A. (2018): CGE y la decisi\u00f3n de construir la Central de Seira: Posicionamiento estrat\u00e9gico en la lucha por la competitividad Centenario de la Central Hidroel\u00e9ctrica de Seira (1918\/2018) Asociaci\u00f3n Amigos de Seira \/ Ayuntamiento Seira Descargar PDF","_links":{"self":[{"href":"https:\/\/fabregaspere.com\/blog2\/wp-json\/wp\/v2\/posts\/12349","targetHints":{"allow":["GET"]}}],"collection":[{"href":"https:\/\/fabregaspere.com\/blog2\/wp-json\/wp\/v2\/posts"}],"about":[{"href":"https:\/\/fabregaspere.com\/blog2\/wp-json\/wp\/v2\/types\/post"}],"author":[{"embeddable":true,"href":"https:\/\/fabregaspere.com\/blog2\/wp-json\/wp\/v2\/users\/3"}],"replies":[{"embeddable":true,"href":"https:\/\/fabregaspere.com\/blog2\/wp-json\/wp\/v2\/comments?post=12349"}],"version-history":[{"count":1,"href":"https:\/\/fabregaspere.com\/blog2\/wp-json\/wp\/v2\/posts\/12349\/revisions"}],"predecessor-version":[{"id":12352,"href":"https:\/\/fabregaspere.com\/blog2\/wp-json\/wp\/v2\/posts\/12349\/revisions\/12352"}],"wp:attachment":[{"href":"https:\/\/fabregaspere.com\/blog2\/wp-json\/wp\/v2\/media?parent=12349"}],"wp:term":[{"taxonomy":"category","embeddable":true,"href":"https:\/\/fabregaspere.com\/blog2\/wp-json\/wp\/v2\/categories?post=12349"},{"taxonomy":"post_tag","embeddable":true,"href":"https:\/\/fabregaspere.com\/blog2\/wp-json\/wp\/v2\/tags?post=12349"}],"curies":[{"name":"wp","href":"https:\/\/api.w.org\/{rel}","templated":true}]}}