{"id":12366,"date":"2019-04-10T01:00:37","date_gmt":"2019-04-09T23:00:37","guid":{"rendered":"https:\/\/fabregaspere.com\/blog2\/?p=12366"},"modified":"2024-08-27T13:55:26","modified_gmt":"2024-08-27T11:55:26","slug":"ponencia-la-transparencia-y-el-buen-gobierno-en-las-fundaciones-de-cataluna-2019-04-10","status":"publish","type":"post","link":"https:\/\/fabregaspere.com\/blog2\/2019\/04\/10\/ponencia-la-transparencia-y-el-buen-gobierno-en-las-fundaciones-de-cataluna-2019-04-10\/","title":{"rendered":"[PONENCIA] La transparencia y el buen gobierno en las fundaciones de Catalu\u00f1a [2019.04.10]"},"content":{"rendered":"<p>&nbsp;<\/p>\n<p><span style=\"text-decoration: underline;\"><span style=\"font-family: verdana, geneva, sans-serif; font-size: 14px;\"><strong><a href=\"https:\/\/fabregaspere.com\/blog2\/wp-content\/uploads\/2024\/07\/2019.04.10.CCF_.Perez-Llorca.-Conf.PF_-scaled.jpg\"><img loading=\"lazy\" decoding=\"async\" class=\"alignnone wp-image-12367 size-full\" src=\"https:\/\/fabregaspere.com\/blog2\/wp-content\/uploads\/2024\/07\/2019.04.10.CCF_.Perez-Llorca.-Conf.PF_-scaled.jpg\" alt=\"\" width=\"2560\" height=\"1610\" srcset=\"https:\/\/fabregaspere.com\/blog2\/wp-content\/uploads\/2024\/07\/2019.04.10.CCF_.Perez-Llorca.-Conf.PF_-scaled.jpg 2560w, https:\/\/fabregaspere.com\/blog2\/wp-content\/uploads\/2024\/07\/2019.04.10.CCF_.Perez-Llorca.-Conf.PF_-300x189.jpg 300w, https:\/\/fabregaspere.com\/blog2\/wp-content\/uploads\/2024\/07\/2019.04.10.CCF_.Perez-Llorca.-Conf.PF_-1024x644.jpg 1024w, https:\/\/fabregaspere.com\/blog2\/wp-content\/uploads\/2024\/07\/2019.04.10.CCF_.Perez-Llorca.-Conf.PF_-150x94.jpg 150w, https:\/\/fabregaspere.com\/blog2\/wp-content\/uploads\/2024\/07\/2019.04.10.CCF_.Perez-Llorca.-Conf.PF_-768x483.jpg 768w, https:\/\/fabregaspere.com\/blog2\/wp-content\/uploads\/2024\/07\/2019.04.10.CCF_.Perez-Llorca.-Conf.PF_-1536x966.jpg 1536w, https:\/\/fabregaspere.com\/blog2\/wp-content\/uploads\/2024\/07\/2019.04.10.CCF_.Perez-Llorca.-Conf.PF_-2048x1288.jpg 2048w\" sizes=\"auto, (max-width: 2560px) 100vw, 2560px\" \/><\/a><\/strong><\/span><\/span><\/p>\n<p><span style=\"text-decoration: underline;\"><span style=\"font-family: verdana, geneva, sans-serif; font-size: 14px;\"><strong>Fundaciones [2019.04.10]<\/strong><\/span><\/span><\/p>\n<p><span style=\"font-family: verdana, geneva, sans-serif; font-size: 14px;\"><strong>F\u00c0BREGAS, Pere-A. (2019): <em>La transparencia y el buen gobierno en las fundaciones de Catalu\u00f1a<\/em><\/strong><\/span><\/p>\n<p><span style=\"font-family: verdana, geneva, sans-serif; font-size: 14px;\"><strong>FUNDACIONES: Caminando hacia pr\u00e1cticas de buen gobierno sostenibles.<\/strong><\/span><\/p>\n<p><span style=\"font-family: verdana, geneva, sans-serif; font-size: 14px;\"><strong>An\u00e1lisis de una d\u00e9cada de transparencia. La experiencia de las fundaciones de Catalunya<\/strong><\/span><\/p>\n<p><span style=\"font-family: verdana, geneva, sans-serif; font-size: 14px;\"><strong>Bufete P\u00e9rez-Llorca<\/strong><\/span><br \/>\n<span style=\"font-family: verdana, geneva, sans-serif; font-size: 14px;\"><strong>[Oficina Barcelona &#8211; P\u00e9rez-Llorca &#8211; Diagonal 640]<\/strong><\/span><\/p>\n<p><span style=\"font-family: verdana, geneva, sans-serif; font-size: 14px;\"><strong><a href=\"https:\/\/fabregaspere.com\/blog2\/wp-content\/uploads\/2024\/07\/2019.04.10.CCF_.Perez-Llorca.-Conf.PF_.pdf\" target=\"_blank\" rel=\"noopener\">Descargar PDF<\/a><\/strong><\/span><\/p>\n","protected":false},"excerpt":{"rendered":"<p>&nbsp; Fundaciones [2019.04.10] F\u00c0BREGAS, Pere-A. (2019): La transparencia y el buen gobierno en las fundaciones de Catalu\u00f1a FUNDACIONES: Caminando hacia pr\u00e1cticas de buen gobierno sostenibles. An\u00e1lisis de una d\u00e9cada de transparencia. La experiencia de las fundaciones de Catalunya Bufete P\u00e9rez-Llorca [Oficina Barcelona &#8211; P\u00e9rez-Llorca &#8211; Diagonal 640] Descargar PDF<\/p>\n","protected":false},"author":3,"featured_media":0,"comment_status":"open","ping_status":"open","sticky":false,"template":"","format":"aside","meta":{"footnotes":""},"categories":[20,34,139],"tags":[50],"class_list":["post-12366","post","type-post","status-publish","format-aside","hentry","category-17-ponencia","category-05-fundaciones","category-02-espanol","tag-barcelona","post_format-post-format-aside"],"rttpg_featured_image_url":null,"rttpg_author":{"display_name":"Pere-A. F\u00e0bregas","author_link":"https:\/\/fabregaspere.com\/blog2\/author\/fabregaspere2\/"},"rttpg_comment":0,"rttpg_category":"<a href=\"https:\/\/fabregaspere.com\/blog2\/category\/tipos\/17-ponencia\/\" rel=\"category tag\">a17. Ponencia<\/a> <a href=\"https:\/\/fabregaspere.com\/blog2\/category\/temas\/05-fundaciones\/\" rel=\"category tag\">b05. Fundaciones<\/a> <a href=\"https:\/\/fabregaspere.com\/blog2\/category\/idiomas\/02-espanol\/\" rel=\"category tag\">c02. Espa\u00f1ol<\/a>","rttpg_excerpt":"&nbsp; Fundaciones [2019.04.10] F\u00c0BREGAS, Pere-A. (2019): La transparencia y el buen gobierno en las fundaciones de Catalu\u00f1a FUNDACIONES: Caminando hacia pr\u00e1cticas de buen gobierno sostenibles. An\u00e1lisis de una d\u00e9cada de transparencia. La experiencia de las fundaciones de Catalunya Bufete P\u00e9rez-Llorca [Oficina Barcelona &#8211; P\u00e9rez-Llorca &#8211; Diagonal 640] Descargar PDF","_links":{"self":[{"href":"https:\/\/fabregaspere.com\/blog2\/wp-json\/wp\/v2\/posts\/12366","targetHints":{"allow":["GET"]}}],"collection":[{"href":"https:\/\/fabregaspere.com\/blog2\/wp-json\/wp\/v2\/posts"}],"about":[{"href":"https:\/\/fabregaspere.com\/blog2\/wp-json\/wp\/v2\/types\/post"}],"author":[{"embeddable":true,"href":"https:\/\/fabregaspere.com\/blog2\/wp-json\/wp\/v2\/users\/3"}],"replies":[{"embeddable":true,"href":"https:\/\/fabregaspere.com\/blog2\/wp-json\/wp\/v2\/comments?post=12366"}],"version-history":[{"count":3,"href":"https:\/\/fabregaspere.com\/blog2\/wp-json\/wp\/v2\/posts\/12366\/revisions"}],"predecessor-version":[{"id":14867,"href":"https:\/\/fabregaspere.com\/blog2\/wp-json\/wp\/v2\/posts\/12366\/revisions\/14867"}],"wp:attachment":[{"href":"https:\/\/fabregaspere.com\/blog2\/wp-json\/wp\/v2\/media?parent=12366"}],"wp:term":[{"taxonomy":"category","embeddable":true,"href":"https:\/\/fabregaspere.com\/blog2\/wp-json\/wp\/v2\/categories?post=12366"},{"taxonomy":"post_tag","embeddable":true,"href":"https:\/\/fabregaspere.com\/blog2\/wp-json\/wp\/v2\/tags?post=12366"}],"curies":[{"name":"wp","href":"https:\/\/api.w.org\/{rel}","templated":true}]}}