{"id":12429,"date":"2020-10-26T01:00:09","date_gmt":"2020-10-26T00:00:09","guid":{"rendered":"https:\/\/fabregaspere.com\/blog2\/?p=12429"},"modified":"2024-08-27T13:52:50","modified_gmt":"2024-08-27T11:52:50","slug":"ponencia-de-la-societat-catalana-per-lenllumenat-de-gas-a-naturgy-tot-passant-per-la-catalana-de-gas-i-electricitat-i-gas-natural-sdg-175-anys-dhistoria-duna-societat-industrial-1843-2018-2","status":"publish","type":"post","link":"https:\/\/fabregaspere.com\/blog2\/2020\/10\/26\/ponencia-de-la-societat-catalana-per-lenllumenat-de-gas-a-naturgy-tot-passant-per-la-catalana-de-gas-i-electricitat-i-gas-natural-sdg-175-anys-dhistoria-duna-societat-industrial-1843-2018-2\/","title":{"rendered":"[PON\u00c8NCIA] De camps fora muralla a centre de ciutat. 1000 anys d&#8217;hist\u00f2ria a la pla\u00e7a de Santa Anna [actual Portal de l&#8217;\u00c0ngel] [2020.10.26]"},"content":{"rendered":"<p>&nbsp;<\/p>\n<p><span style=\"text-decoration: underline;\"><span style=\"font-family: verdana, geneva, sans-serif; font-size: 14px;\"><strong><img loading=\"lazy\" decoding=\"async\" class=\"alignnone size-full wp-image-12433\" src=\"https:\/\/fabregaspere.com\/blog2\/wp-content\/uploads\/2020\/10\/2020.10.26.AMCTAIC.Forum-Patrimoni.Montsio.red_.jpg\" alt=\"\" width=\"1334\" height=\"750\" srcset=\"https:\/\/fabregaspere.com\/blog2\/wp-content\/uploads\/2020\/10\/2020.10.26.AMCTAIC.Forum-Patrimoni.Montsio.red_.jpg 1334w, https:\/\/fabregaspere.com\/blog2\/wp-content\/uploads\/2020\/10\/2020.10.26.AMCTAIC.Forum-Patrimoni.Montsio.red_-300x169.jpg 300w, https:\/\/fabregaspere.com\/blog2\/wp-content\/uploads\/2020\/10\/2020.10.26.AMCTAIC.Forum-Patrimoni.Montsio.red_-1024x576.jpg 1024w, https:\/\/fabregaspere.com\/blog2\/wp-content\/uploads\/2020\/10\/2020.10.26.AMCTAIC.Forum-Patrimoni.Montsio.red_-150x84.jpg 150w, https:\/\/fabregaspere.com\/blog2\/wp-content\/uploads\/2020\/10\/2020.10.26.AMCTAIC.Forum-Patrimoni.Montsio.red_-768x432.jpg 768w\" sizes=\"auto, (max-width: 1334px) 100vw, 1334px\" \/><\/strong><\/span><\/span><\/p>\n<p><span style=\"text-decoration: underline;\"><span style=\"font-family: verdana, geneva, sans-serif; font-size: 14px;\"><strong>Hist\u00f2ria Barcelona [2020.10.26]<\/strong><\/span><\/span><\/p>\n<p><span style=\"font-family: verdana, geneva, sans-serif; font-size: 14px;\"><strong>F\u00c0BREGAS, Pere-A. (2020): <em>De camps fora muralla a centre de ciutat. 1000 anys d&#8217;hist\u00f2ria a la pla\u00e7a de Santa Anna [actual Portal de l&#8217;\u00c0ngel]<\/em><\/strong><\/span><\/p>\n<p><span style=\"font-family: verdana, geneva, sans-serif; font-size: 14px;\"><strong>AMCTAIC. Associaci\u00f3 del Museu de la Ci\u00e8ncia i de la T\u00e8cnica i d\u2019Arqueologia Industrial de Catalunya.<\/strong><\/span><\/p>\n<p><span style=\"font-family: verdana, geneva, sans-serif; font-size: 14px;\"><strong>F\u00f2rum de Patrimoni Industrial, Barcelona, <\/strong><\/span><span style=\"font-family: verdana, geneva, sans-serif; font-size: 14px;\"><strong>[webinar]<\/strong><\/span><\/p>\n<p><span style=\"font-family: verdana, geneva, sans-serif; font-size: 14px;\"><strong><a href=\"https:\/\/fabregaspere.com\/blog2\/wp-content\/uploads\/2020\/10\/2020.10.26.AMCTAIC.Forum-Patrimoni.Montsio.red_.pdf\" target=\"_blank\" rel=\"noopener\">Descarregar PDF<\/a><\/strong><\/span><\/p>\n","protected":false},"excerpt":{"rendered":"<p>&nbsp; Hist\u00f2ria Barcelona [2020.10.26] F\u00c0BREGAS, Pere-A. (2020): De camps fora muralla a centre de ciutat. 1000 anys d&#8217;hist\u00f2ria a la pla\u00e7a de Santa Anna [actual Portal de l&#8217;\u00c0ngel] AMCTAIC. Associaci\u00f3 del Museu de la Ci\u00e8ncia i de la T\u00e8cnica i d\u2019Arqueologia Industrial de Catalunya. F\u00f2rum de Patrimoni Industrial, Barcelona, [webinar] Descarregar PDF<\/p>\n","protected":false},"author":3,"featured_media":0,"comment_status":"closed","ping_status":"open","sticky":false,"template":"","format":"aside","meta":{"footnotes":""},"categories":[20,173,138],"tags":[50],"class_list":["post-12429","post","type-post","status-publish","format-aside","hentry","category-17-ponencia","category-b31-historia-barcelona","category-01-catalan","tag-barcelona","post_format-post-format-aside"],"rttpg_featured_image_url":null,"rttpg_author":{"display_name":"Pere-A. F\u00e0bregas","author_link":"https:\/\/fabregaspere.com\/blog2\/author\/fabregaspere2\/"},"rttpg_comment":0,"rttpg_category":"<a href=\"https:\/\/fabregaspere.com\/blog2\/category\/tipos\/17-ponencia\/\" rel=\"category tag\">a17. Ponencia<\/a> <a href=\"https:\/\/fabregaspere.com\/blog2\/category\/temas\/b31-historia-barcelona\/\" rel=\"category tag\">b31. Historia Barcelona<\/a> <a href=\"https:\/\/fabregaspere.com\/blog2\/category\/idiomas\/01-catalan\/\" rel=\"category tag\">c01. Catal\u00e1n<\/a>","rttpg_excerpt":"&nbsp; Hist\u00f2ria Barcelona [2020.10.26] F\u00c0BREGAS, Pere-A. (2020): De camps fora muralla a centre de ciutat. 1000 anys d&#8217;hist\u00f2ria a la pla\u00e7a de Santa Anna [actual Portal de l&#8217;\u00c0ngel] AMCTAIC. Associaci\u00f3 del Museu de la Ci\u00e8ncia i de la T\u00e8cnica i d\u2019Arqueologia Industrial de Catalunya. F\u00f2rum de Patrimoni Industrial, Barcelona, [webinar] Descarregar PDF","_links":{"self":[{"href":"https:\/\/fabregaspere.com\/blog2\/wp-json\/wp\/v2\/posts\/12429","targetHints":{"allow":["GET"]}}],"collection":[{"href":"https:\/\/fabregaspere.com\/blog2\/wp-json\/wp\/v2\/posts"}],"about":[{"href":"https:\/\/fabregaspere.com\/blog2\/wp-json\/wp\/v2\/types\/post"}],"author":[{"embeddable":true,"href":"https:\/\/fabregaspere.com\/blog2\/wp-json\/wp\/v2\/users\/3"}],"replies":[{"embeddable":true,"href":"https:\/\/fabregaspere.com\/blog2\/wp-json\/wp\/v2\/comments?post=12429"}],"version-history":[{"count":4,"href":"https:\/\/fabregaspere.com\/blog2\/wp-json\/wp\/v2\/posts\/12429\/revisions"}],"predecessor-version":[{"id":14859,"href":"https:\/\/fabregaspere.com\/blog2\/wp-json\/wp\/v2\/posts\/12429\/revisions\/14859"}],"wp:attachment":[{"href":"https:\/\/fabregaspere.com\/blog2\/wp-json\/wp\/v2\/media?parent=12429"}],"wp:term":[{"taxonomy":"category","embeddable":true,"href":"https:\/\/fabregaspere.com\/blog2\/wp-json\/wp\/v2\/categories?post=12429"},{"taxonomy":"post_tag","embeddable":true,"href":"https:\/\/fabregaspere.com\/blog2\/wp-json\/wp\/v2\/tags?post=12429"}],"curies":[{"name":"wp","href":"https:\/\/api.w.org\/{rel}","templated":true}]}}