{"id":12443,"date":"2022-02-24T01:00:13","date_gmt":"2022-02-24T00:00:13","guid":{"rendered":"https:\/\/fabregaspere.com\/blog2\/?p=12443"},"modified":"2024-07-22T11:21:09","modified_gmt":"2024-07-22T09:21:09","slug":"ponencia-les-fundacions-a-catalunya-un-marc-estrategic-dactuacio-2022-02-24","status":"publish","type":"post","link":"https:\/\/fabregaspere.com\/blog2\/2022\/02\/24\/ponencia-les-fundacions-a-catalunya-un-marc-estrategic-dactuacio-2022-02-24\/","title":{"rendered":"[PON\u00c8NCIA] Les fundacions a Catalunya, un marc estrat\u00e8gic d&#8217;actuaci\u00f3 [2022.02.24]"},"content":{"rendered":"<p><span style=\"text-decoration: underline;\"><span style=\"font-family: verdana, geneva, sans-serif; font-size: 14px;\"><a href=\"https:\/\/fabregaspere.com\/blog2\/wp-content\/uploads\/2024\/07\/2022.02.24.Les-fundacions-a-Catalunya-un-marc-estrategic-dactuacions.jpg\"><img loading=\"lazy\" decoding=\"async\" class=\"alignnone wp-image-12446 size-full\" src=\"https:\/\/fabregaspere.com\/blog2\/wp-content\/uploads\/2024\/07\/2022.02.24.Les-fundacions-a-Catalunya-un-marc-estrategic-dactuacions.jpg\" alt=\"\" width=\"1824\" height=\"1368\" srcset=\"https:\/\/fabregaspere.com\/blog2\/wp-content\/uploads\/2024\/07\/2022.02.24.Les-fundacions-a-Catalunya-un-marc-estrategic-dactuacions.jpg 1824w, https:\/\/fabregaspere.com\/blog2\/wp-content\/uploads\/2024\/07\/2022.02.24.Les-fundacions-a-Catalunya-un-marc-estrategic-dactuacions-300x225.jpg 300w, https:\/\/fabregaspere.com\/blog2\/wp-content\/uploads\/2024\/07\/2022.02.24.Les-fundacions-a-Catalunya-un-marc-estrategic-dactuacions-1024x768.jpg 1024w, https:\/\/fabregaspere.com\/blog2\/wp-content\/uploads\/2024\/07\/2022.02.24.Les-fundacions-a-Catalunya-un-marc-estrategic-dactuacions-150x113.jpg 150w, https:\/\/fabregaspere.com\/blog2\/wp-content\/uploads\/2024\/07\/2022.02.24.Les-fundacions-a-Catalunya-un-marc-estrategic-dactuacions-768x576.jpg 768w, https:\/\/fabregaspere.com\/blog2\/wp-content\/uploads\/2024\/07\/2022.02.24.Les-fundacions-a-Catalunya-un-marc-estrategic-dactuacions-1536x1152.jpg 1536w\" sizes=\"auto, (max-width: 1824px) 100vw, 1824px\" \/><\/a><\/span><\/span><\/p>\n<p><span style=\"text-decoration: underline;\"><span style=\"font-family: verdana, geneva, sans-serif; font-size: 14px;\"><strong>Fundacions [2022.02.24]<\/strong><\/span><\/span><\/p>\n<p><span style=\"font-family: verdana, geneva, sans-serif; font-size: 14px;\"><strong>F\u00c0BREGAS, Pere-A. (2022): <em>Les fundacions a Catalunya, un marc estrat\u00e8gic d&#8217;actuaci\u00f3<\/em><\/strong><\/span><\/p>\n<p><span style=\"font-family: verdana, geneva, sans-serif; font-size: 14px;\"><strong>Sopar Tert\u00falia Claris &#8211; Infraestructures<\/strong><\/span><\/p>\n<p><span style=\"font-family: verdana, geneva, sans-serif; font-size: 14px;\"><strong>Amics UAB &#8211; An\u00e0lisi d&#8217;actualitat europea<\/strong><\/span><\/p>\n<p><span style=\"font-family: verdana, geneva, sans-serif; font-size: 14px;\"><strong>Hotel Claris. Barcelona<\/strong><\/span><\/p>\n<p><span style=\"font-family: verdana, geneva, sans-serif; font-size: 14px;\"><strong><a href=\"https:\/\/fabregaspere.com\/blog2\/wp-content\/uploads\/2024\/07\/2022.02.24.Les-fundacions-a-Catalunya-un-marc-estrategic-dactuacions.pdf\" target=\"_blank\" rel=\"noopener\">Descarregar PDF<\/a><\/strong><\/span><\/p>\n","protected":false},"excerpt":{"rendered":"<p>Fundacions [2022.02.24] F\u00c0BREGAS, Pere-A. (2022): Les fundacions a Catalunya, un marc estrat\u00e8gic d&#8217;actuaci\u00f3 Sopar Tert\u00falia Claris &#8211; Infraestructures Amics UAB &#8211; An\u00e0lisi d&#8217;actualitat europea Hotel Claris. Barcelona Descarregar PDF<\/p>\n","protected":false},"author":3,"featured_media":0,"comment_status":"open","ping_status":"open","sticky":false,"template":"","format":"aside","meta":{"footnotes":""},"categories":[20,34,138],"tags":[50],"class_list":["post-12443","post","type-post","status-publish","format-aside","hentry","category-17-ponencia","category-05-fundaciones","category-01-catalan","tag-barcelona","post_format-post-format-aside"],"rttpg_featured_image_url":null,"rttpg_author":{"display_name":"Pere-A. F\u00e0bregas","author_link":"https:\/\/fabregaspere.com\/blog2\/author\/fabregaspere2\/"},"rttpg_comment":0,"rttpg_category":"<a href=\"https:\/\/fabregaspere.com\/blog2\/category\/tipos\/17-ponencia\/\" rel=\"category tag\">a17. Ponencia<\/a> <a href=\"https:\/\/fabregaspere.com\/blog2\/category\/temas\/05-fundaciones\/\" rel=\"category tag\">b05. Fundaciones<\/a> <a href=\"https:\/\/fabregaspere.com\/blog2\/category\/idiomas\/01-catalan\/\" rel=\"category tag\">c01. Catal\u00e1n<\/a>","rttpg_excerpt":"Fundacions [2022.02.24] F\u00c0BREGAS, Pere-A. (2022): Les fundacions a Catalunya, un marc estrat\u00e8gic d&#8217;actuaci\u00f3 Sopar Tert\u00falia Claris &#8211; Infraestructures Amics UAB &#8211; An\u00e0lisi d&#8217;actualitat europea Hotel Claris. Barcelona Descarregar PDF","_links":{"self":[{"href":"https:\/\/fabregaspere.com\/blog2\/wp-json\/wp\/v2\/posts\/12443","targetHints":{"allow":["GET"]}}],"collection":[{"href":"https:\/\/fabregaspere.com\/blog2\/wp-json\/wp\/v2\/posts"}],"about":[{"href":"https:\/\/fabregaspere.com\/blog2\/wp-json\/wp\/v2\/types\/post"}],"author":[{"embeddable":true,"href":"https:\/\/fabregaspere.com\/blog2\/wp-json\/wp\/v2\/users\/3"}],"replies":[{"embeddable":true,"href":"https:\/\/fabregaspere.com\/blog2\/wp-json\/wp\/v2\/comments?post=12443"}],"version-history":[{"count":1,"href":"https:\/\/fabregaspere.com\/blog2\/wp-json\/wp\/v2\/posts\/12443\/revisions"}],"predecessor-version":[{"id":12448,"href":"https:\/\/fabregaspere.com\/blog2\/wp-json\/wp\/v2\/posts\/12443\/revisions\/12448"}],"wp:attachment":[{"href":"https:\/\/fabregaspere.com\/blog2\/wp-json\/wp\/v2\/media?parent=12443"}],"wp:term":[{"taxonomy":"category","embeddable":true,"href":"https:\/\/fabregaspere.com\/blog2\/wp-json\/wp\/v2\/categories?post=12443"},{"taxonomy":"post_tag","embeddable":true,"href":"https:\/\/fabregaspere.com\/blog2\/wp-json\/wp\/v2\/tags?post=12443"}],"curies":[{"name":"wp","href":"https:\/\/api.w.org\/{rel}","templated":true}]}}