{"id":1323,"date":"2007-02-07T15:13:41","date_gmt":"2007-02-07T14:13:41","guid":{"rendered":"http:\/\/fabregaspere.com\/blog2\/?p=1323"},"modified":"2025-09-06T10:23:36","modified_gmt":"2025-09-06T08:23:36","slug":"publicaciones-guia-de-la-eficiencia-energetica-para-administradores-de-fincas","status":"publish","type":"post","link":"https:\/\/fabregaspere.com\/blog2\/2007\/02\/07\/publicaciones-guia-de-la-eficiencia-energetica-para-administradores-de-fincas\/","title":{"rendered":"[PR\u00d3LOGO LIBRO] Gu\u00eda de la eficiencia energ\u00e9tica para Administradores de Fincas [2007.02.07]"},"content":{"rendered":"<p><span style=\"text-decoration: underline;\"><strong><a href=\"https:\/\/fabregaspere.com\/blog2\/wp-content\/uploads\/2014\/09\/2007.02.07.Guia-de-la-eficiencia-energetica-para-Administradores-de-Fincas.jpg\"><img loading=\"lazy\" decoding=\"async\" class=\"alignleft wp-image-1144\" src=\"https:\/\/fabregaspere.com\/blog2\/wp-content\/uploads\/2014\/09\/2007.02.07.Guia-de-la-eficiencia-energetica-para-Administradores-de-Fincas.jpg\" alt=\"\" width=\"200\" height=\"221\" srcset=\"https:\/\/fabregaspere.com\/blog2\/wp-content\/uploads\/2014\/09\/2007.02.07.Guia-de-la-eficiencia-energetica-para-Administradores-de-Fincas.jpg 274w, https:\/\/fabregaspere.com\/blog2\/wp-content\/uploads\/2014\/09\/2007.02.07.Guia-de-la-eficiencia-energetica-para-Administradores-de-Fincas-271x300.jpg 271w\" sizes=\"auto, (max-width: 200px) 100vw, 200px\" \/><\/a><\/strong><strong style=\"font-family: verdana, geneva, sans-serif; font-size: 14px;\">Medio Ambiente [2007.02.07]<\/strong><\/span><\/p>\n<p><span style=\"font-family: verdana, geneva, sans-serif; font-size: 14px;\"><strong>F\u00c0BREGAS, Pere-A. (2007):\u00a0 \u00abPr\u00f3logo\u00bb<\/strong><\/span><br \/>\n<span style=\"font-family: verdana, geneva, sans-serif; font-size: 14px;\"><strong>en Cuchi, Albert \/ Wadel, Gereardo: <em>Gu\u00eda de la eficiencia energ\u00e9tica para Administradores de Fincas.<\/em><\/strong><\/span><\/p>\n<p><span style=\"font-family: verdana, geneva, sans-serif; font-size: 14px;\"><strong>Gu\u00edas de Energ\u00eda y Medio Ambiente, 9<\/strong><\/span><br \/>\n<span style=\"font-family: verdana, geneva, sans-serif; font-size: 14px;\"><strong>Barcelona: Fundacion Gas Natural, 3 pp.<\/strong><\/span><\/p>\n<p><span style=\"text-decoration: underline; font-size: 14px; font-family: verdana, geneva, sans-serif;\"><strong><a href=\"https:\/\/fabregaspere.com\/blog2\/wp-content\/uploads\/2014\/09\/2007.02.07.Guia-de-la-eficiencia-energetica-para-Administradores-de-Fincas.pdf\">Descargar PDF<\/a><\/strong><\/span><\/p>\n","protected":false},"excerpt":{"rendered":"<p>Medio Ambiente [2007.02.07] F\u00c0BREGAS, Pere-A. (2007):\u00a0 \u00abPr\u00f3logo\u00bb en Cuchi, Albert \/ Wadel, Gereardo: Gu\u00eda de la eficiencia energ\u00e9tica para Administradores de Fincas. Gu\u00edas de Energ\u00eda y Medio Ambiente, 9 Barcelona: Fundacion Gas Natural, 3 pp. Descargar PDF<\/p>\n","protected":false},"author":3,"featured_media":0,"comment_status":"closed","ping_status":"open","sticky":false,"template":"","format":"aside","meta":{"footnotes":""},"categories":[7,35,139],"tags":[50],"class_list":["post-1323","post","type-post","status-publish","format-aside","hentry","category-04-prologo-libro","category-04-medio-ambiente","category-02-espanol","tag-barcelona","post_format-post-format-aside"],"rttpg_featured_image_url":null,"rttpg_author":{"display_name":"Pere-A. F\u00e0bregas","author_link":"https:\/\/fabregaspere.com\/blog2\/author\/fabregaspere2\/"},"rttpg_comment":0,"rttpg_category":"<a href=\"https:\/\/fabregaspere.com\/blog2\/category\/tipos\/04-prologo-libro\/\" rel=\"category tag\">a04. Pr\u00f3logo libro<\/a> <a href=\"https:\/\/fabregaspere.com\/blog2\/category\/temas\/04-medio-ambiente\/\" rel=\"category tag\">b04. Medio Ambiente<\/a> <a href=\"https:\/\/fabregaspere.com\/blog2\/category\/idiomas\/02-espanol\/\" rel=\"category tag\">c02. Espa\u00f1ol<\/a>","rttpg_excerpt":"Medio Ambiente [2007.02.07] F\u00c0BREGAS, Pere-A. (2007):\u00a0 \u00abPr\u00f3logo\u00bb en Cuchi, Albert \/ Wadel, Gereardo: Gu\u00eda de la eficiencia energ\u00e9tica para Administradores de Fincas. Gu\u00edas de Energ\u00eda y Medio Ambiente, 9 Barcelona: Fundacion Gas Natural, 3 pp. Descargar PDF","_links":{"self":[{"href":"https:\/\/fabregaspere.com\/blog2\/wp-json\/wp\/v2\/posts\/1323","targetHints":{"allow":["GET"]}}],"collection":[{"href":"https:\/\/fabregaspere.com\/blog2\/wp-json\/wp\/v2\/posts"}],"about":[{"href":"https:\/\/fabregaspere.com\/blog2\/wp-json\/wp\/v2\/types\/post"}],"author":[{"embeddable":true,"href":"https:\/\/fabregaspere.com\/blog2\/wp-json\/wp\/v2\/users\/3"}],"replies":[{"embeddable":true,"href":"https:\/\/fabregaspere.com\/blog2\/wp-json\/wp\/v2\/comments?post=1323"}],"version-history":[{"count":13,"href":"https:\/\/fabregaspere.com\/blog2\/wp-json\/wp\/v2\/posts\/1323\/revisions"}],"predecessor-version":[{"id":16668,"href":"https:\/\/fabregaspere.com\/blog2\/wp-json\/wp\/v2\/posts\/1323\/revisions\/16668"}],"wp:attachment":[{"href":"https:\/\/fabregaspere.com\/blog2\/wp-json\/wp\/v2\/media?parent=1323"}],"wp:term":[{"taxonomy":"category","embeddable":true,"href":"https:\/\/fabregaspere.com\/blog2\/wp-json\/wp\/v2\/categories?post=1323"},{"taxonomy":"post_tag","embeddable":true,"href":"https:\/\/fabregaspere.com\/blog2\/wp-json\/wp\/v2\/tags?post=1323"}],"curies":[{"name":"wp","href":"https:\/\/api.w.org\/{rel}","templated":true}]}}