{"id":1343,"date":"2005-10-05T15:49:03","date_gmt":"2005-10-05T13:49:03","guid":{"rendered":"http:\/\/fabregaspere.com\/blog2\/?p=1343"},"modified":"2025-09-06T10:17:25","modified_gmt":"2025-09-06T08:17:25","slug":"publciaciones-cambio-de-clima-en-el-sector-de-la-energia-una-nueva-ola-de-oportunidades-de-inversion-respetuosas-con-el-medio-ambiente","status":"publish","type":"post","link":"https:\/\/fabregaspere.com\/blog2\/2005\/10\/05\/publciaciones-cambio-de-clima-en-el-sector-de-la-energia-una-nueva-ola-de-oportunidades-de-inversion-respetuosas-con-el-medio-ambiente\/","title":{"rendered":"[PR\u00d3LOGO LIBRO] Cambio de clima en el sector de la energ\u00eda: una nueva ola de oportunidades de inversi\u00f3n respetuosa con el medio ambiente [2005.10.05]"},"content":{"rendered":"<p><span style=\"text-decoration: underline; font-size: 14px; font-family: verdana, geneva, sans-serif;\"><strong><img loading=\"lazy\" decoding=\"async\" class=\"alignleft wp-image-1128\" src=\"https:\/\/fabregaspere.com\/blog2\/wp-content\/uploads\/2014\/09\/2005.10.05.Cambio-de-clima-en-el-sector-de-la-energia.jpg\" alt=\"\" width=\"200\" height=\"210\" \/><\/strong><\/span><span style=\"text-decoration: underline;\"><span style=\"font-family: verdana, geneva, sans-serif; font-size: 14px;\"><strong>Medio Ambiente [2005.10.05]<\/strong><\/span><\/span><\/p>\n<p><span style=\"font-family: verdana, geneva, sans-serif; font-size: 14px;\"><strong>F\u00c0BREGAS, Pere-A. (2005): \u00abPr\u00f3logo\u00bb<\/strong><\/span><br \/>\n<span style=\"font-family: verdana, geneva, sans-serif; font-size: 14px;\"><strong>en Sustainable Asset Management: <em>Cambio de clima en el sector de la energ\u00eda: una nueva ola de oportunidades de inversi\u00f3n respetuosas con el medio ambiente.<\/em><\/strong><\/span><\/p>\n<p><span style=\"font-family: verdana, geneva, sans-serif; font-size: 14px;\"><strong>Cuadernos de Energ\u00eda y Medio Ambiente, 2<\/strong><\/span><br \/>\n<span style=\"font-family: verdana, geneva, sans-serif; font-size: 14px;\"><strong>Barcelona: Fundaci\u00f3n Gas Natural, 2 pp.<\/strong><\/span><\/p>\n<p><span style=\"font-size: 14px; font-family: verdana, geneva, sans-serif;\"><a href=\"https:\/\/fabregaspere.com\/blog2\/wp-content\/uploads\/2014\/09\/2005.10.05.Cambio-de-clima-en-el-sector-de-la-energia.pdf\"><strong>Descargar PDF<\/strong><\/a><\/span><\/p>\n","protected":false},"excerpt":{"rendered":"<p>Medio Ambiente [2005.10.05] F\u00c0BREGAS, Pere-A. (2005): \u00abPr\u00f3logo\u00bb en Sustainable Asset Management: Cambio de clima en el sector de la energ\u00eda: una nueva ola de oportunidades de inversi\u00f3n respetuosas con el medio ambiente. Cuadernos de Energ\u00eda y Medio Ambiente, 2 Barcelona: Fundaci\u00f3n Gas Natural, 2 pp. Descargar PDF<\/p>\n","protected":false},"author":3,"featured_media":0,"comment_status":"closed","ping_status":"open","sticky":false,"template":"","format":"aside","meta":{"footnotes":""},"categories":[7,35,139],"tags":[50],"class_list":["post-1343","post","type-post","status-publish","format-aside","hentry","category-04-prologo-libro","category-04-medio-ambiente","category-02-espanol","tag-barcelona","post_format-post-format-aside"],"rttpg_featured_image_url":null,"rttpg_author":{"display_name":"Pere-A. F\u00e0bregas","author_link":"https:\/\/fabregaspere.com\/blog2\/author\/fabregaspere2\/"},"rttpg_comment":0,"rttpg_category":"<a href=\"https:\/\/fabregaspere.com\/blog2\/category\/tipos\/04-prologo-libro\/\" rel=\"category tag\">a04. Pr\u00f3logo libro<\/a> <a href=\"https:\/\/fabregaspere.com\/blog2\/category\/temas\/04-medio-ambiente\/\" rel=\"category tag\">b04. Medio Ambiente<\/a> <a href=\"https:\/\/fabregaspere.com\/blog2\/category\/idiomas\/02-espanol\/\" rel=\"category tag\">c02. Espa\u00f1ol<\/a>","rttpg_excerpt":"Medio Ambiente [2005.10.05] F\u00c0BREGAS, Pere-A. (2005): \u00abPr\u00f3logo\u00bb en Sustainable Asset Management: Cambio de clima en el sector de la energ\u00eda: una nueva ola de oportunidades de inversi\u00f3n respetuosas con el medio ambiente. Cuadernos de Energ\u00eda y Medio Ambiente, 2 Barcelona: Fundaci\u00f3n Gas Natural, 2 pp. Descargar PDF","_links":{"self":[{"href":"https:\/\/fabregaspere.com\/blog2\/wp-json\/wp\/v2\/posts\/1343","targetHints":{"allow":["GET"]}}],"collection":[{"href":"https:\/\/fabregaspere.com\/blog2\/wp-json\/wp\/v2\/posts"}],"about":[{"href":"https:\/\/fabregaspere.com\/blog2\/wp-json\/wp\/v2\/types\/post"}],"author":[{"embeddable":true,"href":"https:\/\/fabregaspere.com\/blog2\/wp-json\/wp\/v2\/users\/3"}],"replies":[{"embeddable":true,"href":"https:\/\/fabregaspere.com\/blog2\/wp-json\/wp\/v2\/comments?post=1343"}],"version-history":[{"count":13,"href":"https:\/\/fabregaspere.com\/blog2\/wp-json\/wp\/v2\/posts\/1343\/revisions"}],"predecessor-version":[{"id":16660,"href":"https:\/\/fabregaspere.com\/blog2\/wp-json\/wp\/v2\/posts\/1343\/revisions\/16660"}],"wp:attachment":[{"href":"https:\/\/fabregaspere.com\/blog2\/wp-json\/wp\/v2\/media?parent=1343"}],"wp:term":[{"taxonomy":"category","embeddable":true,"href":"https:\/\/fabregaspere.com\/blog2\/wp-json\/wp\/v2\/categories?post=1343"},{"taxonomy":"post_tag","embeddable":true,"href":"https:\/\/fabregaspere.com\/blog2\/wp-json\/wp\/v2\/tags?post=1343"}],"curies":[{"name":"wp","href":"https:\/\/api.w.org\/{rel}","templated":true}]}}