{"id":1349,"date":"2005-06-21T15:58:27","date_gmt":"2005-06-21T13:58:27","guid":{"rendered":"http:\/\/fabregaspere.com\/blog2\/?p=1349"},"modified":"2025-09-06T10:15:47","modified_gmt":"2025-09-06T08:15:47","slug":"publicaciones-senalizacion-de-sendas-en-el-parque-regional-de-picos-de-europa","status":"publish","type":"post","link":"https:\/\/fabregaspere.com\/blog2\/2005\/06\/21\/publicaciones-senalizacion-de-sendas-en-el-parque-regional-de-picos-de-europa\/","title":{"rendered":"[PR\u00d3LOGO LIBRO] Se\u00f1alizaci\u00f3n de sendas en el Parque Regional de los Picos de Europa [2005.06.21]"},"content":{"rendered":"<p><strong><span style=\"text-decoration: underline;\"><a href=\"https:\/\/fabregaspere.com\/blog2\/wp-content\/uploads\/2023\/08\/2005.06.21.Senalizacion-de-sendas-en-el-Parque-Regional-de-los-Picos-de-Europa.jpg\"><img loading=\"lazy\" decoding=\"async\" class=\"alignleft wp-image-10062\" src=\"https:\/\/fabregaspere.com\/blog2\/wp-content\/uploads\/2023\/08\/2005.06.21.Senalizacion-de-sendas-en-el-Parque-Regional-de-los-Picos-de-Europa-287x300.jpg\" alt=\"\" width=\"200\" height=\"209\" srcset=\"https:\/\/fabregaspere.com\/blog2\/wp-content\/uploads\/2023\/08\/2005.06.21.Senalizacion-de-sendas-en-el-Parque-Regional-de-los-Picos-de-Europa-287x300.jpg 287w, https:\/\/fabregaspere.com\/blog2\/wp-content\/uploads\/2023\/08\/2005.06.21.Senalizacion-de-sendas-en-el-Parque-Regional-de-los-Picos-de-Europa-143x150.jpg 143w, https:\/\/fabregaspere.com\/blog2\/wp-content\/uploads\/2023\/08\/2005.06.21.Senalizacion-de-sendas-en-el-Parque-Regional-de-los-Picos-de-Europa.jpg 415w\" sizes=\"auto, (max-width: 200px) 100vw, 200px\" \/><\/a><\/span><\/strong><span style=\"text-decoration: underline;\"><span style=\"font-family: verdana, geneva, sans-serif; font-size: 14px;\"><strong>Medio Ambiente 2005.06.21]<\/strong><\/span><\/span><\/p>\n<p><span style=\"font-family: verdana, geneva, sans-serif; font-size: 14px;\"><strong>F\u00c0BREGAS, Pere-A. (2005): \u00abPr\u00f3logo\u00bb<\/strong><\/span><br \/>\n<span style=\"font-family: verdana, geneva, sans-serif; font-size: 14px;\"><strong>en Junta de Castilla y Le\u00f3n: <em>Se\u00f1alizaci\u00f3n de sendas en el Parque Regional de Picos de Europa.<\/em><\/strong><\/span><\/p>\n<p><span style=\"font-family: verdana, geneva, sans-serif; font-size: 14px;\"><strong>Cuadernos de Energ\u00eda y Medio Ambiente, 1<\/strong><\/span><br \/>\n<span style=\"font-family: verdana, geneva, sans-serif; font-size: 14px;\"><strong>Barcelona: Fundaci\u00f3n Gas Natural, 1 p.<\/strong><\/span><\/p>\n<p><span style=\"font-size: 14px; font-family: verdana, geneva, sans-serif;\"><a href=\"https:\/\/fabregaspere.com\/blog2\/wp-content\/uploads\/2023\/08\/2005.06.21.Senalizacion-de-sendas-en-el-Parque-Regional-de-los-Picos-de-Europa.pdf\"><span style=\"text-decoration: underline;\"><strong>Descargar PDF<\/strong><\/span><\/a><\/span><\/p>\n","protected":false},"excerpt":{"rendered":"<p>Medio Ambiente 2005.06.21] F\u00c0BREGAS, Pere-A. (2005): \u00abPr\u00f3logo\u00bb en Junta de Castilla y Le\u00f3n: Se\u00f1alizaci\u00f3n de sendas en el Parque Regional de Picos de Europa. Cuadernos de Energ\u00eda y Medio Ambiente, 1 Barcelona: Fundaci\u00f3n Gas Natural, 1 p. Descargar PDF<\/p>\n","protected":false},"author":3,"featured_media":0,"comment_status":"closed","ping_status":"open","sticky":false,"template":"","format":"aside","meta":{"footnotes":""},"categories":[7,35,139],"tags":[50],"class_list":["post-1349","post","type-post","status-publish","format-aside","hentry","category-04-prologo-libro","category-04-medio-ambiente","category-02-espanol","tag-barcelona","post_format-post-format-aside"],"rttpg_featured_image_url":null,"rttpg_author":{"display_name":"Pere-A. F\u00e0bregas","author_link":"https:\/\/fabregaspere.com\/blog2\/author\/fabregaspere2\/"},"rttpg_comment":0,"rttpg_category":"<a href=\"https:\/\/fabregaspere.com\/blog2\/category\/tipos\/04-prologo-libro\/\" rel=\"category tag\">a04. Pr\u00f3logo libro<\/a> <a href=\"https:\/\/fabregaspere.com\/blog2\/category\/temas\/04-medio-ambiente\/\" rel=\"category tag\">b04. Medio Ambiente<\/a> <a href=\"https:\/\/fabregaspere.com\/blog2\/category\/idiomas\/02-espanol\/\" rel=\"category tag\">c02. Espa\u00f1ol<\/a>","rttpg_excerpt":"Medio Ambiente 2005.06.21] F\u00c0BREGAS, Pere-A. (2005): \u00abPr\u00f3logo\u00bb en Junta de Castilla y Le\u00f3n: Se\u00f1alizaci\u00f3n de sendas en el Parque Regional de Picos de Europa. Cuadernos de Energ\u00eda y Medio Ambiente, 1 Barcelona: Fundaci\u00f3n Gas Natural, 1 p. Descargar PDF","_links":{"self":[{"href":"https:\/\/fabregaspere.com\/blog2\/wp-json\/wp\/v2\/posts\/1349","targetHints":{"allow":["GET"]}}],"collection":[{"href":"https:\/\/fabregaspere.com\/blog2\/wp-json\/wp\/v2\/posts"}],"about":[{"href":"https:\/\/fabregaspere.com\/blog2\/wp-json\/wp\/v2\/types\/post"}],"author":[{"embeddable":true,"href":"https:\/\/fabregaspere.com\/blog2\/wp-json\/wp\/v2\/users\/3"}],"replies":[{"embeddable":true,"href":"https:\/\/fabregaspere.com\/blog2\/wp-json\/wp\/v2\/comments?post=1349"}],"version-history":[{"count":17,"href":"https:\/\/fabregaspere.com\/blog2\/wp-json\/wp\/v2\/posts\/1349\/revisions"}],"predecessor-version":[{"id":16658,"href":"https:\/\/fabregaspere.com\/blog2\/wp-json\/wp\/v2\/posts\/1349\/revisions\/16658"}],"wp:attachment":[{"href":"https:\/\/fabregaspere.com\/blog2\/wp-json\/wp\/v2\/media?parent=1349"}],"wp:term":[{"taxonomy":"category","embeddable":true,"href":"https:\/\/fabregaspere.com\/blog2\/wp-json\/wp\/v2\/categories?post=1349"},{"taxonomy":"post_tag","embeddable":true,"href":"https:\/\/fabregaspere.com\/blog2\/wp-json\/wp\/v2\/tags?post=1349"}],"curies":[{"name":"wp","href":"https:\/\/api.w.org\/{rel}","templated":true}]}}