{"id":1356,"date":"2004-10-28T16:09:00","date_gmt":"2004-10-28T14:09:00","guid":{"rendered":"http:\/\/fabregaspere.com\/blog2\/?p=1356"},"modified":"2025-09-06T10:14:07","modified_gmt":"2025-09-06T08:14:07","slug":"publicaciones-la-proteccion-juridica-de-los-espacios-naturales","status":"publish","type":"post","link":"https:\/\/fabregaspere.com\/blog2\/2004\/10\/28\/publicaciones-la-proteccion-juridica-de-los-espacios-naturales\/","title":{"rendered":"[PR\u00d3LOGO LIBRO] La Protecci\u00f3n Jur\u00eddica de los espacios naturales [2004.10.28]"},"content":{"rendered":"<p><span style=\"text-decoration: underline;\"><strong><span style=\"font-family: arial, helvetica, sans-serif; font-size: 12pt;\"><span style=\"font-family: Lato, sans-serif;\"><a href=\"https:\/\/fabregaspere.com\/blog2\/wp-content\/uploads\/2014\/09\/2004.10.28.La-proteccion-juridica-de-los-espacios-naturales.jpg\"><img loading=\"lazy\" decoding=\"async\" class=\"alignleft wp-image-1120\" src=\"https:\/\/fabregaspere.com\/blog2\/wp-content\/uploads\/2014\/09\/2004.10.28.La-proteccion-juridica-de-los-espacios-naturales-274x300.jpg\" alt=\"\" width=\"200\" height=\"218\" srcset=\"https:\/\/fabregaspere.com\/blog2\/wp-content\/uploads\/2014\/09\/2004.10.28.La-proteccion-juridica-de-los-espacios-naturales-274x300.jpg 274w, https:\/\/fabregaspere.com\/blog2\/wp-content\/uploads\/2014\/09\/2004.10.28.La-proteccion-juridica-de-los-espacios-naturales.jpg 415w\" sizes=\"auto, (max-width: 200px) 100vw, 200px\" \/><\/a><\/span><\/span><\/strong><span style=\"font-family: verdana, geneva, sans-serif; font-size: 14px;\"><strong>Medio Ambiente [2004.10.28]<\/strong><\/span><\/span><\/p>\n<p><span style=\"font-family: verdana, geneva, sans-serif; font-size: 14px;\"><strong>F\u00c0BREGAS, Pere-A. 2004): \u00abUn patrimonio que es preciso conservar\u00bb<\/strong><\/span><br \/>\n<span style=\"font-family: verdana, geneva, sans-serif; font-size: 14px;\"><strong>en Ari\u00f1o Ortiz, Gaspar \/ de la Cu\u00e9tara Mart\u00ednez, J.M. \/ Sastre Beceiro, M\u00f3nica: <em>La protecci\u00f3n jur\u00eddica de los espacios naturales.<\/em><\/strong><\/span><\/p>\n<p><span style=\"font-family: verdana, geneva, sans-serif; font-size: 14px;\"><strong>Gu\u00edas T\u00e9cnicas de Energ\u00eda y Medio Ambiente, 5<\/strong><\/span><br \/>\n<span style=\"font-family: verdana, geneva, sans-serif; font-size: 14px;\"><strong>Barcelona: Fundaci\u00f3n Gas Natural Fenosa, pp. I\/II<\/strong><\/span><\/p>\n<p><span style=\"font-size: 14px; font-family: verdana, geneva, sans-serif;\"><a href=\"https:\/\/fabregaspere.com\/blog2\/wp-content\/uploads\/2014\/09\/2004.10.28.La-Proteccion-juridica-de-los-espacios-naturales.pdf\"><span style=\"text-decoration: underline;\"><strong>Descargar PDF<\/strong><\/span><\/a><\/span><\/p>\n","protected":false},"excerpt":{"rendered":"<p>Medio Ambiente [2004.10.28] F\u00c0BREGAS, Pere-A. 2004): \u00abUn patrimonio que es preciso conservar\u00bb en Ari\u00f1o Ortiz, Gaspar \/ de la Cu\u00e9tara Mart\u00ednez, J.M. \/ Sastre Beceiro, M\u00f3nica: La protecci\u00f3n jur\u00eddica de los espacios naturales. Gu\u00edas T\u00e9cnicas de Energ\u00eda y Medio Ambiente, 5 Barcelona: Fundaci\u00f3n Gas Natural Fenosa, pp. I\/II Descargar PDF<\/p>\n","protected":false},"author":3,"featured_media":0,"comment_status":"closed","ping_status":"open","sticky":false,"template":"","format":"aside","meta":{"footnotes":""},"categories":[7,35,139],"tags":[50],"class_list":["post-1356","post","type-post","status-publish","format-aside","hentry","category-04-prologo-libro","category-04-medio-ambiente","category-02-espanol","tag-barcelona","post_format-post-format-aside"],"rttpg_featured_image_url":null,"rttpg_author":{"display_name":"Pere-A. F\u00e0bregas","author_link":"https:\/\/fabregaspere.com\/blog2\/author\/fabregaspere2\/"},"rttpg_comment":0,"rttpg_category":"<a href=\"https:\/\/fabregaspere.com\/blog2\/category\/tipos\/04-prologo-libro\/\" rel=\"category tag\">a04. Pr\u00f3logo libro<\/a> <a href=\"https:\/\/fabregaspere.com\/blog2\/category\/temas\/04-medio-ambiente\/\" rel=\"category tag\">b04. Medio Ambiente<\/a> <a href=\"https:\/\/fabregaspere.com\/blog2\/category\/idiomas\/02-espanol\/\" rel=\"category tag\">c02. Espa\u00f1ol<\/a>","rttpg_excerpt":"Medio Ambiente [2004.10.28] F\u00c0BREGAS, Pere-A. 2004): \u00abUn patrimonio que es preciso conservar\u00bb en Ari\u00f1o Ortiz, Gaspar \/ de la Cu\u00e9tara Mart\u00ednez, J.M. \/ Sastre Beceiro, M\u00f3nica: La protecci\u00f3n jur\u00eddica de los espacios naturales. Gu\u00edas T\u00e9cnicas de Energ\u00eda y Medio Ambiente, 5 Barcelona: Fundaci\u00f3n Gas Natural Fenosa, pp. I\/II Descargar PDF","_links":{"self":[{"href":"https:\/\/fabregaspere.com\/blog2\/wp-json\/wp\/v2\/posts\/1356","targetHints":{"allow":["GET"]}}],"collection":[{"href":"https:\/\/fabregaspere.com\/blog2\/wp-json\/wp\/v2\/posts"}],"about":[{"href":"https:\/\/fabregaspere.com\/blog2\/wp-json\/wp\/v2\/types\/post"}],"author":[{"embeddable":true,"href":"https:\/\/fabregaspere.com\/blog2\/wp-json\/wp\/v2\/users\/3"}],"replies":[{"embeddable":true,"href":"https:\/\/fabregaspere.com\/blog2\/wp-json\/wp\/v2\/comments?post=1356"}],"version-history":[{"count":16,"href":"https:\/\/fabregaspere.com\/blog2\/wp-json\/wp\/v2\/posts\/1356\/revisions"}],"predecessor-version":[{"id":16656,"href":"https:\/\/fabregaspere.com\/blog2\/wp-json\/wp\/v2\/posts\/1356\/revisions\/16656"}],"wp:attachment":[{"href":"https:\/\/fabregaspere.com\/blog2\/wp-json\/wp\/v2\/media?parent=1356"}],"wp:term":[{"taxonomy":"category","embeddable":true,"href":"https:\/\/fabregaspere.com\/blog2\/wp-json\/wp\/v2\/categories?post=1356"},{"taxonomy":"post_tag","embeddable":true,"href":"https:\/\/fabregaspere.com\/blog2\/wp-json\/wp\/v2\/tags?post=1356"}],"curies":[{"name":"wp","href":"https:\/\/api.w.org\/{rel}","templated":true}]}}