{"id":1358,"date":"1995-10-30T16:13:01","date_gmt":"1995-10-30T15:13:01","guid":{"rendered":"http:\/\/fabregaspere.com\/blog2\/?p=1358"},"modified":"2025-09-06T10:13:21","modified_gmt":"2025-09-06T08:13:21","slug":"publicacions-lhistoria-del-gas-a-valls","status":"publish","type":"post","link":"https:\/\/fabregaspere.com\/blog2\/1995\/10\/30\/publicacions-lhistoria-del-gas-a-valls\/","title":{"rendered":"[PR\u00d2LEG LLIBRE] Hist\u00f2ria del Gas Canalitzat a Valls [1995.10.30]"},"content":{"rendered":"<p><span style=\"text-decoration: underline;\"><span style=\"font-family: verdana, geneva, sans-serif; font-size: 14px;\"><strong><a href=\"https:\/\/fabregaspere.com\/blog2\/wp-content\/uploads\/2023\/08\/1995.10.30.Historia-del-gas-canalitzat-a-Valls.jpg\"><img loading=\"lazy\" decoding=\"async\" class=\"alignleft wp-image-10049 size-medium\" src=\"https:\/\/fabregaspere.com\/blog2\/wp-content\/uploads\/2023\/08\/1995.10.30.Historia-del-gas-canalitzat-a-Valls-212x300.jpg\" alt=\"\" width=\"212\" height=\"300\" srcset=\"https:\/\/fabregaspere.com\/blog2\/wp-content\/uploads\/2023\/08\/1995.10.30.Historia-del-gas-canalitzat-a-Valls-212x300.jpg 212w, https:\/\/fabregaspere.com\/blog2\/wp-content\/uploads\/2023\/08\/1995.10.30.Historia-del-gas-canalitzat-a-Valls-106x150.jpg 106w, https:\/\/fabregaspere.com\/blog2\/wp-content\/uploads\/2023\/08\/1995.10.30.Historia-del-gas-canalitzat-a-Valls.jpg 415w\" sizes=\"auto, (max-width: 212px) 100vw, 212px\" \/><\/a>Hist\u00f2ria Gas [1995.10.30]<\/strong><\/span><\/span><\/p>\n<p><span style=\"font-family: verdana, geneva, sans-serif; font-size: 14px;\"><strong>F\u00c0BREGAS, Pere-A. (1995): \u00abPr\u00f2leg\u00bb<\/strong><\/span><br \/>\n<span style=\"font-family: verdana, geneva, sans-serif; font-size: 14px;\"><strong>a Rib\u00e9 Llenas \/ Gascon Alt\u00e8s, Vicen\u00e7: <em>Hist\u00f2ria del Gas Canalitzat a Valls.<\/em><\/strong><\/span><\/p>\n<p><span style=\"font-family: verdana, geneva, sans-serif; font-size: 14px;\"><strong>Valls: Gas Tarraconense, pp. 9\/10<\/strong><\/span><\/p>\n<p><span style=\"font-family: verdana, geneva, sans-serif; font-size: 14px;\"><strong><a href=\"https:\/\/fabregaspere.com\/blog2\/wp-content\/uploads\/2023\/08\/1995.10.30.Historia-del-gas-canalitzat-a-Valls.pdf\" target=\"_blank\" rel=\"noopener\">Descarregar PDF<\/a><\/strong><\/span><\/p>\n","protected":false},"excerpt":{"rendered":"<p>Hist\u00f2ria Gas [1995.10.30] F\u00c0BREGAS, Pere-A. (1995): \u00abPr\u00f2leg\u00bb a Rib\u00e9 Llenas \/ Gascon Alt\u00e8s, Vicen\u00e7: Hist\u00f2ria del Gas Canalitzat a Valls. Valls: Gas Tarraconense, pp. 9\/10 Descarregar PDF<\/p>\n","protected":false},"author":3,"featured_media":0,"comment_status":"closed","ping_status":"open","sticky":false,"template":"","format":"aside","meta":{"footnotes":""},"categories":[7,33,138],"tags":[76],"class_list":["post-1358","post","type-post","status-publish","format-aside","hentry","category-04-prologo-libro","category-09-historia-gas","category-01-catalan","tag-valls","post_format-post-format-aside"],"rttpg_featured_image_url":null,"rttpg_author":{"display_name":"Pere-A. F\u00e0bregas","author_link":"https:\/\/fabregaspere.com\/blog2\/author\/fabregaspere2\/"},"rttpg_comment":0,"rttpg_category":"<a href=\"https:\/\/fabregaspere.com\/blog2\/category\/tipos\/04-prologo-libro\/\" rel=\"category tag\">a04. Pr\u00f3logo libro<\/a> <a href=\"https:\/\/fabregaspere.com\/blog2\/category\/temas\/09-historia-gas\/\" rel=\"category tag\">b09. Historia Gas<\/a> <a href=\"https:\/\/fabregaspere.com\/blog2\/category\/idiomas\/01-catalan\/\" rel=\"category tag\">c01. Catal\u00e1n<\/a>","rttpg_excerpt":"Hist\u00f2ria Gas [1995.10.30] F\u00c0BREGAS, Pere-A. (1995): \u00abPr\u00f2leg\u00bb a Rib\u00e9 Llenas \/ Gascon Alt\u00e8s, Vicen\u00e7: Hist\u00f2ria del Gas Canalitzat a Valls. Valls: Gas Tarraconense, pp. 9\/10 Descarregar PDF","_links":{"self":[{"href":"https:\/\/fabregaspere.com\/blog2\/wp-json\/wp\/v2\/posts\/1358","targetHints":{"allow":["GET"]}}],"collection":[{"href":"https:\/\/fabregaspere.com\/blog2\/wp-json\/wp\/v2\/posts"}],"about":[{"href":"https:\/\/fabregaspere.com\/blog2\/wp-json\/wp\/v2\/types\/post"}],"author":[{"embeddable":true,"href":"https:\/\/fabregaspere.com\/blog2\/wp-json\/wp\/v2\/users\/3"}],"replies":[{"embeddable":true,"href":"https:\/\/fabregaspere.com\/blog2\/wp-json\/wp\/v2\/comments?post=1358"}],"version-history":[{"count":14,"href":"https:\/\/fabregaspere.com\/blog2\/wp-json\/wp\/v2\/posts\/1358\/revisions"}],"predecessor-version":[{"id":16655,"href":"https:\/\/fabregaspere.com\/blog2\/wp-json\/wp\/v2\/posts\/1358\/revisions\/16655"}],"wp:attachment":[{"href":"https:\/\/fabregaspere.com\/blog2\/wp-json\/wp\/v2\/media?parent=1358"}],"wp:term":[{"taxonomy":"category","embeddable":true,"href":"https:\/\/fabregaspere.com\/blog2\/wp-json\/wp\/v2\/categories?post=1358"},{"taxonomy":"post_tag","embeddable":true,"href":"https:\/\/fabregaspere.com\/blog2\/wp-json\/wp\/v2\/tags?post=1358"}],"curies":[{"name":"wp","href":"https:\/\/api.w.org\/{rel}","templated":true}]}}