{"id":13667,"date":"2021-05-17T01:00:26","date_gmt":"2021-05-16T23:00:26","guid":{"rendered":"https:\/\/fabregaspere.com\/blog2\/?p=13667"},"modified":"2024-08-05T10:36:34","modified_gmt":"2024-08-05T08:36:34","slug":"entrevista-revista-leconomia-social-i-les-fundacions-preguntes-a-pere-a-fabregas-president-de-la-coordinadora-catalana-de-fundacions-fundacio-caixa-denginyers2021-05-17","status":"publish","type":"post","link":"https:\/\/fabregaspere.com\/blog2\/2021\/05\/17\/entrevista-revista-leconomia-social-i-les-fundacions-preguntes-a-pere-a-fabregas-president-de-la-coordinadora-catalana-de-fundacions-fundacio-caixa-denginyers2021-05-17\/","title":{"rendered":"[ENTREVISTA REVISTA] L&#8217;economia social i les fundacions. Preguntes a Pere-A. F\u00e0bregas, president de la Coordinadora Catalana de Fundacions [blog.caixa-enginyers.com][2021.05.17]"},"content":{"rendered":"<p>&nbsp;<\/p>\n<p><span style=\"text-decoration: underline;\"><span style=\"font-family: verdana, geneva, sans-serif; font-size: 14px;\"><strong><a href=\"https:\/\/fabregaspere.com\/blog2\/wp-content\/uploads\/2024\/08\/2021.05.17.Blog-Caixa-Enginyers.-Leconomia-social-i-les-fundacions.entr_.PF_.jpg\"><img loading=\"lazy\" decoding=\"async\" class=\"alignleft wp-image-13668 size-medium\" src=\"https:\/\/fabregaspere.com\/blog2\/wp-content\/uploads\/2024\/08\/2021.05.17.Blog-Caixa-Enginyers.-Leconomia-social-i-les-fundacions.entr_.PF_-212x300.jpg\" alt=\"\" width=\"212\" height=\"300\" srcset=\"https:\/\/fabregaspere.com\/blog2\/wp-content\/uploads\/2024\/08\/2021.05.17.Blog-Caixa-Enginyers.-Leconomia-social-i-les-fundacions.entr_.PF_-212x300.jpg 212w, https:\/\/fabregaspere.com\/blog2\/wp-content\/uploads\/2024\/08\/2021.05.17.Blog-Caixa-Enginyers.-Leconomia-social-i-les-fundacions.entr_.PF_-723x1024.jpg 723w, https:\/\/fabregaspere.com\/blog2\/wp-content\/uploads\/2024\/08\/2021.05.17.Blog-Caixa-Enginyers.-Leconomia-social-i-les-fundacions.entr_.PF_-106x150.jpg 106w, https:\/\/fabregaspere.com\/blog2\/wp-content\/uploads\/2024\/08\/2021.05.17.Blog-Caixa-Enginyers.-Leconomia-social-i-les-fundacions.entr_.PF_-768x1087.jpg 768w, https:\/\/fabregaspere.com\/blog2\/wp-content\/uploads\/2024\/08\/2021.05.17.Blog-Caixa-Enginyers.-Leconomia-social-i-les-fundacions.entr_.PF_.jpg 934w\" sizes=\"auto, (max-width: 212px) 100vw, 212px\" \/><\/a>Fundacions [2021.05.17]<\/strong><\/span><\/span><\/p>\n<p><span style=\"font-family: verdana, geneva, sans-serif; font-size: 14px;\"><strong>Entrevista amb Pere-A. F\u00e0bregas (2021): <em>L&#8217;economia social i les fundacions. Preguntes a Pere-A. F\u00e0bregas, president de la Coordinadora Catalana de Fundacions<\/em><\/strong><\/span><\/p>\n<p><span style=\"font-family: verdana, geneva, sans-serif; font-size: 14px;\"><strong><span style=\"text-decoration: underline;\"><em>blog.caixa-enginyers.com<\/em><\/span> (17 maig 2021), 5 pp. Fundaci\u00f3 Caixa d&#8217;Enginyers, Barcelona<\/strong><\/span><\/p>\n<p><span style=\"font-family: verdana, geneva, sans-serif; font-size: 14px;\"><strong><a href=\"https:\/\/fabregaspere.com\/blog2\/wp-content\/uploads\/2024\/08\/2021.05.17.Blog-Caixa-Enginyers.-Leconomia-social-i-les-fundacions.entr_.PF_.pdf\" target=\"_blank\" rel=\"noopener\">Descarregar PDF<\/a><\/strong><\/span><\/p>\n<p><strong>\u00a0<\/strong><\/p>\n<p><span style=\"font-family: verdana, geneva, sans-serif; font-size: 14px;\">\u00a0<\/span><\/p>\n<p><span style=\"text-decoration: underline;\"><span style=\"font-family: verdana, geneva, sans-serif; font-size: 14px;\"><strong>\u00a0<\/strong><\/span><\/span><\/p>\n","protected":false},"excerpt":{"rendered":"<p>&nbsp; Fundacions [2021.05.17] Entrevista amb Pere-A. F\u00e0bregas (2021): L&#8217;economia social i les fundacions. Preguntes a Pere-A. F\u00e0bregas, president de la Coordinadora Catalana de Fundacions blog.caixa-enginyers.com (17 maig 2021), 5 pp. Fundaci\u00f3 Caixa d&#8217;Enginyers, Barcelona Descarregar PDF \u00a0 \u00a0 \u00a0<\/p>\n","protected":false},"author":3,"featured_media":0,"comment_status":"open","ping_status":"open","sticky":false,"template":"","format":"aside","meta":{"footnotes":""},"categories":[16,34,138],"tags":[50],"class_list":["post-13667","post","type-post","status-publish","format-aside","hentry","category-13-entrevista-revista","category-05-fundaciones","category-01-catalan","tag-barcelona","post_format-post-format-aside"],"rttpg_featured_image_url":null,"rttpg_author":{"display_name":"Pere-A. F\u00e0bregas","author_link":"https:\/\/fabregaspere.com\/blog2\/author\/fabregaspere2\/"},"rttpg_comment":0,"rttpg_category":"<a href=\"https:\/\/fabregaspere.com\/blog2\/category\/tipos\/13-entrevista-revista\/\" rel=\"category tag\">a13. Entrevista revista<\/a> <a href=\"https:\/\/fabregaspere.com\/blog2\/category\/temas\/05-fundaciones\/\" rel=\"category tag\">b05. Fundaciones<\/a> <a href=\"https:\/\/fabregaspere.com\/blog2\/category\/idiomas\/01-catalan\/\" rel=\"category tag\">c01. Catal\u00e1n<\/a>","rttpg_excerpt":"&nbsp; Fundacions [2021.05.17] Entrevista amb Pere-A. F\u00e0bregas (2021): L&#8217;economia social i les fundacions. Preguntes a Pere-A. F\u00e0bregas, president de la Coordinadora Catalana de Fundacions blog.caixa-enginyers.com (17 maig 2021), 5 pp. Fundaci\u00f3 Caixa d&#8217;Enginyers, Barcelona Descarregar PDF \u00a0 \u00a0 \u00a0","_links":{"self":[{"href":"https:\/\/fabregaspere.com\/blog2\/wp-json\/wp\/v2\/posts\/13667","targetHints":{"allow":["GET"]}}],"collection":[{"href":"https:\/\/fabregaspere.com\/blog2\/wp-json\/wp\/v2\/posts"}],"about":[{"href":"https:\/\/fabregaspere.com\/blog2\/wp-json\/wp\/v2\/types\/post"}],"author":[{"embeddable":true,"href":"https:\/\/fabregaspere.com\/blog2\/wp-json\/wp\/v2\/users\/3"}],"replies":[{"embeddable":true,"href":"https:\/\/fabregaspere.com\/blog2\/wp-json\/wp\/v2\/comments?post=13667"}],"version-history":[{"count":3,"href":"https:\/\/fabregaspere.com\/blog2\/wp-json\/wp\/v2\/posts\/13667\/revisions"}],"predecessor-version":[{"id":13679,"href":"https:\/\/fabregaspere.com\/blog2\/wp-json\/wp\/v2\/posts\/13667\/revisions\/13679"}],"wp:attachment":[{"href":"https:\/\/fabregaspere.com\/blog2\/wp-json\/wp\/v2\/media?parent=13667"}],"wp:term":[{"taxonomy":"category","embeddable":true,"href":"https:\/\/fabregaspere.com\/blog2\/wp-json\/wp\/v2\/categories?post=13667"},{"taxonomy":"post_tag","embeddable":true,"href":"https:\/\/fabregaspere.com\/blog2\/wp-json\/wp\/v2\/tags?post=13667"}],"curies":[{"name":"wp","href":"https:\/\/api.w.org\/{rel}","templated":true}]}}