{"id":1382,"date":"2012-07-16T11:18:06","date_gmt":"2012-07-16T09:18:06","guid":{"rendered":"http:\/\/fabregaspere.com\/blog2\/?p=1382"},"modified":"2025-12-04T16:21:53","modified_gmt":"2025-12-04T15:21:53","slug":"publicaciones-ya-no-pasa-hoy-que-existan-empresas-tan-antiguas-como-gas-natural-fenosa","status":"publish","type":"post","link":"https:\/\/fabregaspere.com\/blog2\/2012\/07\/16\/publicaciones-ya-no-pasa-hoy-que-existan-empresas-tan-antiguas-como-gas-natural-fenosa\/","title":{"rendered":"[ENTREVISTA PRENSA] \u201cYa no pasa hoy que existan empresas tan antiguas como Gas Natural Fenosa\u201d [La Raz\u00f3n][2012.07.16]"},"content":{"rendered":"<p><span style=\"font-family: arial, helvetica, sans-serif; font-size: 12pt;\"><strong><span style=\"text-decoration: underline;\"><a href=\"https:\/\/fabregaspere.com\/blog2\/wp-content\/uploads\/2014\/09\/2012.07.16.FGN_.La-Razon.Entrevista-PF.jpg\"><img loading=\"lazy\" decoding=\"async\" class=\"alignleft wp-image-1384 size-medium\" src=\"https:\/\/fabregaspere.com\/blog2\/wp-content\/uploads\/2014\/09\/2012.07.16.FGN_.La-Razon.Entrevista-PF-300x300.jpg\" alt=\"2012.07.16.FGN.La Razon.Entrevista PF\" width=\"300\" height=\"300\" srcset=\"https:\/\/fabregaspere.com\/blog2\/wp-content\/uploads\/2014\/09\/2012.07.16.FGN_.La-Razon.Entrevista-PF-300x300.jpg 300w, https:\/\/fabregaspere.com\/blog2\/wp-content\/uploads\/2014\/09\/2012.07.16.FGN_.La-Razon.Entrevista-PF-150x150.jpg 150w, https:\/\/fabregaspere.com\/blog2\/wp-content\/uploads\/2014\/09\/2012.07.16.FGN_.La-Razon.Entrevista-PF-1022x1024.jpg 1022w, https:\/\/fabregaspere.com\/blog2\/wp-content\/uploads\/2014\/09\/2012.07.16.FGN_.La-Razon.Entrevista-PF.jpg 1653w\" sizes=\"auto, (max-width: 300px) 100vw, 300px\" \/><\/a><\/span><\/strong><\/span><\/p>\n<p><strong><span style=\"font-family: verdana, geneva, sans-serif; font-size: 14px;\">Fundaciones [2012.07.16]<\/span><\/strong><\/p>\n<p><strong><span style=\"font-family: verdana, geneva, sans-serif; font-size: 14px;\">Entrevista con Pere-A. F\u00e0bregas (2012): \u201cYa no pasa hoy que existan empresas tan antiguas como Gas Natural Fenosa\u201d<\/span><\/strong><\/p>\n<p><strong><span style=\"font-family: verdana, geneva, sans-serif; font-size: 14px;\">La Raz\u00f3n (edici\u00f3n Catalu\u00f1a)(16 julio 2012), 1 pp. Barcelona<\/span><\/strong><\/p>\n<p><span style=\"font-family: verdana, geneva, sans-serif; font-size: 14px;\"><strong><a href=\"https:\/\/fabregaspere.com\/blog2\/wp-content\/uploads\/2014\/09\/2012.07.16.FGN_.La-Razon.Entrevista-PF.pdf\">Descargar PDF<\/a><\/strong><\/span><\/p>\n","protected":false},"excerpt":{"rendered":"<p>Fundaciones [2012.07.16] Entrevista con Pere-A. F\u00e0bregas (2012): \u201cYa no pasa hoy que existan empresas tan antiguas como Gas Natural Fenosa\u201d La Raz\u00f3n (edici\u00f3n Catalu\u00f1a)(16 julio 2012), 1 pp. Barcelona Descargar PDF<\/p>\n","protected":false},"author":3,"featured_media":0,"comment_status":"closed","ping_status":"open","sticky":false,"template":"","format":"aside","meta":{"footnotes":""},"categories":[17,34,139],"tags":[50],"class_list":["post-1382","post","type-post","status-publish","format-aside","hentry","category-14-entrevista-prensa","category-05-fundaciones","category-02-espanol","tag-barcelona","post_format-post-format-aside"],"rttpg_featured_image_url":null,"rttpg_author":{"display_name":"Pere-A. F\u00e0bregas","author_link":"https:\/\/fabregaspere.com\/blog2\/author\/fabregaspere2\/"},"rttpg_comment":0,"rttpg_category":"<a href=\"https:\/\/fabregaspere.com\/blog2\/category\/tipos\/14-entrevista-prensa\/\" rel=\"category tag\">a14. Entrevista prensa<\/a> <a href=\"https:\/\/fabregaspere.com\/blog2\/category\/temas\/05-fundaciones\/\" rel=\"category tag\">b05. Fundaciones<\/a> <a href=\"https:\/\/fabregaspere.com\/blog2\/category\/idiomas\/02-espanol\/\" rel=\"category tag\">c02. Espa\u00f1ol<\/a>","rttpg_excerpt":"Fundaciones [2012.07.16] Entrevista con Pere-A. F\u00e0bregas (2012): \u201cYa no pasa hoy que existan empresas tan antiguas como Gas Natural Fenosa\u201d La Raz\u00f3n (edici\u00f3n Catalu\u00f1a)(16 julio 2012), 1 pp. Barcelona Descargar PDF","_links":{"self":[{"href":"https:\/\/fabregaspere.com\/blog2\/wp-json\/wp\/v2\/posts\/1382","targetHints":{"allow":["GET"]}}],"collection":[{"href":"https:\/\/fabregaspere.com\/blog2\/wp-json\/wp\/v2\/posts"}],"about":[{"href":"https:\/\/fabregaspere.com\/blog2\/wp-json\/wp\/v2\/types\/post"}],"author":[{"embeddable":true,"href":"https:\/\/fabregaspere.com\/blog2\/wp-json\/wp\/v2\/users\/3"}],"replies":[{"embeddable":true,"href":"https:\/\/fabregaspere.com\/blog2\/wp-json\/wp\/v2\/comments?post=1382"}],"version-history":[{"count":10,"href":"https:\/\/fabregaspere.com\/blog2\/wp-json\/wp\/v2\/posts\/1382\/revisions"}],"predecessor-version":[{"id":17425,"href":"https:\/\/fabregaspere.com\/blog2\/wp-json\/wp\/v2\/posts\/1382\/revisions\/17425"}],"wp:attachment":[{"href":"https:\/\/fabregaspere.com\/blog2\/wp-json\/wp\/v2\/media?parent=1382"}],"wp:term":[{"taxonomy":"category","embeddable":true,"href":"https:\/\/fabregaspere.com\/blog2\/wp-json\/wp\/v2\/categories?post=1382"},{"taxonomy":"post_tag","embeddable":true,"href":"https:\/\/fabregaspere.com\/blog2\/wp-json\/wp\/v2\/tags?post=1382"}],"curies":[{"name":"wp","href":"https:\/\/api.w.org\/{rel}","templated":true}]}}