{"id":14296,"date":"2022-04-10T01:00:22","date_gmt":"2022-04-09T23:00:22","guid":{"rendered":"https:\/\/fabregaspere.com\/blog2\/?p=14296"},"modified":"2024-08-13T18:29:01","modified_gmt":"2024-08-13T16:29:01","slug":"entrevista-radio-donants-i-donacions-a-catalunya-cadena-ser-catalunya2022-04-02-2","status":"publish","type":"post","link":"https:\/\/fabregaspere.com\/blog2\/2022\/04\/10\/entrevista-radio-donants-i-donacions-a-catalunya-cadena-ser-catalunya2022-04-02-2\/","title":{"rendered":"[ENTREVISTA R\u00c0DIO ] Pere Duran Farell [Catalunya Informaci\u00f3][2022.04.10]"},"content":{"rendered":"<p><span style=\"text-decoration: underline;\"><strong><span style=\"font-family: verdana, geneva, sans-serif; font-size: 14px;\"><a href=\"https:\/\/fabregaspere.com\/blog2\/wp-content\/uploads\/2022\/04\/LOGO-Catalunya_Informacio.jpg\"><img loading=\"lazy\" decoding=\"async\" class=\"aligncenter wp-image-14302 size-large\" src=\"https:\/\/fabregaspere.com\/blog2\/wp-content\/uploads\/2022\/04\/LOGO-Catalunya_Informacio-1024x367.jpg\" alt=\"\" width=\"474\" height=\"170\" srcset=\"https:\/\/fabregaspere.com\/blog2\/wp-content\/uploads\/2022\/04\/LOGO-Catalunya_Informacio-1024x367.jpg 1024w, https:\/\/fabregaspere.com\/blog2\/wp-content\/uploads\/2022\/04\/LOGO-Catalunya_Informacio-300x107.jpg 300w, https:\/\/fabregaspere.com\/blog2\/wp-content\/uploads\/2022\/04\/LOGO-Catalunya_Informacio-150x54.jpg 150w, https:\/\/fabregaspere.com\/blog2\/wp-content\/uploads\/2022\/04\/LOGO-Catalunya_Informacio-768x275.jpg 768w, https:\/\/fabregaspere.com\/blog2\/wp-content\/uploads\/2022\/04\/LOGO-Catalunya_Informacio-1536x550.jpg 1536w, https:\/\/fabregaspere.com\/blog2\/wp-content\/uploads\/2022\/04\/LOGO-Catalunya_Informacio-2048x733.jpg 2048w\" sizes=\"auto, (max-width: 474px) 100vw, 474px\" \/><\/a><\/span><\/strong><\/span><\/p>\n<p><span style=\"text-decoration: underline;\"><strong><span style=\"font-family: verdana, geneva, sans-serif; font-size: 14px;\">Hist\u00f2ria Pere Duran Farell [2022.04.10]<\/span><\/strong><\/span><\/p>\n<p><strong><span style=\"font-family: verdana, geneva, sans-serif; font-size: 14px;\">Entrevista amb Pere-A. F\u00e0bregas (2022): <em>Pere Duran Farell<\/em><\/span><\/strong><\/p>\n<p><strong><span style=\"font-family: verdana, geneva, sans-serif; font-size: 14px;\">Catalunya Informaci\u00f3 (10 abril 2022) Barcelona<\/span><\/strong><br \/>\n<strong><span style=\"font-family: verdana, geneva, sans-serif; font-size: 14px;\">Programa Informatius<\/span><\/strong><br \/>\n<strong><span style=\"font-family: verdana, geneva, sans-serif; font-size: 14px;\">Periodista: Jordi Canal D\u00edaz<\/span><\/strong><br \/>\n<strong><span style=\"font-family: verdana, geneva, sans-serif; font-size: 14px;\">Enregistrament: 2022.03.25<\/span><\/strong><br \/>\n<strong><span style=\"font-family: verdana, geneva, sans-serif; font-size: 14px;\">Emissi\u00f3: 2022.04.10 (18 a 19, min. 40) (23 a 00, min. 40)<\/span><\/strong><\/p>\n<!--[if lt IE 9]><script>document.createElement('audio');<\/script><![endif]-->\n<audio class=\"wp-audio-shortcode\" id=\"audio-14296-1\" preload=\"none\" style=\"width: 100%;\" controls=\"controls\"><source type=\"audio\/mpeg\" src=\"https:\/\/fabregaspere.com\/blog2\/wp-content\/uploads\/2022\/04\/2022.04.10.Catalunya-Informacio.-Informatius.Entr_.PF_.Pere-Duran.mp3?_=1\" \/><a href=\"https:\/\/fabregaspere.com\/blog2\/wp-content\/uploads\/2022\/04\/2022.04.10.Catalunya-Informacio.-Informatius.Entr_.PF_.Pere-Duran.mp3\">https:\/\/fabregaspere.com\/blog2\/wp-content\/uploads\/2022\/04\/2022.04.10.Catalunya-Informacio.-Informatius.Entr_.PF_.Pere-Duran.mp3<\/a><\/audio>\n","protected":false},"excerpt":{"rendered":"<p>Hist\u00f2ria Pere Duran Farell [2022.04.10] Entrevista amb Pere-A. F\u00e0bregas (2022): Pere Duran Farell Catalunya Informaci\u00f3 (10 abril 2022) Barcelona Programa Informatius Periodista: Jordi Canal D\u00edaz Enregistrament: 2022.03.25 Emissi\u00f3: 2022.04.10 (18 a 19, min. 40) (23 a 00, min. 40)<\/p>\n","protected":false},"author":3,"featured_media":0,"comment_status":"open","ping_status":"open","sticky":false,"template":"","format":"aside","meta":{"footnotes":""},"categories":[18,121,138],"tags":[50],"class_list":["post-14296","post","type-post","status-publish","format-aside","hentry","category-15-entrevista-audio","category-24-historia-pere-duran-farell","category-01-catalan","tag-barcelona","post_format-post-format-aside"],"rttpg_featured_image_url":null,"rttpg_author":{"display_name":"Pere-A. F\u00e0bregas","author_link":"https:\/\/fabregaspere.com\/blog2\/author\/fabregaspere2\/"},"rttpg_comment":0,"rttpg_category":"<a href=\"https:\/\/fabregaspere.com\/blog2\/category\/tipos\/15-entrevista-audio\/\" rel=\"category tag\">a15. Entrevista radio<\/a> <a href=\"https:\/\/fabregaspere.com\/blog2\/category\/temas\/24-historia-pere-duran-farell\/\" rel=\"category tag\">b24. Historia Pere Duran Farell<\/a> <a href=\"https:\/\/fabregaspere.com\/blog2\/category\/idiomas\/01-catalan\/\" rel=\"category tag\">c01. Catal\u00e1n<\/a>","rttpg_excerpt":"Hist\u00f2ria Pere Duran Farell [2022.04.10] Entrevista amb Pere-A. F\u00e0bregas (2022): Pere Duran Farell Catalunya Informaci\u00f3 (10 abril 2022) Barcelona Programa Informatius Periodista: Jordi Canal D\u00edaz Enregistrament: 2022.03.25 Emissi\u00f3: 2022.04.10 (18 a 19, min. 40) (23 a 00, min. 40)","_links":{"self":[{"href":"https:\/\/fabregaspere.com\/blog2\/wp-json\/wp\/v2\/posts\/14296","targetHints":{"allow":["GET"]}}],"collection":[{"href":"https:\/\/fabregaspere.com\/blog2\/wp-json\/wp\/v2\/posts"}],"about":[{"href":"https:\/\/fabregaspere.com\/blog2\/wp-json\/wp\/v2\/types\/post"}],"author":[{"embeddable":true,"href":"https:\/\/fabregaspere.com\/blog2\/wp-json\/wp\/v2\/users\/3"}],"replies":[{"embeddable":true,"href":"https:\/\/fabregaspere.com\/blog2\/wp-json\/wp\/v2\/comments?post=14296"}],"version-history":[{"count":3,"href":"https:\/\/fabregaspere.com\/blog2\/wp-json\/wp\/v2\/posts\/14296\/revisions"}],"predecessor-version":[{"id":14303,"href":"https:\/\/fabregaspere.com\/blog2\/wp-json\/wp\/v2\/posts\/14296\/revisions\/14303"}],"wp:attachment":[{"href":"https:\/\/fabregaspere.com\/blog2\/wp-json\/wp\/v2\/media?parent=14296"}],"wp:term":[{"taxonomy":"category","embeddable":true,"href":"https:\/\/fabregaspere.com\/blog2\/wp-json\/wp\/v2\/categories?post=14296"},{"taxonomy":"post_tag","embeddable":true,"href":"https:\/\/fabregaspere.com\/blog2\/wp-json\/wp\/v2\/tags?post=14296"}],"curies":[{"name":"wp","href":"https:\/\/api.w.org\/{rel}","templated":true}]}}