{"id":14614,"date":"2019-02-07T01:00:14","date_gmt":"2019-02-07T00:00:14","guid":{"rendered":"https:\/\/fabregaspere.com\/blog2\/?p=14614"},"modified":"2024-08-19T18:55:44","modified_gmt":"2024-08-19T16:55:44","slug":"entrevista-televisio-jornades-patrimoni-industrial-a-vic-canal-taronja-central2016-12-14-2","status":"publish","type":"post","link":"https:\/\/fabregaspere.com\/blog2\/2019\/02\/07\/entrevista-televisio-jornades-patrimoni-industrial-a-vic-canal-taronja-central2016-12-14-2\/","title":{"rendered":"[ENTREVISTA TELEVISI\u00d3] Es poden deduir de l&#8217;IRPF les aportacions a les fundacions de escoles concertades? [TV3][2019.02.07]"},"content":{"rendered":"<div style=\"width: 474px;\" class=\"wp-video\"><!--[if lt IE 9]><script>document.createElement('video');<\/script><![endif]-->\n<video class=\"wp-video-shortcode\" id=\"video-14614-1\" width=\"474\" height=\"267\" poster=\"https:\/\/fabregaspere.com\/blog2\/wp-content\/uploads\/2019\/02\/2019.02.07.poster-video.jpg\" preload=\"metadata\" controls=\"controls\"><source type=\"video\/mp4\" src=\"https:\/\/fabregaspere.com\/blog2\/wp-content\/uploads\/2019\/02\/2019.02.07.TV3_.Es-poden-deduir-de-lIRPF-.mp4?_=1\" \/><a href=\"https:\/\/fabregaspere.com\/blog2\/wp-content\/uploads\/2019\/02\/2019.02.07.TV3_.Es-poden-deduir-de-lIRPF-.mp4\">https:\/\/fabregaspere.com\/blog2\/wp-content\/uploads\/2019\/02\/2019.02.07.TV3_.Es-poden-deduir-de-lIRPF-.mp4<\/a><\/video><\/div>\n<p><span style=\"text-decoration: underline;\"><span style=\"font-family: verdana, geneva, sans-serif; font-size: 14px;\"><strong>Fundacions [2019.02.07]<\/strong><\/span><\/span><\/p>\n<p><span style=\"font-family: verdana, geneva, sans-serif; font-size: 14px;\"><strong>Entrevista amb Pere-A. F\u00e0bregas (2019): <em>Es poden deduir de l&#8217;IRPF les aportacions a les fundacions de escoles concertades?<\/em><\/strong><\/span><\/p>\n<p><span style=\"font-family: verdana, geneva, sans-serif; font-size: 14px;\"><strong>TV3 (7 febrer 2019) Barcelona<\/strong><\/span><br \/>\n<span style=\"font-family: verdana, geneva, sans-serif; font-size: 14px;\"><strong>Programa: Els Matins<\/strong><\/span><br \/>\n<span style=\"font-family: verdana, geneva, sans-serif; font-size: 14px;\"><strong>Periodista: Lidia Heredia<\/strong><\/span><br \/>\n<span style=\"font-family: verdana, geneva, sans-serif; font-size: 14px;\"><strong>Enregistrament \/ Emissi\u00f3: En directe a l&#8217;estudi<\/strong><\/span><br \/>\n<span style=\"font-family: verdana, geneva, sans-serif; font-size: 14px;\"><strong>Reemissi\u00f3 tall: TeleNoticies Migdia (a partir minut 29)<\/strong><\/span><br \/>\n<span style=\"font-family: verdana, geneva, sans-serif; font-size: 14px;\"><strong>Reemissi\u00f3 tall: TeleNoticies Vespre (a partir minut 31)<\/strong><\/span><\/p>\n","protected":false},"excerpt":{"rendered":"<p>Fundacions [2019.02.07] Entrevista amb Pere-A. F\u00e0bregas (2019): Es poden deduir de l&#8217;IRPF les aportacions a les fundacions de escoles concertades? TV3 (7 febrer 2019) Barcelona Programa: Els Matins Periodista: Lidia Heredia Enregistrament \/ Emissi\u00f3: En directe a l&#8217;estudi Reemissi\u00f3 tall: TeleNoticies Migdia (a partir minut 29) Reemissi\u00f3 tall: TeleNoticies Vespre (a partir minut 31)<\/p>\n","protected":false},"author":3,"featured_media":0,"comment_status":"open","ping_status":"open","sticky":false,"template":"","format":"aside","meta":{"footnotes":""},"categories":[19,34,138],"tags":[50],"class_list":["post-14614","post","type-post","status-publish","format-aside","hentry","category-16-entrevista-video","category-05-fundaciones","category-01-catalan","tag-barcelona","post_format-post-format-aside"],"rttpg_featured_image_url":null,"rttpg_author":{"display_name":"Pere-A. F\u00e0bregas","author_link":"https:\/\/fabregaspere.com\/blog2\/author\/fabregaspere2\/"},"rttpg_comment":0,"rttpg_category":"<a href=\"https:\/\/fabregaspere.com\/blog2\/category\/tipos\/16-entrevista-video\/\" rel=\"category tag\">a16. Entrevista televisi\u00f3n<\/a> <a href=\"https:\/\/fabregaspere.com\/blog2\/category\/temas\/05-fundaciones\/\" rel=\"category tag\">b05. Fundaciones<\/a> <a href=\"https:\/\/fabregaspere.com\/blog2\/category\/idiomas\/01-catalan\/\" rel=\"category tag\">c01. Catal\u00e1n<\/a>","rttpg_excerpt":"Fundacions [2019.02.07] Entrevista amb Pere-A. F\u00e0bregas (2019): Es poden deduir de l&#8217;IRPF les aportacions a les fundacions de escoles concertades? TV3 (7 febrer 2019) Barcelona Programa: Els Matins Periodista: Lidia Heredia Enregistrament \/ Emissi\u00f3: En directe a l&#8217;estudi Reemissi\u00f3 tall: TeleNoticies Migdia (a partir minut 29) Reemissi\u00f3 tall: TeleNoticies Vespre (a partir minut 31)","_links":{"self":[{"href":"https:\/\/fabregaspere.com\/blog2\/wp-json\/wp\/v2\/posts\/14614","targetHints":{"allow":["GET"]}}],"collection":[{"href":"https:\/\/fabregaspere.com\/blog2\/wp-json\/wp\/v2\/posts"}],"about":[{"href":"https:\/\/fabregaspere.com\/blog2\/wp-json\/wp\/v2\/types\/post"}],"author":[{"embeddable":true,"href":"https:\/\/fabregaspere.com\/blog2\/wp-json\/wp\/v2\/users\/3"}],"replies":[{"embeddable":true,"href":"https:\/\/fabregaspere.com\/blog2\/wp-json\/wp\/v2\/comments?post=14614"}],"version-history":[{"count":3,"href":"https:\/\/fabregaspere.com\/blog2\/wp-json\/wp\/v2\/posts\/14614\/revisions"}],"predecessor-version":[{"id":14625,"href":"https:\/\/fabregaspere.com\/blog2\/wp-json\/wp\/v2\/posts\/14614\/revisions\/14625"}],"wp:attachment":[{"href":"https:\/\/fabregaspere.com\/blog2\/wp-json\/wp\/v2\/media?parent=14614"}],"wp:term":[{"taxonomy":"category","embeddable":true,"href":"https:\/\/fabregaspere.com\/blog2\/wp-json\/wp\/v2\/categories?post=14614"},{"taxonomy":"post_tag","embeddable":true,"href":"https:\/\/fabregaspere.com\/blog2\/wp-json\/wp\/v2\/tags?post=14614"}],"curies":[{"name":"wp","href":"https:\/\/api.w.org\/{rel}","templated":true}]}}