{"id":14907,"date":"2020-06-15T01:00:32","date_gmt":"2020-06-14T23:00:32","guid":{"rendered":"https:\/\/fabregaspere.com\/blog2\/?p=14907"},"modified":"2025-09-05T12:24:26","modified_gmt":"2025-09-05T10:24:26","slug":"capitol-llibre-mes-de-750-anys-dhistoria-conservada-a-la-placa-de-santa-anna-un-espai-provilegiat-de-la-barcelona-antiga-1261-2019-2020-06-15","status":"publish","type":"post","link":"https:\/\/fabregaspere.com\/blog2\/2020\/06\/15\/capitol-llibre-mes-de-750-anys-dhistoria-conservada-a-la-placa-de-santa-anna-un-espai-provilegiat-de-la-barcelona-antiga-1261-2019-2020-06-15\/","title":{"rendered":"[CAP\u00edTOL LLIBRE] M\u00e9s de 750 anys d&#8217;hist\u00f2ria conservada a la pla\u00e7a de Santa Anna. Un espai provilegiat de la Barcelona antiga (1261\/2019) [2020.06.15]"},"content":{"rendered":"<p><span style=\"text-decoration: underline;\"><span style=\"font-family: verdana, geneva, sans-serif; font-size: 14px;\"><strong>Hist\u00f2ria Barcelona [2020.06.15]<\/strong><\/span><\/span><\/p>\n<p><span style=\"font-family: verdana, geneva, sans-serif; font-size: 14px;\"><strong>F\u00c0BREGAS, Pere-A. (2020): \u00abM\u00e9s de 750 anys d&#8217;hist\u00f2ria conservada a la pla\u00e7a de Santa Anna. Un espai provilegiat de la Barcelona antiga (1261\/2019)\u00bb<\/strong><\/span><\/p>\n<p><span style=\"font-family: verdana, geneva, sans-serif; font-size: 14px;\"><strong>a AMCTAIC: <em>Patrimoni portuari i de les ind\u00fastries vinculades als ports<\/em>. XI Jornades d&#8217;Arqueologia Industrial de Catalunya]<\/strong><\/span><br \/>\n<span style=\"font-family: verdana, geneva, sans-serif; font-size: 14px;\"><strong>Barcelona: AMCTAIC, pp. 423\/440<\/strong><\/span><\/p>\n","protected":false},"excerpt":{"rendered":"<p>Hist\u00f2ria Barcelona [2020.06.15] F\u00c0BREGAS, Pere-A. (2020): \u00abM\u00e9s de 750 anys d&#8217;hist\u00f2ria conservada a la pla\u00e7a de Santa Anna. Un espai provilegiat de la Barcelona antiga (1261\/2019)\u00bb a AMCTAIC: Patrimoni portuari i de les ind\u00fastries vinculades als ports. XI Jornades d&#8217;Arqueologia Industrial de Catalunya] Barcelona: AMCTAIC, pp. 423\/440<\/p>\n","protected":false},"author":3,"featured_media":0,"comment_status":"open","ping_status":"open","sticky":false,"template":"","format":"aside","meta":{"footnotes":""},"categories":[6,173,138],"tags":[50],"class_list":["post-14907","post","type-post","status-publish","format-aside","hentry","category-03-capitulo-libro","category-b31-historia-barcelona","category-01-catalan","tag-barcelona","post_format-post-format-aside"],"rttpg_featured_image_url":null,"rttpg_author":{"display_name":"Pere-A. F\u00e0bregas","author_link":"https:\/\/fabregaspere.com\/blog2\/author\/fabregaspere2\/"},"rttpg_comment":0,"rttpg_category":"<a href=\"https:\/\/fabregaspere.com\/blog2\/category\/tipos\/03-capitulo-libro\/\" rel=\"category tag\">a03. Cap\u00edtulo libro<\/a> <a href=\"https:\/\/fabregaspere.com\/blog2\/category\/temas\/b31-historia-barcelona\/\" rel=\"category tag\">b31. Historia Barcelona<\/a> <a href=\"https:\/\/fabregaspere.com\/blog2\/category\/idiomas\/01-catalan\/\" rel=\"category tag\">c01. Catal\u00e1n<\/a>","rttpg_excerpt":"Hist\u00f2ria Barcelona [2020.06.15] F\u00c0BREGAS, Pere-A. (2020): \u00abM\u00e9s de 750 anys d&#8217;hist\u00f2ria conservada a la pla\u00e7a de Santa Anna. Un espai provilegiat de la Barcelona antiga (1261\/2019)\u00bb a AMCTAIC: Patrimoni portuari i de les ind\u00fastries vinculades als ports. XI Jornades d&#8217;Arqueologia Industrial de Catalunya] Barcelona: AMCTAIC, pp. 423\/440","_links":{"self":[{"href":"https:\/\/fabregaspere.com\/blog2\/wp-json\/wp\/v2\/posts\/14907","targetHints":{"allow":["GET"]}}],"collection":[{"href":"https:\/\/fabregaspere.com\/blog2\/wp-json\/wp\/v2\/posts"}],"about":[{"href":"https:\/\/fabregaspere.com\/blog2\/wp-json\/wp\/v2\/types\/post"}],"author":[{"embeddable":true,"href":"https:\/\/fabregaspere.com\/blog2\/wp-json\/wp\/v2\/users\/3"}],"replies":[{"embeddable":true,"href":"https:\/\/fabregaspere.com\/blog2\/wp-json\/wp\/v2\/comments?post=14907"}],"version-history":[{"count":4,"href":"https:\/\/fabregaspere.com\/blog2\/wp-json\/wp\/v2\/posts\/14907\/revisions"}],"predecessor-version":[{"id":16608,"href":"https:\/\/fabregaspere.com\/blog2\/wp-json\/wp\/v2\/posts\/14907\/revisions\/16608"}],"wp:attachment":[{"href":"https:\/\/fabregaspere.com\/blog2\/wp-json\/wp\/v2\/media?parent=14907"}],"wp:term":[{"taxonomy":"category","embeddable":true,"href":"https:\/\/fabregaspere.com\/blog2\/wp-json\/wp\/v2\/categories?post=14907"},{"taxonomy":"post_tag","embeddable":true,"href":"https:\/\/fabregaspere.com\/blog2\/wp-json\/wp\/v2\/tags?post=14907"}],"curies":[{"name":"wp","href":"https:\/\/api.w.org\/{rel}","templated":true}]}}