{"id":14931,"date":"2004-04-01T01:00:26","date_gmt":"2004-03-31T23:00:26","guid":{"rendered":"https:\/\/fabregaspere.com\/blog2\/?p=14931"},"modified":"2025-09-21T13:13:44","modified_gmt":"2025-09-21T11:13:44","slug":"palabras-seminario-ahorro-eficiencia-energetica-y-desarrollo-regional-fgn2004-04-01-a","status":"publish","type":"post","link":"https:\/\/fabregaspere.com\/blog2\/2004\/04\/01\/palabras-seminario-ahorro-eficiencia-energetica-y-desarrollo-regional-fgn2004-04-01-a\/","title":{"rendered":"[PALABRAS] Seminario. Ahorro, eficiencia energ\u00e9tica y desarrollo regional [FGN][2004.04.01.a]"},"content":{"rendered":"<p><span style=\"text-decoration: underline;\"><span style=\"font-family: verdana, geneva, sans-serif; font-size: 14px;\"><strong>Medio Ambiente [2004.04.01.a]<\/strong><\/span><\/span><\/p>\n<p><span style=\"font-family: verdana, geneva, sans-serif; font-size: 14px;\"><strong>F\u00c0BREGAS, Pere-A. (2004): Seminario. <em>Ahorro, eficiencia energ\u00e9tica y desarrollo regional<\/em><\/strong><\/span><\/p>\n<p><span style=\"font-family: verdana, geneva, sans-serif; font-size: 14px;\"><strong>[clausura con]<\/strong><\/span><\/p>\n<ul>\n<li><span style=\"font-family: verdana, geneva, sans-serif; font-size: 14px;\"><strong>Jos\u00e9 Andr\u00e9s Burguete (Consejero de Medio Ambiente, Ordenaci\u00f3n del Territorio y Vivienda del Gobierno de Navarra)<\/strong><\/span><\/li>\n<\/ul>\n<p><span style=\"font-family: verdana, geneva, sans-serif; font-size: 14px;\"><strong>Fundaci\u00f3n Gas Natural<\/strong><\/span><\/p>\n<p><span style=\"font-family: verdana, geneva, sans-serif; font-size: 14px;\"><strong>Pamplona: El Baluarte<\/strong><\/span><\/p>\n<ul>\n<li><a href=\"https:\/\/fabregaspere.com\/blog2\/wp-content\/uploads\/2025\/09\/2004.04.01.a.a.PROGRAMA.pdf\"><span style=\"font-family: verdana, geneva, sans-serif; font-size: 14px;\"><strong>Programa<\/strong><\/span><\/a><\/li>\n<li><span style=\"font-family: verdana, geneva, sans-serif; font-size: 14px;\"><strong><a href=\"https:\/\/fabregaspere.com\/blog2\/wp-content\/uploads\/2025\/09\/2004.04.01.a.b.PARAULES.PF_.pdf\">Palabras<\/a><\/strong><\/span><\/li>\n<li><a href=\"https:\/\/fabregaspere.com\/blog2\/wp-content\/uploads\/2025\/09\/2004.04.01.a.d.NOTA-PREMSA.pdf\"><span style=\"font-family: verdana, geneva, sans-serif; font-size: 14px;\"><strong>Nota de Prensa<\/strong><\/span><\/a><\/li>\n<\/ul>\n","protected":false},"excerpt":{"rendered":"<p>Medio Ambiente [2004.04.01.a] F\u00c0BREGAS, Pere-A. (2004): Seminario. Ahorro, eficiencia energ\u00e9tica y desarrollo regional [clausura con] Jos\u00e9 Andr\u00e9s Burguete (Consejero de Medio Ambiente, Ordenaci\u00f3n del Territorio y Vivienda del Gobierno de Navarra) Fundaci\u00f3n Gas Natural Pamplona: El Baluarte Programa Palabras Nota de Prensa<\/p>\n","protected":false},"author":3,"featured_media":17114,"comment_status":"closed","ping_status":"closed","sticky":false,"template":"","format":"aside","meta":{"footnotes":""},"categories":[134,35,139],"tags":[95],"class_list":["post-14931","post","type-post","status-publish","format-aside","has-post-thumbnail","hentry","category-60-palabras","category-04-medio-ambiente","category-02-espanol","tag-pamplona","post_format-post-format-aside"],"rttpg_featured_image_url":{"full":["https:\/\/fabregaspere.com\/blog2\/wp-content\/uploads\/2025\/09\/2004.04.01.a.e.IMATGE-scaled.jpg",2560,1703,false],"landscape":["https:\/\/fabregaspere.com\/blog2\/wp-content\/uploads\/2025\/09\/2004.04.01.a.e.IMATGE-scaled.jpg",2560,1703,false],"portraits":["https:\/\/fabregaspere.com\/blog2\/wp-content\/uploads\/2025\/09\/2004.04.01.a.e.IMATGE-scaled.jpg",2560,1703,false],"thumbnail":["https:\/\/fabregaspere.com\/blog2\/wp-content\/uploads\/2025\/09\/2004.04.01.a.e.IMATGE-150x100.jpg",150,100,true],"medium":["https:\/\/fabregaspere.com\/blog2\/wp-content\/uploads\/2025\/09\/2004.04.01.a.e.IMATGE-300x200.jpg",300,200,true],"large":["https:\/\/fabregaspere.com\/blog2\/wp-content\/uploads\/2025\/09\/2004.04.01.a.e.IMATGE-1024x681.jpg",474,315,true],"1536x1536":["https:\/\/fabregaspere.com\/blog2\/wp-content\/uploads\/2025\/09\/2004.04.01.a.e.IMATGE-1536x1022.jpg",1536,1022,true],"2048x2048":["https:\/\/fabregaspere.com\/blog2\/wp-content\/uploads\/2025\/09\/2004.04.01.a.e.IMATGE-2048x1363.jpg",2048,1363,true],"post-thumbnail":["https:\/\/fabregaspere.com\/blog2\/wp-content\/uploads\/2025\/09\/2004.04.01.a.e.IMATGE-672x372.jpg",672,372,true],"twentyfourteen-full-width":["https:\/\/fabregaspere.com\/blog2\/wp-content\/uploads\/2025\/09\/2004.04.01.a.e.IMATGE-1038x576.jpg",1038,576,true]},"rttpg_author":{"display_name":"Pere-A. F\u00e0bregas","author_link":"https:\/\/fabregaspere.com\/blog2\/author\/fabregaspere2\/"},"rttpg_comment":0,"rttpg_category":"<a href=\"https:\/\/fabregaspere.com\/blog2\/category\/tipos\/60-palabras\/\" rel=\"category tag\">a60. Palabras<\/a> <a href=\"https:\/\/fabregaspere.com\/blog2\/category\/temas\/04-medio-ambiente\/\" rel=\"category tag\">b04. Medio Ambiente<\/a> <a href=\"https:\/\/fabregaspere.com\/blog2\/category\/idiomas\/02-espanol\/\" rel=\"category tag\">c02. Espa\u00f1ol<\/a>","rttpg_excerpt":"Medio Ambiente [2004.04.01.a] F\u00c0BREGAS, Pere-A. (2004): Seminario. Ahorro, eficiencia energ\u00e9tica y desarrollo regional [clausura con] Jos\u00e9 Andr\u00e9s Burguete (Consejero de Medio Ambiente, Ordenaci\u00f3n del Territorio y Vivienda del Gobierno de Navarra) Fundaci\u00f3n Gas Natural Pamplona: El Baluarte Programa Palabras Nota de Prensa","_links":{"self":[{"href":"https:\/\/fabregaspere.com\/blog2\/wp-json\/wp\/v2\/posts\/14931","targetHints":{"allow":["GET"]}}],"collection":[{"href":"https:\/\/fabregaspere.com\/blog2\/wp-json\/wp\/v2\/posts"}],"about":[{"href":"https:\/\/fabregaspere.com\/blog2\/wp-json\/wp\/v2\/types\/post"}],"author":[{"embeddable":true,"href":"https:\/\/fabregaspere.com\/blog2\/wp-json\/wp\/v2\/users\/3"}],"replies":[{"embeddable":true,"href":"https:\/\/fabregaspere.com\/blog2\/wp-json\/wp\/v2\/comments?post=14931"}],"version-history":[{"count":6,"href":"https:\/\/fabregaspere.com\/blog2\/wp-json\/wp\/v2\/posts\/14931\/revisions"}],"predecessor-version":[{"id":17115,"href":"https:\/\/fabregaspere.com\/blog2\/wp-json\/wp\/v2\/posts\/14931\/revisions\/17115"}],"wp:featuredmedia":[{"embeddable":true,"href":"https:\/\/fabregaspere.com\/blog2\/wp-json\/wp\/v2\/media\/17114"}],"wp:attachment":[{"href":"https:\/\/fabregaspere.com\/blog2\/wp-json\/wp\/v2\/media?parent=14931"}],"wp:term":[{"taxonomy":"category","embeddable":true,"href":"https:\/\/fabregaspere.com\/blog2\/wp-json\/wp\/v2\/categories?post=14931"},{"taxonomy":"post_tag","embeddable":true,"href":"https:\/\/fabregaspere.com\/blog2\/wp-json\/wp\/v2\/tags?post=14931"}],"curies":[{"name":"wp","href":"https:\/\/api.w.org\/{rel}","templated":true}]}}