{"id":14934,"date":"2004-04-01T02:00:26","date_gmt":"2004-04-01T00:00:26","guid":{"rendered":"https:\/\/fabregaspere.com\/blog2\/?p=14934"},"modified":"2025-09-21T13:16:19","modified_gmt":"2025-09-21T11:16:19","slug":"palabras-convenio-fundacion-gas-natural-y-gobierno-de-navarra-fgn2004-04-01-b","status":"publish","type":"post","link":"https:\/\/fabregaspere.com\/blog2\/2004\/04\/01\/palabras-convenio-fundacion-gas-natural-y-gobierno-de-navarra-fgn2004-04-01-b\/","title":{"rendered":"[PALABRAS] Convenio Fundaci\u00f3n Gas Natural y Gobierno de Navarra [FGN][2004.04.01.b]"},"content":{"rendered":"<p><span style=\"text-decoration: underline;\"><span style=\"font-family: verdana, geneva, sans-serif; font-size: 14px;\"><strong>Medio Ambiente [2004.04.01.b]<\/strong><\/span><\/span><\/p>\n<p><span style=\"font-family: verdana, geneva, sans-serif; font-size: 14px;\"><strong>F\u00c0BREGAS, Pere-A. (2004): <em>Convenio Fundaci\u00f3n Gas Natural y Gobierno de Navarra<\/em><\/strong><\/span><\/p>\n<p><span style=\"font-family: verdana, geneva, sans-serif; font-size: 14px;\"><strong>[firma con]<\/strong><\/span><\/p>\n<ul>\n<li><span style=\"font-family: verdana, geneva, sans-serif; font-size: 14px;\"><strong>Jos\u00e9 Andr\u00e9s Burguete (Consejero de Medio Ambiente, Ordenaci\u00f3n del Territorio y Vivienda del Gobierno de Navarra)<\/strong><\/span><\/li>\n<li><span style=\"font-family: verdana, geneva, sans-serif; font-size: 14px;\"><strong>Enrique Locutura (Consejero Delegado de Gas Natural)<\/strong><\/span><\/li>\n<\/ul>\n<p><span style=\"font-family: verdana, geneva, sans-serif; font-size: 14px;\"><strong>Fundaci\u00f3n Gas Natural y Gobierno de Navarra<\/strong><\/span><\/p>\n<p><span style=\"font-family: verdana, geneva, sans-serif; font-size: 14px;\"><strong>Pamplona: El Baluarte<\/strong><\/span><\/p>\n<p><a href=\"https:\/\/fabregaspere.com\/blog2\/wp-content\/uploads\/2025\/09\/2004.04.01.b.d.NOTA-PREMSA.pdf\"><span style=\"font-family: verdana, geneva, sans-serif; font-size: 14px;\"><strong>Nota de Prensa<\/strong><\/span><\/a><\/p>\n","protected":false},"excerpt":{"rendered":"<p>Medio Ambiente [2004.04.01.b] F\u00c0BREGAS, Pere-A. (2004): Convenio Fundaci\u00f3n Gas Natural y Gobierno de Navarra [firma con] Jos\u00e9 Andr\u00e9s Burguete (Consejero de Medio Ambiente, Ordenaci\u00f3n del Territorio y Vivienda del Gobierno de Navarra) Enrique Locutura (Consejero Delegado de Gas Natural) Fundaci\u00f3n Gas Natural y Gobierno de Navarra Pamplona: El Baluarte Nota de Prensa<\/p>\n","protected":false},"author":3,"featured_media":17117,"comment_status":"closed","ping_status":"closed","sticky":false,"template":"","format":"aside","meta":{"footnotes":""},"categories":[134,35,139],"tags":[95],"class_list":["post-14934","post","type-post","status-publish","format-aside","has-post-thumbnail","hentry","category-60-palabras","category-04-medio-ambiente","category-02-espanol","tag-pamplona","post_format-post-format-aside"],"rttpg_featured_image_url":{"full":["https:\/\/fabregaspere.com\/blog2\/wp-content\/uploads\/2025\/09\/2004.04.01.b.e.IMATGE-scaled.jpg",2560,1703,false],"landscape":["https:\/\/fabregaspere.com\/blog2\/wp-content\/uploads\/2025\/09\/2004.04.01.b.e.IMATGE-scaled.jpg",2560,1703,false],"portraits":["https:\/\/fabregaspere.com\/blog2\/wp-content\/uploads\/2025\/09\/2004.04.01.b.e.IMATGE-scaled.jpg",2560,1703,false],"thumbnail":["https:\/\/fabregaspere.com\/blog2\/wp-content\/uploads\/2025\/09\/2004.04.01.b.e.IMATGE-150x100.jpg",150,100,true],"medium":["https:\/\/fabregaspere.com\/blog2\/wp-content\/uploads\/2025\/09\/2004.04.01.b.e.IMATGE-300x200.jpg",300,200,true],"large":["https:\/\/fabregaspere.com\/blog2\/wp-content\/uploads\/2025\/09\/2004.04.01.b.e.IMATGE-1024x681.jpg",474,315,true],"1536x1536":["https:\/\/fabregaspere.com\/blog2\/wp-content\/uploads\/2025\/09\/2004.04.01.b.e.IMATGE-1536x1022.jpg",1536,1022,true],"2048x2048":["https:\/\/fabregaspere.com\/blog2\/wp-content\/uploads\/2025\/09\/2004.04.01.b.e.IMATGE-2048x1363.jpg",2048,1363,true],"post-thumbnail":["https:\/\/fabregaspere.com\/blog2\/wp-content\/uploads\/2025\/09\/2004.04.01.b.e.IMATGE-672x372.jpg",672,372,true],"twentyfourteen-full-width":["https:\/\/fabregaspere.com\/blog2\/wp-content\/uploads\/2025\/09\/2004.04.01.b.e.IMATGE-1038x576.jpg",1038,576,true]},"rttpg_author":{"display_name":"Pere-A. F\u00e0bregas","author_link":"https:\/\/fabregaspere.com\/blog2\/author\/fabregaspere2\/"},"rttpg_comment":0,"rttpg_category":"<a href=\"https:\/\/fabregaspere.com\/blog2\/category\/tipos\/60-palabras\/\" rel=\"category tag\">a60. Palabras<\/a> <a href=\"https:\/\/fabregaspere.com\/blog2\/category\/temas\/04-medio-ambiente\/\" rel=\"category tag\">b04. Medio Ambiente<\/a> <a href=\"https:\/\/fabregaspere.com\/blog2\/category\/idiomas\/02-espanol\/\" rel=\"category tag\">c02. Espa\u00f1ol<\/a>","rttpg_excerpt":"Medio Ambiente [2004.04.01.b] F\u00c0BREGAS, Pere-A. (2004): Convenio Fundaci\u00f3n Gas Natural y Gobierno de Navarra [firma con] Jos\u00e9 Andr\u00e9s Burguete (Consejero de Medio Ambiente, Ordenaci\u00f3n del Territorio y Vivienda del Gobierno de Navarra) Enrique Locutura (Consejero Delegado de Gas Natural) Fundaci\u00f3n Gas Natural y Gobierno de Navarra Pamplona: El Baluarte Nota de Prensa","_links":{"self":[{"href":"https:\/\/fabregaspere.com\/blog2\/wp-json\/wp\/v2\/posts\/14934","targetHints":{"allow":["GET"]}}],"collection":[{"href":"https:\/\/fabregaspere.com\/blog2\/wp-json\/wp\/v2\/posts"}],"about":[{"href":"https:\/\/fabregaspere.com\/blog2\/wp-json\/wp\/v2\/types\/post"}],"author":[{"embeddable":true,"href":"https:\/\/fabregaspere.com\/blog2\/wp-json\/wp\/v2\/users\/3"}],"replies":[{"embeddable":true,"href":"https:\/\/fabregaspere.com\/blog2\/wp-json\/wp\/v2\/comments?post=14934"}],"version-history":[{"count":5,"href":"https:\/\/fabregaspere.com\/blog2\/wp-json\/wp\/v2\/posts\/14934\/revisions"}],"predecessor-version":[{"id":17118,"href":"https:\/\/fabregaspere.com\/blog2\/wp-json\/wp\/v2\/posts\/14934\/revisions\/17118"}],"wp:featuredmedia":[{"embeddable":true,"href":"https:\/\/fabregaspere.com\/blog2\/wp-json\/wp\/v2\/media\/17117"}],"wp:attachment":[{"href":"https:\/\/fabregaspere.com\/blog2\/wp-json\/wp\/v2\/media?parent=14934"}],"wp:term":[{"taxonomy":"category","embeddable":true,"href":"https:\/\/fabregaspere.com\/blog2\/wp-json\/wp\/v2\/categories?post=14934"},{"taxonomy":"post_tag","embeddable":true,"href":"https:\/\/fabregaspere.com\/blog2\/wp-json\/wp\/v2\/tags?post=14934"}],"curies":[{"name":"wp","href":"https:\/\/api.w.org\/{rel}","templated":true}]}}