{"id":14936,"date":"2004-05-14T01:00:51","date_gmt":"2004-05-13T23:00:51","guid":{"rendered":"https:\/\/fabregaspere.com\/blog2\/?p=14936"},"modified":"2025-09-21T13:18:06","modified_gmt":"2025-09-21T11:18:06","slug":"paraules-conveni-fundacio-gas-natural-i-universitat-de-barcelona-llibre-fgn2004-05-14","status":"publish","type":"post","link":"https:\/\/fabregaspere.com\/blog2\/2004\/05\/14\/paraules-conveni-fundacio-gas-natural-i-universitat-de-barcelona-llibre-fgn2004-05-14\/","title":{"rendered":"[PARAULES] Conveni Fundaci\u00f3 Gas Natural i Universitat de Barcelona. Llibre [FGN][2004.05.14]"},"content":{"rendered":"<p><span style=\"text-decoration: underline;\"><span style=\"font-family: verdana, geneva, sans-serif; font-size: 14px;\"><strong>Medi Ambient [2004.05.14]<\/strong><\/span><\/span><\/p>\n<p><span style=\"font-family: verdana, geneva, sans-serif; font-size: 14px;\"><strong>F\u00c0BREGAS, Pere-A. (2004): <em>Conveni Fundaci\u00f3 Gas Natural i Universitat de Barcelona.<\/em> Llibre Fiscalitat Ambiental de la Energia<\/strong><\/span><\/p>\n<p><span style=\"font-family: verdana, geneva, sans-serif; font-size: 14px;\"><strong>[signatura amb] <\/strong><\/span><\/p>\n<ul>\n<li><span style=\"font-family: verdana, geneva, sans-serif; font-size: 14px;\"><strong>Marti Parellada (director Institut d&#8217;Economia de Barcelona)<\/strong><\/span><\/li>\n<\/ul>\n<p><span style=\"font-family: verdana, geneva, sans-serif; font-size: 14px;\"><strong>Fundaci\u00f3n Gas Natural i Fundaci\u00f3 Bosch Gimpera<\/strong><\/span><\/p>\n<p><span style=\"font-family: verdana, geneva, sans-serif; font-size: 14px;\"><strong>Barcelona: Fundaci\u00f3 Bosch Gimpera<\/strong><\/span><\/p>\n","protected":false},"excerpt":{"rendered":"<p>Medi Ambient [2004.05.14] F\u00c0BREGAS, Pere-A. (2004): Conveni Fundaci\u00f3 Gas Natural i Universitat de Barcelona. Llibre Fiscalitat Ambiental de la Energia [signatura amb] Marti Parellada (director Institut d&#8217;Economia de Barcelona) Fundaci\u00f3n Gas Natural i Fundaci\u00f3 Bosch Gimpera Barcelona: Fundaci\u00f3 Bosch Gimpera<\/p>\n","protected":false},"author":3,"featured_media":17119,"comment_status":"closed","ping_status":"closed","sticky":false,"template":"","format":"aside","meta":{"footnotes":""},"categories":[134,35,138],"tags":[50],"class_list":["post-14936","post","type-post","status-publish","format-aside","has-post-thumbnail","hentry","category-60-palabras","category-04-medio-ambiente","category-01-catalan","tag-barcelona","post_format-post-format-aside"],"rttpg_featured_image_url":{"full":["https:\/\/fabregaspere.com\/blog2\/wp-content\/uploads\/2025\/09\/2004.05.14.e.IMATGE-scaled.jpg",2560,1691,false],"landscape":["https:\/\/fabregaspere.com\/blog2\/wp-content\/uploads\/2025\/09\/2004.05.14.e.IMATGE-scaled.jpg",2560,1691,false],"portraits":["https:\/\/fabregaspere.com\/blog2\/wp-content\/uploads\/2025\/09\/2004.05.14.e.IMATGE-scaled.jpg",2560,1691,false],"thumbnail":["https:\/\/fabregaspere.com\/blog2\/wp-content\/uploads\/2025\/09\/2004.05.14.e.IMATGE-150x99.jpg",150,99,true],"medium":["https:\/\/fabregaspere.com\/blog2\/wp-content\/uploads\/2025\/09\/2004.05.14.e.IMATGE-300x198.jpg",300,198,true],"large":["https:\/\/fabregaspere.com\/blog2\/wp-content\/uploads\/2025\/09\/2004.05.14.e.IMATGE-1024x677.jpg",474,313,true],"1536x1536":["https:\/\/fabregaspere.com\/blog2\/wp-content\/uploads\/2025\/09\/2004.05.14.e.IMATGE-1536x1015.jpg",1536,1015,true],"2048x2048":["https:\/\/fabregaspere.com\/blog2\/wp-content\/uploads\/2025\/09\/2004.05.14.e.IMATGE-2048x1353.jpg",2048,1353,true],"post-thumbnail":["https:\/\/fabregaspere.com\/blog2\/wp-content\/uploads\/2025\/09\/2004.05.14.e.IMATGE-672x372.jpg",672,372,true],"twentyfourteen-full-width":["https:\/\/fabregaspere.com\/blog2\/wp-content\/uploads\/2025\/09\/2004.05.14.e.IMATGE-1038x576.jpg",1038,576,true]},"rttpg_author":{"display_name":"Pere-A. F\u00e0bregas","author_link":"https:\/\/fabregaspere.com\/blog2\/author\/fabregaspere2\/"},"rttpg_comment":0,"rttpg_category":"<a href=\"https:\/\/fabregaspere.com\/blog2\/category\/tipos\/60-palabras\/\" rel=\"category tag\">a60. Palabras<\/a> <a href=\"https:\/\/fabregaspere.com\/blog2\/category\/temas\/04-medio-ambiente\/\" rel=\"category tag\">b04. Medio Ambiente<\/a> <a href=\"https:\/\/fabregaspere.com\/blog2\/category\/idiomas\/01-catalan\/\" rel=\"category tag\">c01. Catal\u00e1n<\/a>","rttpg_excerpt":"Medi Ambient [2004.05.14] F\u00c0BREGAS, Pere-A. (2004): Conveni Fundaci\u00f3 Gas Natural i Universitat de Barcelona. Llibre Fiscalitat Ambiental de la Energia [signatura amb] Marti Parellada (director Institut d&#8217;Economia de Barcelona) Fundaci\u00f3n Gas Natural i Fundaci\u00f3 Bosch Gimpera Barcelona: Fundaci\u00f3 Bosch Gimpera","_links":{"self":[{"href":"https:\/\/fabregaspere.com\/blog2\/wp-json\/wp\/v2\/posts\/14936","targetHints":{"allow":["GET"]}}],"collection":[{"href":"https:\/\/fabregaspere.com\/blog2\/wp-json\/wp\/v2\/posts"}],"about":[{"href":"https:\/\/fabregaspere.com\/blog2\/wp-json\/wp\/v2\/types\/post"}],"author":[{"embeddable":true,"href":"https:\/\/fabregaspere.com\/blog2\/wp-json\/wp\/v2\/users\/3"}],"replies":[{"embeddable":true,"href":"https:\/\/fabregaspere.com\/blog2\/wp-json\/wp\/v2\/comments?post=14936"}],"version-history":[{"count":4,"href":"https:\/\/fabregaspere.com\/blog2\/wp-json\/wp\/v2\/posts\/14936\/revisions"}],"predecessor-version":[{"id":17014,"href":"https:\/\/fabregaspere.com\/blog2\/wp-json\/wp\/v2\/posts\/14936\/revisions\/17014"}],"wp:featuredmedia":[{"embeddable":true,"href":"https:\/\/fabregaspere.com\/blog2\/wp-json\/wp\/v2\/media\/17119"}],"wp:attachment":[{"href":"https:\/\/fabregaspere.com\/blog2\/wp-json\/wp\/v2\/media?parent=14936"}],"wp:term":[{"taxonomy":"category","embeddable":true,"href":"https:\/\/fabregaspere.com\/blog2\/wp-json\/wp\/v2\/categories?post=14936"},{"taxonomy":"post_tag","embeddable":true,"href":"https:\/\/fabregaspere.com\/blog2\/wp-json\/wp\/v2\/tags?post=14936"}],"curies":[{"name":"wp","href":"https:\/\/api.w.org\/{rel}","templated":true}]}}