{"id":14938,"date":"2004-05-20T01:00:12","date_gmt":"2004-05-19T23:00:12","guid":{"rendered":"https:\/\/fabregaspere.com\/blog2\/?p=14938"},"modified":"2025-09-21T13:20:53","modified_gmt":"2025-09-21T11:20:53","slug":"paraules-presentacio-llibres-el-uso-del-gas-natural-en-el-transporte-ficalidad-y-medio-ambiente-y-automovil-y-medio-ambiente-fgn2004-05-20","status":"publish","type":"post","link":"https:\/\/fabregaspere.com\/blog2\/2004\/05\/20\/paraules-presentacio-llibres-el-uso-del-gas-natural-en-el-transporte-ficalidad-y-medio-ambiente-y-automovil-y-medio-ambiente-fgn2004-05-20\/","title":{"rendered":"[PARAULES] Presentaci\u00f3 llibres. El uso del gas natural en el transporte: ficalidad y medio ambiente, y, Autom\u00f3vil y medio ambiente [FGN][2004.05.20]"},"content":{"rendered":"<p><span style=\"text-decoration: underline;\"><span style=\"font-family: verdana, geneva, sans-serif; font-size: 14px;\"><strong>Medi Ambient [2004.05.20]<\/strong><\/span><\/span><\/p>\n<p><span style=\"font-family: verdana, geneva, sans-serif; font-size: 14px;\"><strong>F\u00c0BREGAS, Pere-A. (2004): Presentaci\u00f3 llibres. <em>El uso del gas natural en el transporte: ficalidad y medio ambiente, y, Autom\u00f3vil y medio ambiente<\/em><\/strong><\/span><\/p>\n<p><span style=\"font-family: verdana, geneva, sans-serif; font-size: 14px;\"><strong>[inauguraci\u00f3 amb]<\/strong><\/span><\/p>\n<ul>\n<li><span style=\"font-family: verdana, geneva, sans-serif; font-size: 14px;\"><strong>Salvador Mil\u00e0 (Conseller de Medi Ambient i Habitatge de la Generalitat de Catalunya)<\/strong><\/span><\/li>\n<\/ul>\n<p><span style=\"font-family: verdana, geneva, sans-serif; font-size: 14px;\"><strong>Fundaci\u00f3 Gas Natural<\/strong><\/span><\/p>\n<p><span style=\"font-family: verdana, geneva, sans-serif; font-size: 14px;\"><strong>Barcelona: Aula Magna, UAB, Casa de Conval\u00e8scencia<\/strong><\/span><\/p>\n<ul>\n<li><a href=\"https:\/\/fabregaspere.com\/blog2\/wp-content\/uploads\/2025\/09\/2004.05.20.a.PROGRAMA.pdf\"><span style=\"font-family: verdana, geneva, sans-serif; font-size: 14px;\"><strong>Programa<\/strong><\/span><\/a><\/li>\n<li><a href=\"https:\/\/fabregaspere.com\/blog2\/wp-content\/uploads\/2025\/09\/2004.05.20.b.PARAULES.PF_.pdf\"><span style=\"font-family: verdana, geneva, sans-serif; font-size: 14px;\"><strong>Paraules<\/strong><\/span><\/a><\/li>\n<li><a href=\"https:\/\/fabregaspere.com\/blog2\/wp-content\/uploads\/2025\/09\/2004.05.20.d.NOTA-PREMSA.pdf\"><span style=\"font-family: verdana, geneva, sans-serif; font-size: 14px;\"><strong>Nota de Premsa<\/strong><\/span><\/a><\/li>\n<\/ul>\n<p>&nbsp;<\/p>\n","protected":false},"excerpt":{"rendered":"<p>Medi Ambient [2004.05.20] F\u00c0BREGAS, Pere-A. (2004): Presentaci\u00f3 llibres. El uso del gas natural en el transporte: ficalidad y medio ambiente, y, Autom\u00f3vil y medio ambiente [inauguraci\u00f3 amb] Salvador Mil\u00e0 (Conseller de Medi Ambient i Habitatge de la Generalitat de Catalunya) Fundaci\u00f3 Gas Natural Barcelona: Aula Magna, UAB, Casa de Conval\u00e8scencia Programa Paraules Nota de Premsa &hellip; <a href=\"https:\/\/fabregaspere.com\/blog2\/2004\/05\/20\/paraules-presentacio-llibres-el-uso-del-gas-natural-en-el-transporte-ficalidad-y-medio-ambiente-y-automovil-y-medio-ambiente-fgn2004-05-20\/\" class=\"more-link\">Seguir leyendo <span class=\"screen-reader-text\">[PARAULES] Presentaci\u00f3 llibres. El uso del gas natural en el transporte: ficalidad y medio ambiente, y, Autom\u00f3vil y medio ambiente [FGN][2004.05.20]<\/span> <span class=\"meta-nav\">&rarr;<\/span><\/a><\/p>\n","protected":false},"author":3,"featured_media":17020,"comment_status":"closed","ping_status":"closed","sticky":false,"template":"","format":"aside","meta":{"footnotes":""},"categories":[134,35,138],"tags":[50],"class_list":["post-14938","post","type-post","status-publish","format-aside","has-post-thumbnail","hentry","category-60-palabras","category-04-medio-ambiente","category-01-catalan","tag-barcelona","post_format-post-format-aside"],"rttpg_featured_image_url":{"full":["https:\/\/fabregaspere.com\/blog2\/wp-content\/uploads\/2025\/09\/2004.05.20.e.IMATGE.jpg",2126,1417,false],"landscape":["https:\/\/fabregaspere.com\/blog2\/wp-content\/uploads\/2025\/09\/2004.05.20.e.IMATGE.jpg",2126,1417,false],"portraits":["https:\/\/fabregaspere.com\/blog2\/wp-content\/uploads\/2025\/09\/2004.05.20.e.IMATGE.jpg",2126,1417,false],"thumbnail":["https:\/\/fabregaspere.com\/blog2\/wp-content\/uploads\/2025\/09\/2004.05.20.e.IMATGE-150x100.jpg",150,100,true],"medium":["https:\/\/fabregaspere.com\/blog2\/wp-content\/uploads\/2025\/09\/2004.05.20.e.IMATGE-300x200.jpg",300,200,true],"large":["https:\/\/fabregaspere.com\/blog2\/wp-content\/uploads\/2025\/09\/2004.05.20.e.IMATGE-1024x683.jpg",474,316,true],"1536x1536":["https:\/\/fabregaspere.com\/blog2\/wp-content\/uploads\/2025\/09\/2004.05.20.e.IMATGE-1536x1024.jpg",1536,1024,true],"2048x2048":["https:\/\/fabregaspere.com\/blog2\/wp-content\/uploads\/2025\/09\/2004.05.20.e.IMATGE-2048x1365.jpg",2048,1365,true],"post-thumbnail":["https:\/\/fabregaspere.com\/blog2\/wp-content\/uploads\/2025\/09\/2004.05.20.e.IMATGE-672x372.jpg",672,372,true],"twentyfourteen-full-width":["https:\/\/fabregaspere.com\/blog2\/wp-content\/uploads\/2025\/09\/2004.05.20.e.IMATGE-1038x576.jpg",1038,576,true]},"rttpg_author":{"display_name":"Pere-A. F\u00e0bregas","author_link":"https:\/\/fabregaspere.com\/blog2\/author\/fabregaspere2\/"},"rttpg_comment":0,"rttpg_category":"<a href=\"https:\/\/fabregaspere.com\/blog2\/category\/tipos\/60-palabras\/\" rel=\"category tag\">a60. Palabras<\/a> <a href=\"https:\/\/fabregaspere.com\/blog2\/category\/temas\/04-medio-ambiente\/\" rel=\"category tag\">b04. Medio Ambiente<\/a> <a href=\"https:\/\/fabregaspere.com\/blog2\/category\/idiomas\/01-catalan\/\" rel=\"category tag\">c01. Catal\u00e1n<\/a>","rttpg_excerpt":"Medi Ambient [2004.05.20] F\u00c0BREGAS, Pere-A. (2004): Presentaci\u00f3 llibres. El uso del gas natural en el transporte: ficalidad y medio ambiente, y, Autom\u00f3vil y medio ambiente [inauguraci\u00f3 amb] Salvador Mil\u00e0 (Conseller de Medi Ambient i Habitatge de la Generalitat de Catalunya) Fundaci\u00f3 Gas Natural Barcelona: Aula Magna, UAB, Casa de Conval\u00e8scencia Programa Paraules Nota de Premsa&hellip;","_links":{"self":[{"href":"https:\/\/fabregaspere.com\/blog2\/wp-json\/wp\/v2\/posts\/14938","targetHints":{"allow":["GET"]}}],"collection":[{"href":"https:\/\/fabregaspere.com\/blog2\/wp-json\/wp\/v2\/posts"}],"about":[{"href":"https:\/\/fabregaspere.com\/blog2\/wp-json\/wp\/v2\/types\/post"}],"author":[{"embeddable":true,"href":"https:\/\/fabregaspere.com\/blog2\/wp-json\/wp\/v2\/users\/3"}],"replies":[{"embeddable":true,"href":"https:\/\/fabregaspere.com\/blog2\/wp-json\/wp\/v2\/comments?post=14938"}],"version-history":[{"count":6,"href":"https:\/\/fabregaspere.com\/blog2\/wp-json\/wp\/v2\/posts\/14938\/revisions"}],"predecessor-version":[{"id":17120,"href":"https:\/\/fabregaspere.com\/blog2\/wp-json\/wp\/v2\/posts\/14938\/revisions\/17120"}],"wp:featuredmedia":[{"embeddable":true,"href":"https:\/\/fabregaspere.com\/blog2\/wp-json\/wp\/v2\/media\/17020"}],"wp:attachment":[{"href":"https:\/\/fabregaspere.com\/blog2\/wp-json\/wp\/v2\/media?parent=14938"}],"wp:term":[{"taxonomy":"category","embeddable":true,"href":"https:\/\/fabregaspere.com\/blog2\/wp-json\/wp\/v2\/categories?post=14938"},{"taxonomy":"post_tag","embeddable":true,"href":"https:\/\/fabregaspere.com\/blog2\/wp-json\/wp\/v2\/tags?post=14938"}],"curies":[{"name":"wp","href":"https:\/\/api.w.org\/{rel}","templated":true}]}}