{"id":14963,"date":"2004-11-30T01:00:09","date_gmt":"2004-11-30T00:00:09","guid":{"rendered":"https:\/\/fabregaspere.com\/blog2\/?p=14963"},"modified":"2025-09-21T14:16:16","modified_gmt":"2025-09-21T12:16:16","slug":"palabras-convenio-fundacion-gas-natural-y-ayuntamiento-de-galilea-la-rioja-fgn2004-11-30","status":"publish","type":"post","link":"https:\/\/fabregaspere.com\/blog2\/2004\/11\/30\/palabras-convenio-fundacion-gas-natural-y-ayuntamiento-de-galilea-la-rioja-fgn2004-11-30\/","title":{"rendered":"[PALABRAS] Convenio Fundaci\u00f3n Gas Natural y Ayuntamiento de Galilea (La Rioja) [FGN][2004.11.30]"},"content":{"rendered":"<p><span style=\"text-decoration: underline;\"><span style=\"font-family: verdana, geneva, sans-serif; font-size: 14px;\"><strong>Medio Ambiente [2004.11.30]<\/strong><\/span><\/span><\/p>\n<p><span style=\"font-family: verdana, geneva, sans-serif; font-size: 14px;\"><strong>F\u00c0BREGAS, Pere-A. (2004): <em>Convenio Fundaci\u00f3n Gas Natural y Ayuntamiento de Galilea<\/em> (La Rioja)<\/strong><\/span><\/p>\n<p><span style=\"font-family: verdana, geneva, sans-serif; font-size: 14px;\"><strong>[firma con]<\/strong><\/span><\/p>\n<ul>\n<li><span style=\"font-family: verdana, geneva, sans-serif; font-size: 14px;\"><strong>Mar\u00eda Concepci\u00f3n Eguiz\u00e1bal Malo (Alcaldesa de Galilea)<\/strong><\/span><\/li>\n<\/ul>\n<p><span style=\"font-family: verdana, geneva, sans-serif; font-size: 14px;\"><strong>Fundaci\u00f3n Gas Natural y Ayuntamiento de Galilea<\/strong><\/span><\/p>\n<p><span style=\"font-family: verdana, geneva, sans-serif; font-size: 14px;\"><strong>Galiles (La Rioja): Ayuntamiento de Galilea<\/strong><\/span><\/p>\n","protected":false},"excerpt":{"rendered":"<p>Medio Ambiente [2004.11.30] F\u00c0BREGAS, Pere-A. (2004): Convenio Fundaci\u00f3n Gas Natural y Ayuntamiento de Galilea (La Rioja) [firma con] Mar\u00eda Concepci\u00f3n Eguiz\u00e1bal Malo (Alcaldesa de Galilea) Fundaci\u00f3n Gas Natural y Ayuntamiento de Galilea Galiles (La Rioja): Ayuntamiento de Galilea<\/p>\n","protected":false},"author":3,"featured_media":17159,"comment_status":"closed","ping_status":"closed","sticky":false,"template":"","format":"aside","meta":{"footnotes":""},"categories":[134,35,139],"tags":[186],"class_list":["post-14963","post","type-post","status-publish","format-aside","has-post-thumbnail","hentry","category-60-palabras","category-04-medio-ambiente","category-02-espanol","tag-galilea","post_format-post-format-aside"],"rttpg_featured_image_url":{"full":["https:\/\/fabregaspere.com\/blog2\/wp-content\/uploads\/2025\/09\/2004.11.30.e.IMATGE.jpg",1512,1134,false],"landscape":["https:\/\/fabregaspere.com\/blog2\/wp-content\/uploads\/2025\/09\/2004.11.30.e.IMATGE.jpg",1512,1134,false],"portraits":["https:\/\/fabregaspere.com\/blog2\/wp-content\/uploads\/2025\/09\/2004.11.30.e.IMATGE.jpg",1512,1134,false],"thumbnail":["https:\/\/fabregaspere.com\/blog2\/wp-content\/uploads\/2025\/09\/2004.11.30.e.IMATGE-150x113.jpg",150,113,true],"medium":["https:\/\/fabregaspere.com\/blog2\/wp-content\/uploads\/2025\/09\/2004.11.30.e.IMATGE-300x225.jpg",300,225,true],"large":["https:\/\/fabregaspere.com\/blog2\/wp-content\/uploads\/2025\/09\/2004.11.30.e.IMATGE-1024x768.jpg",474,356,true],"1536x1536":["https:\/\/fabregaspere.com\/blog2\/wp-content\/uploads\/2025\/09\/2004.11.30.e.IMATGE.jpg",1512,1134,false],"2048x2048":["https:\/\/fabregaspere.com\/blog2\/wp-content\/uploads\/2025\/09\/2004.11.30.e.IMATGE.jpg",1512,1134,false],"post-thumbnail":["https:\/\/fabregaspere.com\/blog2\/wp-content\/uploads\/2025\/09\/2004.11.30.e.IMATGE-672x372.jpg",672,372,true],"twentyfourteen-full-width":["https:\/\/fabregaspere.com\/blog2\/wp-content\/uploads\/2025\/09\/2004.11.30.e.IMATGE-1038x576.jpg",1038,576,true]},"rttpg_author":{"display_name":"Pere-A. F\u00e0bregas","author_link":"https:\/\/fabregaspere.com\/blog2\/author\/fabregaspere2\/"},"rttpg_comment":0,"rttpg_category":"<a href=\"https:\/\/fabregaspere.com\/blog2\/category\/tipos\/60-palabras\/\" rel=\"category tag\">a60. Palabras<\/a> <a href=\"https:\/\/fabregaspere.com\/blog2\/category\/temas\/04-medio-ambiente\/\" rel=\"category tag\">b04. Medio Ambiente<\/a> <a href=\"https:\/\/fabregaspere.com\/blog2\/category\/idiomas\/02-espanol\/\" rel=\"category tag\">c02. Espa\u00f1ol<\/a>","rttpg_excerpt":"Medio Ambiente [2004.11.30] F\u00c0BREGAS, Pere-A. (2004): Convenio Fundaci\u00f3n Gas Natural y Ayuntamiento de Galilea (La Rioja) [firma con] Mar\u00eda Concepci\u00f3n Eguiz\u00e1bal Malo (Alcaldesa de Galilea) Fundaci\u00f3n Gas Natural y Ayuntamiento de Galilea Galiles (La Rioja): Ayuntamiento de Galilea","_links":{"self":[{"href":"https:\/\/fabregaspere.com\/blog2\/wp-json\/wp\/v2\/posts\/14963","targetHints":{"allow":["GET"]}}],"collection":[{"href":"https:\/\/fabregaspere.com\/blog2\/wp-json\/wp\/v2\/posts"}],"about":[{"href":"https:\/\/fabregaspere.com\/blog2\/wp-json\/wp\/v2\/types\/post"}],"author":[{"embeddable":true,"href":"https:\/\/fabregaspere.com\/blog2\/wp-json\/wp\/v2\/users\/3"}],"replies":[{"embeddable":true,"href":"https:\/\/fabregaspere.com\/blog2\/wp-json\/wp\/v2\/comments?post=14963"}],"version-history":[{"count":4,"href":"https:\/\/fabregaspere.com\/blog2\/wp-json\/wp\/v2\/posts\/14963\/revisions"}],"predecessor-version":[{"id":17094,"href":"https:\/\/fabregaspere.com\/blog2\/wp-json\/wp\/v2\/posts\/14963\/revisions\/17094"}],"wp:featuredmedia":[{"embeddable":true,"href":"https:\/\/fabregaspere.com\/blog2\/wp-json\/wp\/v2\/media\/17159"}],"wp:attachment":[{"href":"https:\/\/fabregaspere.com\/blog2\/wp-json\/wp\/v2\/media?parent=14963"}],"wp:term":[{"taxonomy":"category","embeddable":true,"href":"https:\/\/fabregaspere.com\/blog2\/wp-json\/wp\/v2\/categories?post=14963"},{"taxonomy":"post_tag","embeddable":true,"href":"https:\/\/fabregaspere.com\/blog2\/wp-json\/wp\/v2\/tags?post=14963"}],"curies":[{"name":"wp","href":"https:\/\/api.w.org\/{rel}","templated":true}]}}