{"id":14974,"date":"2005-04-14T01:00:04","date_gmt":"2005-04-13T23:00:04","guid":{"rendered":"https:\/\/fabregaspere.com\/blog2\/?p=14974"},"modified":"2025-09-21T19:36:56","modified_gmt":"2025-09-21T17:36:56","slug":"palabras-seminario-vivienda-y-medio-ambiente-en-castilla-la-mancha-fgn2005-04-14-a","status":"publish","type":"post","link":"https:\/\/fabregaspere.com\/blog2\/2005\/04\/14\/palabras-seminario-vivienda-y-medio-ambiente-en-castilla-la-mancha-fgn2005-04-14-a\/","title":{"rendered":"[PALABRAS] Seminario. Vivienda y Medio Ambiente en Castilla-La Mancha [FGN][2005.04.14]"},"content":{"rendered":"<p><span style=\"text-decoration: underline;\"><span style=\"font-family: verdana, geneva, sans-serif; font-size: 14px;\"><strong>Medio Ambiente [2005.04.14]<\/strong><\/span><\/span><\/p>\n<p><span style=\"font-family: verdana, geneva, sans-serif; font-size: 14px;\"><strong>F\u00c0BREGAS, Pere-A. (2005): Seminario. <em>Vivienda y Medio Ambiente en Castilla-La Mancha<\/em><\/strong><\/span><\/p>\n<p><span style=\"font-family: verdana, geneva, sans-serif; font-size: 14px;\"><strong>[inauguraci\u00f3n con]<\/strong><\/span><\/p>\n<ul>\n<li><span style=\"font-family: verdana, geneva, sans-serif; font-size: 14px;\"><strong>Alejandro Gil (Consejero de Vivienda y Urbanismo, Junta de Castilla-La Mancha)<\/strong><\/span><\/li>\n<\/ul>\n<p><span style=\"font-family: verdana, geneva, sans-serif; font-size: 14px;\"><strong>[clausura con]<\/strong><\/span><\/p>\n<ul>\n<li><span style=\"font-family: verdana, geneva, sans-serif; font-size: 14px;\"><strong>Mariano Mart\u00ednez (Director General de Calidad Ambiental. Consejer\u00eda de Medio Ambiente. Junta de Comunidades de Castilla La Mancha)<\/strong><\/span><\/li>\n<\/ul>\n<p><span style=\"font-family: verdana, geneva, sans-serif; font-size: 14px;\"><strong>Fundaci\u00f3n Gas Natural<\/strong><\/span><\/p>\n<p><span style=\"font-family: verdana, geneva, sans-serif; font-size: 14px;\"><strong>Toledo: Palacio de Benecaz\u00f3n<\/strong><\/span><\/p>\n<ul>\n<li><a href=\"https:\/\/fabregaspere.com\/blog2\/wp-content\/uploads\/2025\/09\/2005.04.14.a.PROGRAMA.pdf\"><span style=\"font-family: verdana, geneva, sans-serif; font-size: 14px;\"><strong>Programa<\/strong><\/span><\/a><\/li>\n<li><a href=\"https:\/\/fabregaspere.com\/blog2\/wp-content\/uploads\/2025\/09\/2005.04.14.b.PARAULES.PF_.in_.pdf\"><span style=\"font-family: verdana, geneva, sans-serif; font-size: 14px;\"><strong>Palabras inauguraci\u00f3n<\/strong><\/span><\/a><\/li>\n<li><a href=\"https:\/\/fabregaspere.com\/blog2\/wp-content\/uploads\/2025\/09\/2005.04.14.b.PARAULES.PFcl_.pdf\"><span style=\"font-family: verdana, geneva, sans-serif; font-size: 14px;\"><strong>Palabras clausura<\/strong><\/span><\/a><\/li>\n<li><a href=\"https:\/\/fabregaspere.com\/blog2\/wp-content\/uploads\/2025\/09\/2005.04.14.d.NOTA-PREMSA.pdf\"><span style=\"font-family: verdana, geneva, sans-serif; font-size: 14px;\"><strong>Nota de Prensa<\/strong><\/span><\/a><\/li>\n<\/ul>\n<p><img decoding=\"async\" src=\"https:\/\/fabregaspere.com\/blog2\/wp-content\/uploads\/2025\/09\/2005.04.14.e.IMATGE.cl_.jpg\" alt=\"\" \/><\/p>\n","protected":false},"excerpt":{"rendered":"<p>Medio Ambiente [2005.04.14] F\u00c0BREGAS, Pere-A. (2005): Seminario. Vivienda y Medio Ambiente en Castilla-La Mancha [inauguraci\u00f3n con] Alejandro Gil (Consejero de Vivienda y Urbanismo, Junta de Castilla-La Mancha) [clausura con] Mariano Mart\u00ednez (Director General de Calidad Ambiental. Consejer\u00eda de Medio Ambiente. Junta de Comunidades de Castilla La Mancha) Fundaci\u00f3n Gas Natural Toledo: Palacio de Benecaz\u00f3n Programa &hellip; <a href=\"https:\/\/fabregaspere.com\/blog2\/2005\/04\/14\/palabras-seminario-vivienda-y-medio-ambiente-en-castilla-la-mancha-fgn2005-04-14-a\/\" class=\"more-link\">Seguir leyendo <span class=\"screen-reader-text\">[PALABRAS] Seminario. Vivienda y Medio Ambiente en Castilla-La Mancha [FGN][2005.04.14]<\/span> <span class=\"meta-nav\">&rarr;<\/span><\/a><\/p>\n","protected":false},"author":3,"featured_media":17180,"comment_status":"closed","ping_status":"closed","sticky":false,"template":"","format":"aside","meta":{"footnotes":""},"categories":[134,35,139],"tags":[102],"class_list":["post-14974","post","type-post","status-publish","format-aside","has-post-thumbnail","hentry","category-60-palabras","category-04-medio-ambiente","category-02-espanol","tag-toledo","post_format-post-format-aside"],"rttpg_featured_image_url":{"full":["https:\/\/fabregaspere.com\/blog2\/wp-content\/uploads\/2025\/09\/2005.04.14.e.IMATGE.in_.jpg",2240,1488,false],"landscape":["https:\/\/fabregaspere.com\/blog2\/wp-content\/uploads\/2025\/09\/2005.04.14.e.IMATGE.in_.jpg",2240,1488,false],"portraits":["https:\/\/fabregaspere.com\/blog2\/wp-content\/uploads\/2025\/09\/2005.04.14.e.IMATGE.in_.jpg",2240,1488,false],"thumbnail":["https:\/\/fabregaspere.com\/blog2\/wp-content\/uploads\/2025\/09\/2005.04.14.e.IMATGE.in_-150x100.jpg",150,100,true],"medium":["https:\/\/fabregaspere.com\/blog2\/wp-content\/uploads\/2025\/09\/2005.04.14.e.IMATGE.in_-300x199.jpg",300,199,true],"large":["https:\/\/fabregaspere.com\/blog2\/wp-content\/uploads\/2025\/09\/2005.04.14.e.IMATGE.in_-1024x680.jpg",474,315,true],"1536x1536":["https:\/\/fabregaspere.com\/blog2\/wp-content\/uploads\/2025\/09\/2005.04.14.e.IMATGE.in_-1536x1020.jpg",1536,1020,true],"2048x2048":["https:\/\/fabregaspere.com\/blog2\/wp-content\/uploads\/2025\/09\/2005.04.14.e.IMATGE.in_-2048x1360.jpg",2048,1360,true],"post-thumbnail":["https:\/\/fabregaspere.com\/blog2\/wp-content\/uploads\/2025\/09\/2005.04.14.e.IMATGE.in_-672x372.jpg",672,372,true],"twentyfourteen-full-width":["https:\/\/fabregaspere.com\/blog2\/wp-content\/uploads\/2025\/09\/2005.04.14.e.IMATGE.in_-1038x576.jpg",1038,576,true]},"rttpg_author":{"display_name":"Pere-A. F\u00e0bregas","author_link":"https:\/\/fabregaspere.com\/blog2\/author\/fabregaspere2\/"},"rttpg_comment":0,"rttpg_category":"<a href=\"https:\/\/fabregaspere.com\/blog2\/category\/tipos\/60-palabras\/\" rel=\"category tag\">a60. Palabras<\/a> <a href=\"https:\/\/fabregaspere.com\/blog2\/category\/temas\/04-medio-ambiente\/\" rel=\"category tag\">b04. Medio Ambiente<\/a> <a href=\"https:\/\/fabregaspere.com\/blog2\/category\/idiomas\/02-espanol\/\" rel=\"category tag\">c02. Espa\u00f1ol<\/a>","rttpg_excerpt":"Medio Ambiente [2005.04.14] F\u00c0BREGAS, Pere-A. (2005): Seminario. Vivienda y Medio Ambiente en Castilla-La Mancha [inauguraci\u00f3n con] Alejandro Gil (Consejero de Vivienda y Urbanismo, Junta de Castilla-La Mancha) [clausura con] Mariano Mart\u00ednez (Director General de Calidad Ambiental. Consejer\u00eda de Medio Ambiente. Junta de Comunidades de Castilla La Mancha) Fundaci\u00f3n Gas Natural Toledo: Palacio de Benecaz\u00f3n Programa&hellip;","_links":{"self":[{"href":"https:\/\/fabregaspere.com\/blog2\/wp-json\/wp\/v2\/posts\/14974","targetHints":{"allow":["GET"]}}],"collection":[{"href":"https:\/\/fabregaspere.com\/blog2\/wp-json\/wp\/v2\/posts"}],"about":[{"href":"https:\/\/fabregaspere.com\/blog2\/wp-json\/wp\/v2\/types\/post"}],"author":[{"embeddable":true,"href":"https:\/\/fabregaspere.com\/blog2\/wp-json\/wp\/v2\/users\/3"}],"replies":[{"embeddable":true,"href":"https:\/\/fabregaspere.com\/blog2\/wp-json\/wp\/v2\/comments?post=14974"}],"version-history":[{"count":5,"href":"https:\/\/fabregaspere.com\/blog2\/wp-json\/wp\/v2\/posts\/14974\/revisions"}],"predecessor-version":[{"id":17181,"href":"https:\/\/fabregaspere.com\/blog2\/wp-json\/wp\/v2\/posts\/14974\/revisions\/17181"}],"wp:featuredmedia":[{"embeddable":true,"href":"https:\/\/fabregaspere.com\/blog2\/wp-json\/wp\/v2\/media\/17180"}],"wp:attachment":[{"href":"https:\/\/fabregaspere.com\/blog2\/wp-json\/wp\/v2\/media?parent=14974"}],"wp:term":[{"taxonomy":"category","embeddable":true,"href":"https:\/\/fabregaspere.com\/blog2\/wp-json\/wp\/v2\/categories?post=14974"},{"taxonomy":"post_tag","embeddable":true,"href":"https:\/\/fabregaspere.com\/blog2\/wp-json\/wp\/v2\/tags?post=14974"}],"curies":[{"name":"wp","href":"https:\/\/api.w.org\/{rel}","templated":true}]}}