{"id":14984,"date":"2005-05-26T01:00:55","date_gmt":"2005-05-25T23:00:55","guid":{"rendered":"https:\/\/fabregaspere.com\/blog2\/?p=14984"},"modified":"2025-09-22T13:18:25","modified_gmt":"2025-09-22T11:18:25","slug":"palabras-seminario-casos-practicos-de-edificacion-sostenible-en-la-comunidad-de-madrid-fgn2005-05-26-a","status":"publish","type":"post","link":"https:\/\/fabregaspere.com\/blog2\/2005\/05\/26\/palabras-seminario-casos-practicos-de-edificacion-sostenible-en-la-comunidad-de-madrid-fgn2005-05-26-a\/","title":{"rendered":"[PALABRAS] Seminario. Casos pr\u00e1cticos de edificaci\u00f3n sostenible en la Comunidad de Madrid [FGN][2005.05.26]"},"content":{"rendered":"<p><span style=\"text-decoration: underline;\"><span style=\"font-family: verdana, geneva, sans-serif; font-size: 14px;\"><strong>Medio Ambiente [2005.05.26]<\/strong><\/span><\/span><\/p>\n<p><span style=\"font-family: verdana, geneva, sans-serif; font-size: 14px;\"><strong>F\u00c0BREGAS, Pere-A. (2005): Seminario. <em>Casos pr\u00e1cticos de edificaci\u00f3n sostenible en la Comunidad de Madrid<\/em>\u00a0<\/strong><\/span><\/p>\n<p><span style=\"font-family: verdana, geneva, sans-serif; font-size: 14px;\"><strong>[inauguraci\u00f3n con]<\/strong><\/span><\/p>\n<ul>\n<li><span style=\"font-family: verdana, geneva, sans-serif; font-size: 14px;\"><strong>Jos\u00e9 Trigueros Domingo (Viceconsejero de Medio Ambiente y Ordenaci\u00f3n del Territorio de la Comunidad de Madrid)<\/strong><\/span><\/li>\n<\/ul>\n<p><strong style=\"font-family: verdana, geneva, sans-serif; font-size: 14px;\">[clausura con]<\/strong><\/p>\n<ul>\n<li><strong style=\"font-family: verdana, geneva, sans-serif; font-size: 14px;\">Ana Perpi\u00f1\u00e1 (Directora General de Planificaci\u00f3n Urbana del \u00c1rea de Gobierno de Urbanismo, Vivienda e Infraestructuras del Ayuntamiento de Madrid)<\/strong><\/li>\n<\/ul>\n<p><span style=\"font-family: verdana, geneva, sans-serif; font-size: 14px;\"><strong>Fundaci\u00f3n Gas Natural<\/strong><\/span><\/p>\n<p><span style=\"font-family: verdana, geneva, sans-serif; font-size: 14px;\"><strong>Madrid: IFEMA: Centro de Convenciones Norte<\/strong><\/span><\/p>\n<ul>\n<li><a href=\"https:\/\/fabregaspere.com\/blog2\/wp-content\/uploads\/2025\/09\/2005.05.26.a.PROGRAMA.pdf\"><span style=\"font-family: verdana, geneva, sans-serif; font-size: 14px;\"><strong>Programa<\/strong><\/span><\/a><\/li>\n<li><a href=\"https:\/\/fabregaspere.com\/blog2\/wp-content\/uploads\/2025\/09\/2005.05.26.b.PARAULES.PF_.in_.pdf\"><span style=\"font-family: verdana, geneva, sans-serif; font-size: 14px;\"><strong>Palabras inauguraci\u00f3n<\/strong><\/span><\/a><\/li>\n<li><a href=\"https:\/\/fabregaspere.com\/blog2\/wp-content\/uploads\/2025\/09\/2005.05.26.b.PARAULES.PF_.cl_.pdf\"><span style=\"font-family: verdana, geneva, sans-serif; font-size: 14px;\"><strong>Palabras clausura<\/strong><\/span><\/a><\/li>\n<li><a href=\"https:\/\/fabregaspere.com\/blog2\/wp-content\/uploads\/2025\/09\/2005.05.26.d.NOTA-PREMSA.pdf\"><span style=\"font-family: verdana, geneva, sans-serif; font-size: 14px;\"><strong>Nota de Prensa<\/strong><\/span><\/a><\/li>\n<\/ul>\n<p><img decoding=\"async\" src=\"https:\/\/fabregaspere.com\/blog2\/wp-content\/uploads\/2025\/09\/2005.05.26.e.IMATGE.cl_-scaled.jpg\" alt=\"\" \/><\/p>\n","protected":false},"excerpt":{"rendered":"<p>Medio Ambiente [2005.05.26] F\u00c0BREGAS, Pere-A. (2005): Seminario. Casos pr\u00e1cticos de edificaci\u00f3n sostenible en la Comunidad de Madrid\u00a0 [inauguraci\u00f3n con] Jos\u00e9 Trigueros Domingo (Viceconsejero de Medio Ambiente y Ordenaci\u00f3n del Territorio de la Comunidad de Madrid) [clausura con] Ana Perpi\u00f1\u00e1 (Directora General de Planificaci\u00f3n Urbana del \u00c1rea de Gobierno de Urbanismo, Vivienda e Infraestructuras del Ayuntamiento &hellip; <a href=\"https:\/\/fabregaspere.com\/blog2\/2005\/05\/26\/palabras-seminario-casos-practicos-de-edificacion-sostenible-en-la-comunidad-de-madrid-fgn2005-05-26-a\/\" class=\"more-link\">Seguir leyendo <span class=\"screen-reader-text\">[PALABRAS] Seminario. Casos pr\u00e1cticos de edificaci\u00f3n sostenible en la Comunidad de Madrid [FGN][2005.05.26]<\/span> <span class=\"meta-nav\">&rarr;<\/span><\/a><\/p>\n","protected":false},"author":3,"featured_media":17199,"comment_status":"closed","ping_status":"closed","sticky":false,"template":"","format":"aside","meta":{"footnotes":""},"categories":[134,35,139],"tags":[47],"class_list":["post-14984","post","type-post","status-publish","format-aside","has-post-thumbnail","hentry","category-60-palabras","category-04-medio-ambiente","category-02-espanol","tag-madrid","post_format-post-format-aside"],"rttpg_featured_image_url":{"full":["https:\/\/fabregaspere.com\/blog2\/wp-content\/uploads\/2025\/09\/2005.05.26.e.IMATGE.in_-scaled.jpg",2560,1707,false],"landscape":["https:\/\/fabregaspere.com\/blog2\/wp-content\/uploads\/2025\/09\/2005.05.26.e.IMATGE.in_-scaled.jpg",2560,1707,false],"portraits":["https:\/\/fabregaspere.com\/blog2\/wp-content\/uploads\/2025\/09\/2005.05.26.e.IMATGE.in_-scaled.jpg",2560,1707,false],"thumbnail":["https:\/\/fabregaspere.com\/blog2\/wp-content\/uploads\/2025\/09\/2005.05.26.e.IMATGE.in_-150x100.jpg",150,100,true],"medium":["https:\/\/fabregaspere.com\/blog2\/wp-content\/uploads\/2025\/09\/2005.05.26.e.IMATGE.in_-300x200.jpg",300,200,true],"large":["https:\/\/fabregaspere.com\/blog2\/wp-content\/uploads\/2025\/09\/2005.05.26.e.IMATGE.in_-1024x683.jpg",474,316,true],"1536x1536":["https:\/\/fabregaspere.com\/blog2\/wp-content\/uploads\/2025\/09\/2005.05.26.e.IMATGE.in_-1536x1024.jpg",1536,1024,true],"2048x2048":["https:\/\/fabregaspere.com\/blog2\/wp-content\/uploads\/2025\/09\/2005.05.26.e.IMATGE.in_-2048x1365.jpg",2048,1365,true],"post-thumbnail":["https:\/\/fabregaspere.com\/blog2\/wp-content\/uploads\/2025\/09\/2005.05.26.e.IMATGE.in_-672x372.jpg",672,372,true],"twentyfourteen-full-width":["https:\/\/fabregaspere.com\/blog2\/wp-content\/uploads\/2025\/09\/2005.05.26.e.IMATGE.in_-1038x576.jpg",1038,576,true]},"rttpg_author":{"display_name":"Pere-A. F\u00e0bregas","author_link":"https:\/\/fabregaspere.com\/blog2\/author\/fabregaspere2\/"},"rttpg_comment":0,"rttpg_category":"<a href=\"https:\/\/fabregaspere.com\/blog2\/category\/tipos\/60-palabras\/\" rel=\"category tag\">a60. Palabras<\/a> <a href=\"https:\/\/fabregaspere.com\/blog2\/category\/temas\/04-medio-ambiente\/\" rel=\"category tag\">b04. Medio Ambiente<\/a> <a href=\"https:\/\/fabregaspere.com\/blog2\/category\/idiomas\/02-espanol\/\" rel=\"category tag\">c02. Espa\u00f1ol<\/a>","rttpg_excerpt":"Medio Ambiente [2005.05.26] F\u00c0BREGAS, Pere-A. (2005): Seminario. Casos pr\u00e1cticos de edificaci\u00f3n sostenible en la Comunidad de Madrid\u00a0 [inauguraci\u00f3n con] Jos\u00e9 Trigueros Domingo (Viceconsejero de Medio Ambiente y Ordenaci\u00f3n del Territorio de la Comunidad de Madrid) [clausura con] Ana Perpi\u00f1\u00e1 (Directora General de Planificaci\u00f3n Urbana del \u00c1rea de Gobierno de Urbanismo, Vivienda e Infraestructuras del Ayuntamiento&hellip;","_links":{"self":[{"href":"https:\/\/fabregaspere.com\/blog2\/wp-json\/wp\/v2\/posts\/14984","targetHints":{"allow":["GET"]}}],"collection":[{"href":"https:\/\/fabregaspere.com\/blog2\/wp-json\/wp\/v2\/posts"}],"about":[{"href":"https:\/\/fabregaspere.com\/blog2\/wp-json\/wp\/v2\/types\/post"}],"author":[{"embeddable":true,"href":"https:\/\/fabregaspere.com\/blog2\/wp-json\/wp\/v2\/users\/3"}],"replies":[{"embeddable":true,"href":"https:\/\/fabregaspere.com\/blog2\/wp-json\/wp\/v2\/comments?post=14984"}],"version-history":[{"count":5,"href":"https:\/\/fabregaspere.com\/blog2\/wp-json\/wp\/v2\/posts\/14984\/revisions"}],"predecessor-version":[{"id":17200,"href":"https:\/\/fabregaspere.com\/blog2\/wp-json\/wp\/v2\/posts\/14984\/revisions\/17200"}],"wp:featuredmedia":[{"embeddable":true,"href":"https:\/\/fabregaspere.com\/blog2\/wp-json\/wp\/v2\/media\/17199"}],"wp:attachment":[{"href":"https:\/\/fabregaspere.com\/blog2\/wp-json\/wp\/v2\/media?parent=14984"}],"wp:term":[{"taxonomy":"category","embeddable":true,"href":"https:\/\/fabregaspere.com\/blog2\/wp-json\/wp\/v2\/categories?post=14984"},{"taxonomy":"post_tag","embeddable":true,"href":"https:\/\/fabregaspere.com\/blog2\/wp-json\/wp\/v2\/tags?post=14984"}],"curies":[{"name":"wp","href":"https:\/\/api.w.org\/{rel}","templated":true}]}}