{"id":15001,"date":"2005-09-14T01:00:53","date_gmt":"2005-09-13T23:00:53","guid":{"rendered":"https:\/\/fabregaspere.com\/blog2\/?p=15001"},"modified":"2025-09-22T17:17:44","modified_gmt":"2025-09-22T15:17:44","slug":"paraules-conveni-fundacio-gas-natural-i-upc-llibre-la-qualitat-del-aire-fgn2005-09-14","status":"publish","type":"post","link":"https:\/\/fabregaspere.com\/blog2\/2005\/09\/14\/paraules-conveni-fundacio-gas-natural-i-upc-llibre-la-qualitat-del-aire-fgn2005-09-14\/","title":{"rendered":"[PARAULES] Conveni Fundaci\u00f3 Gas Natural i UPC. Llibre La Qualitat del AIre [FGN][2005.09.14]"},"content":{"rendered":"<p><span style=\"text-decoration: underline;\"><span style=\"font-family: verdana, geneva, sans-serif; font-size: 14px;\"><strong>Medi Ambient [2005.09.14]<\/strong><\/span><\/span><\/p>\n<p><span style=\"font-family: verdana, geneva, sans-serif; font-size: 14px;\"><strong>F\u00c0BREGAS, Pere-A. (2005): <em>Conveni Fundaci\u00f3 Gas Natural i Universitat Polit\u00e8cnica de Catalunya<\/em> (UPC). Llibre La Qualitat de l&#8217;Aire<\/strong><\/span><\/p>\n<p><span style=\"font-family: verdana, geneva, sans-serif; font-size: 14px;\"><strong>[signatura amb]<\/strong><\/span><\/p>\n<ul>\n<li><span style=\"font-family: verdana, geneva, sans-serif; font-size: 14px;\"><strong>Josep Ferrer Llop (Rector Universitat Polit\u00e8cnica de Catalunya)<\/strong><\/span><\/li>\n<\/ul>\n<p><span style=\"font-family: verdana, geneva, sans-serif; font-size: 14px;\"><strong>Fundaci\u00f3n Gas Natural i UPC<\/strong><\/span><\/p>\n<p><span style=\"font-family: verdana, geneva, sans-serif; font-size: 14px;\"><strong>Barcelona: UPC, Rectorat<\/strong><\/span><\/p>\n<ul>\n<li><a href=\"https:\/\/fabregaspere.com\/blog2\/wp-content\/uploads\/2025\/09\/2005.09.14.d.NOTA-PREMSA.pdf\"><span style=\"font-family: verdana, geneva, sans-serif; font-size: 14px;\"><strong>Nota de Premsa<\/strong><\/span><\/a><\/li>\n<\/ul>\n","protected":false},"excerpt":{"rendered":"<p>Medi Ambient [2005.09.14] F\u00c0BREGAS, Pere-A. (2005): Conveni Fundaci\u00f3 Gas Natural i Universitat Polit\u00e8cnica de Catalunya (UPC). Llibre La Qualitat de l&#8217;Aire [signatura amb] Josep Ferrer Llop (Rector Universitat Polit\u00e8cnica de Catalunya) Fundaci\u00f3n Gas Natural i UPC Barcelona: UPC, Rectorat Nota de Premsa<\/p>\n","protected":false},"author":3,"featured_media":17237,"comment_status":"closed","ping_status":"closed","sticky":false,"template":"","format":"aside","meta":{"footnotes":""},"categories":[134,35,138],"tags":[50],"class_list":["post-15001","post","type-post","status-publish","format-aside","has-post-thumbnail","hentry","category-60-palabras","category-04-medio-ambiente","category-01-catalan","tag-barcelona","post_format-post-format-aside"],"rttpg_featured_image_url":{"full":["https:\/\/fabregaspere.com\/blog2\/wp-content\/uploads\/2005\/09\/2005.09.14.e.IMATGE.1.jpg",2362,1772,false],"landscape":["https:\/\/fabregaspere.com\/blog2\/wp-content\/uploads\/2005\/09\/2005.09.14.e.IMATGE.1.jpg",2362,1772,false],"portraits":["https:\/\/fabregaspere.com\/blog2\/wp-content\/uploads\/2005\/09\/2005.09.14.e.IMATGE.1.jpg",2362,1772,false],"thumbnail":["https:\/\/fabregaspere.com\/blog2\/wp-content\/uploads\/2005\/09\/2005.09.14.e.IMATGE.1-150x113.jpg",150,113,true],"medium":["https:\/\/fabregaspere.com\/blog2\/wp-content\/uploads\/2005\/09\/2005.09.14.e.IMATGE.1-300x225.jpg",300,225,true],"large":["https:\/\/fabregaspere.com\/blog2\/wp-content\/uploads\/2005\/09\/2005.09.14.e.IMATGE.1-1024x768.jpg",474,356,true],"1536x1536":["https:\/\/fabregaspere.com\/blog2\/wp-content\/uploads\/2005\/09\/2005.09.14.e.IMATGE.1-1536x1152.jpg",1536,1152,true],"2048x2048":["https:\/\/fabregaspere.com\/blog2\/wp-content\/uploads\/2005\/09\/2005.09.14.e.IMATGE.1-2048x1536.jpg",2048,1536,true],"post-thumbnail":["https:\/\/fabregaspere.com\/blog2\/wp-content\/uploads\/2005\/09\/2005.09.14.e.IMATGE.1-672x372.jpg",672,372,true],"twentyfourteen-full-width":["https:\/\/fabregaspere.com\/blog2\/wp-content\/uploads\/2005\/09\/2005.09.14.e.IMATGE.1-1038x576.jpg",1038,576,true]},"rttpg_author":{"display_name":"Pere-A. F\u00e0bregas","author_link":"https:\/\/fabregaspere.com\/blog2\/author\/fabregaspere2\/"},"rttpg_comment":0,"rttpg_category":"<a href=\"https:\/\/fabregaspere.com\/blog2\/category\/tipos\/60-palabras\/\" rel=\"category tag\">a60. Palabras<\/a> <a href=\"https:\/\/fabregaspere.com\/blog2\/category\/temas\/04-medio-ambiente\/\" rel=\"category tag\">b04. Medio Ambiente<\/a> <a href=\"https:\/\/fabregaspere.com\/blog2\/category\/idiomas\/01-catalan\/\" rel=\"category tag\">c01. Catal\u00e1n<\/a>","rttpg_excerpt":"Medi Ambient [2005.09.14] F\u00c0BREGAS, Pere-A. (2005): Conveni Fundaci\u00f3 Gas Natural i Universitat Polit\u00e8cnica de Catalunya (UPC). Llibre La Qualitat de l&#8217;Aire [signatura amb] Josep Ferrer Llop (Rector Universitat Polit\u00e8cnica de Catalunya) Fundaci\u00f3n Gas Natural i UPC Barcelona: UPC, Rectorat Nota de Premsa","_links":{"self":[{"href":"https:\/\/fabregaspere.com\/blog2\/wp-json\/wp\/v2\/posts\/15001","targetHints":{"allow":["GET"]}}],"collection":[{"href":"https:\/\/fabregaspere.com\/blog2\/wp-json\/wp\/v2\/posts"}],"about":[{"href":"https:\/\/fabregaspere.com\/blog2\/wp-json\/wp\/v2\/types\/post"}],"author":[{"embeddable":true,"href":"https:\/\/fabregaspere.com\/blog2\/wp-json\/wp\/v2\/users\/3"}],"replies":[{"embeddable":true,"href":"https:\/\/fabregaspere.com\/blog2\/wp-json\/wp\/v2\/comments?post=15001"}],"version-history":[{"count":5,"href":"https:\/\/fabregaspere.com\/blog2\/wp-json\/wp\/v2\/posts\/15001\/revisions"}],"predecessor-version":[{"id":17238,"href":"https:\/\/fabregaspere.com\/blog2\/wp-json\/wp\/v2\/posts\/15001\/revisions\/17238"}],"wp:featuredmedia":[{"embeddable":true,"href":"https:\/\/fabregaspere.com\/blog2\/wp-json\/wp\/v2\/media\/17237"}],"wp:attachment":[{"href":"https:\/\/fabregaspere.com\/blog2\/wp-json\/wp\/v2\/media?parent=15001"}],"wp:term":[{"taxonomy":"category","embeddable":true,"href":"https:\/\/fabregaspere.com\/blog2\/wp-json\/wp\/v2\/categories?post=15001"},{"taxonomy":"post_tag","embeddable":true,"href":"https:\/\/fabregaspere.com\/blog2\/wp-json\/wp\/v2\/tags?post=15001"}],"curies":[{"name":"wp","href":"https:\/\/api.w.org\/{rel}","templated":true}]}}