{"id":15016,"date":"2005-11-25T01:00:50","date_gmt":"2005-11-25T00:00:50","guid":{"rendered":"https:\/\/fabregaspere.com\/blog2\/?p=15016"},"modified":"2025-10-25T18:23:55","modified_gmt":"2025-10-25T16:23:55","slug":"palabras-seminario-nuevos-retos-para-la-edificacion-sostenible-fgn2005-11-25","status":"publish","type":"post","link":"https:\/\/fabregaspere.com\/blog2\/2005\/11\/25\/palabras-seminario-nuevos-retos-para-la-edificacion-sostenible-fgn2005-11-25\/","title":{"rendered":"[PALABRAS] Seminario. Nuevos retos para la edificaci\u00f3n sostenible  [FGN][2005.11.25]"},"content":{"rendered":"<p><span style=\"text-decoration: underline;\"><span style=\"font-family: verdana, geneva, sans-serif; font-size: 14px;\"><strong>Medio Ambiente [2005.11.25]<\/strong><\/span><\/span><\/p>\n<p><span style=\"font-family: verdana, geneva, sans-serif; font-size: 14px;\"><strong>F\u00c0BREGAS, Pere-A. (2005): Seminario. <em>Nuevos retos para la edificaci\u00f3n sostenible<\/em><\/strong><\/span><\/p>\n<p><span style=\"font-family: verdana, geneva, sans-serif; font-size: 14px;\"><strong>[inauguraci\u00f3n con]<\/strong><\/span><\/p>\n<ul>\n<li><span style=\"font-family: verdana, geneva, sans-serif; font-size: 14px;\"><strong>Cristina Serrano (Secretaria Auton\u00f3mica de Territorio y Medio Ambiente. Conselleria de Territorio y Vivienda. Generalitat Valenciana)<\/strong><\/span><\/li>\n<\/ul>\n<p><span style=\"font-family: verdana, geneva, sans-serif; font-size: 14px;\"><strong>Fundaci\u00f3n Gas Natural<\/strong><\/span><\/p>\n<p><span style=\"font-family: verdana, geneva, sans-serif; font-size: 14px;\"><strong>Valencia: Sal\u00f3n Urbe y Desarrollo. <\/strong><\/span><span style=\"font-family: verdana, geneva, sans-serif; font-size: 14px;\"><strong>Feria de Valencia<\/strong><\/span><\/p>\n<ul>\n<li><a href=\"https:\/\/fabregaspere.com\/blog2\/wp-content\/uploads\/2025\/09\/2005.11.25.a.PROGRAMA.pdf\"><span style=\"font-family: verdana, geneva, sans-serif; font-size: 14px;\"><strong>Programa<\/strong><\/span><\/a><\/li>\n<li><a href=\"https:\/\/fabregaspere.com\/blog2\/wp-content\/uploads\/2025\/10\/2005.11.25.b.PARAULES.PF_.in_.pdf\"><span style=\"font-family: verdana, geneva, sans-serif; font-size: 14px;\"><strong>Palabras<\/strong><\/span><\/a><\/li>\n<li><a href=\"https:\/\/fabregaspere.com\/blog2\/wp-content\/uploads\/2025\/09\/2005.11.25.d.NOTA-PREMSA.pdf\"><span style=\"font-family: verdana, geneva, sans-serif; font-size: 14px;\"><strong>Nota de Prensa<\/strong><\/span><\/a><\/li>\n<\/ul>\n","protected":false},"excerpt":{"rendered":"<p>Medio Ambiente [2005.11.25] F\u00c0BREGAS, Pere-A. (2005): Seminario. Nuevos retos para la edificaci\u00f3n sostenible [inauguraci\u00f3n con] Cristina Serrano (Secretaria Auton\u00f3mica de Territorio y Medio Ambiente. Conselleria de Territorio y Vivienda. Generalitat Valenciana) Fundaci\u00f3n Gas Natural Valencia: Sal\u00f3n Urbe y Desarrollo. Feria de Valencia Programa Palabras Nota de Prensa<\/p>\n","protected":false},"author":3,"featured_media":17290,"comment_status":"closed","ping_status":"closed","sticky":false,"template":"","format":"aside","meta":{"footnotes":""},"categories":[134,35,139],"tags":[111],"class_list":["post-15016","post","type-post","status-publish","format-aside","has-post-thumbnail","hentry","category-60-palabras","category-04-medio-ambiente","category-02-espanol","tag-valencia","post_format-post-format-aside"],"rttpg_featured_image_url":{"full":["https:\/\/fabregaspere.com\/blog2\/wp-content\/uploads\/2025\/09\/2005.11.25.e.IMATGE-scaled.jpg",2560,1702,false],"landscape":["https:\/\/fabregaspere.com\/blog2\/wp-content\/uploads\/2025\/09\/2005.11.25.e.IMATGE-scaled.jpg",2560,1702,false],"portraits":["https:\/\/fabregaspere.com\/blog2\/wp-content\/uploads\/2025\/09\/2005.11.25.e.IMATGE-scaled.jpg",2560,1702,false],"thumbnail":["https:\/\/fabregaspere.com\/blog2\/wp-content\/uploads\/2025\/09\/2005.11.25.e.IMATGE-150x100.jpg",150,100,true],"medium":["https:\/\/fabregaspere.com\/blog2\/wp-content\/uploads\/2025\/09\/2005.11.25.e.IMATGE-300x199.jpg",300,199,true],"large":["https:\/\/fabregaspere.com\/blog2\/wp-content\/uploads\/2025\/09\/2005.11.25.e.IMATGE-1024x681.jpg",474,315,true],"1536x1536":["https:\/\/fabregaspere.com\/blog2\/wp-content\/uploads\/2025\/09\/2005.11.25.e.IMATGE-1536x1021.jpg",1536,1021,true],"2048x2048":["https:\/\/fabregaspere.com\/blog2\/wp-content\/uploads\/2025\/09\/2005.11.25.e.IMATGE-2048x1362.jpg",2048,1362,true],"post-thumbnail":["https:\/\/fabregaspere.com\/blog2\/wp-content\/uploads\/2025\/09\/2005.11.25.e.IMATGE-672x372.jpg",672,372,true],"twentyfourteen-full-width":["https:\/\/fabregaspere.com\/blog2\/wp-content\/uploads\/2025\/09\/2005.11.25.e.IMATGE-1038x576.jpg",1038,576,true]},"rttpg_author":{"display_name":"Pere-A. F\u00e0bregas","author_link":"https:\/\/fabregaspere.com\/blog2\/author\/fabregaspere2\/"},"rttpg_comment":0,"rttpg_category":"<a href=\"https:\/\/fabregaspere.com\/blog2\/category\/tipos\/60-palabras\/\" rel=\"category tag\">a60. Palabras<\/a> <a href=\"https:\/\/fabregaspere.com\/blog2\/category\/temas\/04-medio-ambiente\/\" rel=\"category tag\">b04. Medio Ambiente<\/a> <a href=\"https:\/\/fabregaspere.com\/blog2\/category\/idiomas\/02-espanol\/\" rel=\"category tag\">c02. Espa\u00f1ol<\/a>","rttpg_excerpt":"Medio Ambiente [2005.11.25] F\u00c0BREGAS, Pere-A. (2005): Seminario. Nuevos retos para la edificaci\u00f3n sostenible [inauguraci\u00f3n con] Cristina Serrano (Secretaria Auton\u00f3mica de Territorio y Medio Ambiente. Conselleria de Territorio y Vivienda. Generalitat Valenciana) Fundaci\u00f3n Gas Natural Valencia: Sal\u00f3n Urbe y Desarrollo. Feria de Valencia Programa Palabras Nota de Prensa","_links":{"self":[{"href":"https:\/\/fabregaspere.com\/blog2\/wp-json\/wp\/v2\/posts\/15016","targetHints":{"allow":["GET"]}}],"collection":[{"href":"https:\/\/fabregaspere.com\/blog2\/wp-json\/wp\/v2\/posts"}],"about":[{"href":"https:\/\/fabregaspere.com\/blog2\/wp-json\/wp\/v2\/types\/post"}],"author":[{"embeddable":true,"href":"https:\/\/fabregaspere.com\/blog2\/wp-json\/wp\/v2\/users\/3"}],"replies":[{"embeddable":true,"href":"https:\/\/fabregaspere.com\/blog2\/wp-json\/wp\/v2\/comments?post=15016"}],"version-history":[{"count":6,"href":"https:\/\/fabregaspere.com\/blog2\/wp-json\/wp\/v2\/posts\/15016\/revisions"}],"predecessor-version":[{"id":17334,"href":"https:\/\/fabregaspere.com\/blog2\/wp-json\/wp\/v2\/posts\/15016\/revisions\/17334"}],"wp:featuredmedia":[{"embeddable":true,"href":"https:\/\/fabregaspere.com\/blog2\/wp-json\/wp\/v2\/media\/17290"}],"wp:attachment":[{"href":"https:\/\/fabregaspere.com\/blog2\/wp-json\/wp\/v2\/media?parent=15016"}],"wp:term":[{"taxonomy":"category","embeddable":true,"href":"https:\/\/fabregaspere.com\/blog2\/wp-json\/wp\/v2\/categories?post=15016"},{"taxonomy":"post_tag","embeddable":true,"href":"https:\/\/fabregaspere.com\/blog2\/wp-json\/wp\/v2\/tags?post=15016"}],"curies":[{"name":"wp","href":"https:\/\/api.w.org\/{rel}","templated":true}]}}