{"id":15092,"date":"2007-01-19T01:00:05","date_gmt":"2007-01-19T00:00:05","guid":{"rendered":"https:\/\/fabregaspere.com\/blog2\/?p=15092"},"modified":"2024-09-01T12:32:12","modified_gmt":"2024-09-01T10:32:12","slug":"palabras-presentacion-libro-la-calidad-del-aire-en-la-comunitat-valenciana-fgn2007-01-19","status":"publish","type":"post","link":"https:\/\/fabregaspere.com\/blog2\/2007\/01\/19\/palabras-presentacion-libro-la-calidad-del-aire-en-la-comunitat-valenciana-fgn2007-01-19\/","title":{"rendered":"[PALABRAS] Presentaci\u00f3n libro. La calidad del aire en la Comunitat Valenciana [FGN][2007.01.19]"},"content":{"rendered":"<p><span style=\"text-decoration: underline;\"><span style=\"font-family: verdana, geneva, sans-serif; font-size: 14px;\"><strong>Medio Ambiente [2007.01.19]<\/strong><\/span><\/span><\/p>\n<p><span style=\"font-family: verdana, geneva, sans-serif; font-size: 14px;\"><strong>F\u00c0BREGAS, Pere-A. (2007): Presentaci\u00f3n libro. <em>La calidad del aire en la Comunitad Valenciana<\/em><\/strong><\/span><\/p>\n<p><span style=\"font-family: verdana, geneva, sans-serif; font-size: 14px;\"><strong>[introducci\u00f3n] con Esteban Gonz\u00e1lez Pons (Conseller de Territorio y Vivienda. Generalitat Valenciana)<\/strong><\/span><\/p>\n<p><span style=\"font-family: verdana, geneva, sans-serif; font-size: 14px;\"><strong>Fundaci\u00f3n Gas Natural<\/strong><\/span><br \/>\n<span style=\"font-family: verdana, geneva, sans-serif; font-size: 14px;\"><strong>Sagunto: FGN, Centro de Educaci\u00f3n AMbiental de la Comunidad Valenciana<\/strong><\/span><\/p>\n","protected":false},"excerpt":{"rendered":"<p>Medio Ambiente [2007.01.19] F\u00c0BREGAS, Pere-A. (2007): Presentaci\u00f3n libro. La calidad del aire en la Comunitad Valenciana [introducci\u00f3n] con Esteban Gonz\u00e1lez Pons (Conseller de Territorio y Vivienda. Generalitat Valenciana) Fundaci\u00f3n Gas Natural Sagunto: FGN, Centro de Educaci\u00f3n AMbiental de la Comunidad Valenciana<\/p>\n","protected":false},"author":3,"featured_media":0,"comment_status":"closed","ping_status":"closed","sticky":false,"template":"","format":"aside","meta":{"footnotes":""},"categories":[134,35,139],"tags":[111],"class_list":["post-15092","post","type-post","status-publish","format-aside","hentry","category-60-palabras","category-04-medio-ambiente","category-02-espanol","tag-valencia","post_format-post-format-aside"],"rttpg_featured_image_url":null,"rttpg_author":{"display_name":"Pere-A. F\u00e0bregas","author_link":"https:\/\/fabregaspere.com\/blog2\/author\/fabregaspere2\/"},"rttpg_comment":0,"rttpg_category":"<a href=\"https:\/\/fabregaspere.com\/blog2\/category\/tipos\/60-palabras\/\" rel=\"category tag\">a60. Palabras<\/a> <a href=\"https:\/\/fabregaspere.com\/blog2\/category\/temas\/04-medio-ambiente\/\" rel=\"category tag\">b04. Medio Ambiente<\/a> <a href=\"https:\/\/fabregaspere.com\/blog2\/category\/idiomas\/02-espanol\/\" rel=\"category tag\">c02. Espa\u00f1ol<\/a>","rttpg_excerpt":"Medio Ambiente [2007.01.19] F\u00c0BREGAS, Pere-A. (2007): Presentaci\u00f3n libro. La calidad del aire en la Comunitad Valenciana [introducci\u00f3n] con Esteban Gonz\u00e1lez Pons (Conseller de Territorio y Vivienda. Generalitat Valenciana) Fundaci\u00f3n Gas Natural Sagunto: FGN, Centro de Educaci\u00f3n AMbiental de la Comunidad Valenciana","_links":{"self":[{"href":"https:\/\/fabregaspere.com\/blog2\/wp-json\/wp\/v2\/posts\/15092","targetHints":{"allow":["GET"]}}],"collection":[{"href":"https:\/\/fabregaspere.com\/blog2\/wp-json\/wp\/v2\/posts"}],"about":[{"href":"https:\/\/fabregaspere.com\/blog2\/wp-json\/wp\/v2\/types\/post"}],"author":[{"embeddable":true,"href":"https:\/\/fabregaspere.com\/blog2\/wp-json\/wp\/v2\/users\/3"}],"replies":[{"embeddable":true,"href":"https:\/\/fabregaspere.com\/blog2\/wp-json\/wp\/v2\/comments?post=15092"}],"version-history":[{"count":1,"href":"https:\/\/fabregaspere.com\/blog2\/wp-json\/wp\/v2\/posts\/15092\/revisions"}],"predecessor-version":[{"id":15093,"href":"https:\/\/fabregaspere.com\/blog2\/wp-json\/wp\/v2\/posts\/15092\/revisions\/15093"}],"wp:attachment":[{"href":"https:\/\/fabregaspere.com\/blog2\/wp-json\/wp\/v2\/media?parent=15092"}],"wp:term":[{"taxonomy":"category","embeddable":true,"href":"https:\/\/fabregaspere.com\/blog2\/wp-json\/wp\/v2\/categories?post=15092"},{"taxonomy":"post_tag","embeddable":true,"href":"https:\/\/fabregaspere.com\/blog2\/wp-json\/wp\/v2\/tags?post=15092"}],"curies":[{"name":"wp","href":"https:\/\/api.w.org\/{rel}","templated":true}]}}