{"id":15102,"date":"2008-01-21T01:00:38","date_gmt":"2008-01-21T00:00:38","guid":{"rendered":"https:\/\/fabregaspere.com\/blog2\/?p=15102"},"modified":"2025-09-13T13:17:16","modified_gmt":"2025-09-13T11:17:16","slug":"palabras-presentacion-libro-las-energias-renovables-en-espana-diagnostico-y-perspectivas-fgn2008-01-21","status":"publish","type":"post","link":"https:\/\/fabregaspere.com\/blog2\/2008\/01\/21\/palabras-presentacion-libro-las-energias-renovables-en-espana-diagnostico-y-perspectivas-fgn2008-01-21\/","title":{"rendered":"[PALABRAS] Presentaci\u00f3n libro. Las energ\u00edas renovables en Espa\u00f1a. Diagn\u00f3stico y perspectivas [FGN][2008.01.21]"},"content":{"rendered":"<p><span style=\"text-decoration: underline;\"><span style=\"font-family: verdana, geneva, sans-serif; font-size: 14px;\"><strong>Medio Ambiente [2008.01.21]<\/strong><\/span><\/span><\/p>\n<p><span style=\"font-family: verdana, geneva, sans-serif; font-size: 14px;\"><strong>F\u00c0BREGAS, Pere-A. (2008): Presentaci\u00f3n libro. <em>Las energ\u00edas renovables en Espa\u00f1a. Diagn\u00f3stico y perspectivas<\/em><\/strong><\/span><\/p>\n<p><span style=\"font-family: verdana, geneva, sans-serif; font-size: 14px;\"><strong>[inauguraci\u00f3n] con <\/strong><\/span><br \/>\n<span style=\"font-family: verdana, geneva, sans-serif; font-size: 14px;\"><strong>Rafael Vilaseca (Consejero Delegado del Grupo Gas Natural)<\/strong><\/span><br \/>\n<span style=\"font-family: verdana, geneva, sans-serif; font-size: 14px;\"><strong>Fernando Merry del Val (Consejero de Econom\u00eda y Consumo de la Comunidad de Madrid)<\/strong><\/span><br \/>\n<span style=\"font-family: verdana, geneva, sans-serif; font-size: 14px;\"><strong>Madrid: FGN, Hotel Wellington<\/strong><\/span><\/p>\n","protected":false},"excerpt":{"rendered":"<p>Medio Ambiente [2008.01.21] F\u00c0BREGAS, Pere-A. (2008): Presentaci\u00f3n libro. Las energ\u00edas renovables en Espa\u00f1a. Diagn\u00f3stico y perspectivas [inauguraci\u00f3n] con Rafael Vilaseca (Consejero Delegado del Grupo Gas Natural) Fernando Merry del Val (Consejero de Econom\u00eda y Consumo de la Comunidad de Madrid) Madrid: FGN, Hotel Wellington<\/p>\n","protected":false},"author":3,"featured_media":0,"comment_status":"closed","ping_status":"closed","sticky":false,"template":"","format":"aside","meta":{"footnotes":""},"categories":[134,35,139],"tags":[47],"class_list":["post-15102","post","type-post","status-publish","format-aside","hentry","category-60-palabras","category-04-medio-ambiente","category-02-espanol","tag-madrid","post_format-post-format-aside"],"rttpg_featured_image_url":null,"rttpg_author":{"display_name":"Pere-A. F\u00e0bregas","author_link":"https:\/\/fabregaspere.com\/blog2\/author\/fabregaspere2\/"},"rttpg_comment":0,"rttpg_category":"<a href=\"https:\/\/fabregaspere.com\/blog2\/category\/tipos\/60-palabras\/\" rel=\"category tag\">a60. Palabras<\/a> <a href=\"https:\/\/fabregaspere.com\/blog2\/category\/temas\/04-medio-ambiente\/\" rel=\"category tag\">b04. Medio Ambiente<\/a> <a href=\"https:\/\/fabregaspere.com\/blog2\/category\/idiomas\/02-espanol\/\" rel=\"category tag\">c02. Espa\u00f1ol<\/a>","rttpg_excerpt":"Medio Ambiente [2008.01.21] F\u00c0BREGAS, Pere-A. (2008): Presentaci\u00f3n libro. Las energ\u00edas renovables en Espa\u00f1a. Diagn\u00f3stico y perspectivas [inauguraci\u00f3n] con Rafael Vilaseca (Consejero Delegado del Grupo Gas Natural) Fernando Merry del Val (Consejero de Econom\u00eda y Consumo de la Comunidad de Madrid) Madrid: FGN, Hotel Wellington","_links":{"self":[{"href":"https:\/\/fabregaspere.com\/blog2\/wp-json\/wp\/v2\/posts\/15102","targetHints":{"allow":["GET"]}}],"collection":[{"href":"https:\/\/fabregaspere.com\/blog2\/wp-json\/wp\/v2\/posts"}],"about":[{"href":"https:\/\/fabregaspere.com\/blog2\/wp-json\/wp\/v2\/types\/post"}],"author":[{"embeddable":true,"href":"https:\/\/fabregaspere.com\/blog2\/wp-json\/wp\/v2\/users\/3"}],"replies":[{"embeddable":true,"href":"https:\/\/fabregaspere.com\/blog2\/wp-json\/wp\/v2\/comments?post=15102"}],"version-history":[{"count":2,"href":"https:\/\/fabregaspere.com\/blog2\/wp-json\/wp\/v2\/posts\/15102\/revisions"}],"predecessor-version":[{"id":16919,"href":"https:\/\/fabregaspere.com\/blog2\/wp-json\/wp\/v2\/posts\/15102\/revisions\/16919"}],"wp:attachment":[{"href":"https:\/\/fabregaspere.com\/blog2\/wp-json\/wp\/v2\/media?parent=15102"}],"wp:term":[{"taxonomy":"category","embeddable":true,"href":"https:\/\/fabregaspere.com\/blog2\/wp-json\/wp\/v2\/categories?post=15102"},{"taxonomy":"post_tag","embeddable":true,"href":"https:\/\/fabregaspere.com\/blog2\/wp-json\/wp\/v2\/tags?post=15102"}],"curies":[{"name":"wp","href":"https:\/\/api.w.org\/{rel}","templated":true}]}}