{"id":15112,"date":"2008-09-29T01:00:39","date_gmt":"2008-09-28T23:00:39","guid":{"rendered":"https:\/\/fabregaspere.com\/blog2\/?p=15112"},"modified":"2025-09-13T13:23:38","modified_gmt":"2025-09-13T11:23:38","slug":"palabras-convenio-fundacion-gas-natural-y-universidad-politecnica-de-madrid-libro-fgn2008-09-29","status":"publish","type":"post","link":"https:\/\/fabregaspere.com\/blog2\/2008\/09\/29\/palabras-convenio-fundacion-gas-natural-y-universidad-politecnica-de-madrid-libro-fgn2008-09-29\/","title":{"rendered":"[PALABRAS] Convenio Fundaci\u00f3n Gas Natural y Universidad Polit\u00e9cnica de Madrid. Libro [FGN][2008.09.29]"},"content":{"rendered":"<p><span style=\"text-decoration: underline;\"><span style=\"font-family: verdana, geneva, sans-serif; font-size: 14px;\"><strong>Medio Ambiente [2008.09.29]<\/strong><\/span><\/span><\/p>\n<p><span style=\"font-family: verdana, geneva, sans-serif; font-size: 14px;\"><strong>F\u00c0BREGAS, Pere-A. (2008): Convenio<em> Fundaci\u00f3n Gas Natural y Universidad Polit\u00e9cnica de Madrid<\/em>. Libro<\/strong><\/span><\/p>\n<p><span style=\"font-family: verdana, geneva, sans-serif; font-size: 14px;\"><strong>[firma] con Javier Uceda (Rector de la Universidad Polit\u00e9cnica de Madrid)<\/strong><\/span><\/p>\n<p><span style=\"font-family: verdana, geneva, sans-serif; font-size: 14px;\"><strong>Fundaci\u00f3n Gas Natural<\/strong><\/span><br \/>\n<span style=\"font-family: verdana, geneva, sans-serif; font-size: 14px;\"><strong>Madrid: FGN, Rectorado UPM<\/strong><\/span><\/p>\n","protected":false},"excerpt":{"rendered":"<p>Medio Ambiente [2008.09.29] F\u00c0BREGAS, Pere-A. (2008): Convenio Fundaci\u00f3n Gas Natural y Universidad Polit\u00e9cnica de Madrid. Libro [firma] con Javier Uceda (Rector de la Universidad Polit\u00e9cnica de Madrid) Fundaci\u00f3n Gas Natural Madrid: FGN, Rectorado UPM<\/p>\n","protected":false},"author":3,"featured_media":0,"comment_status":"closed","ping_status":"closed","sticky":false,"template":"","format":"aside","meta":{"footnotes":""},"categories":[134,35,139],"tags":[47],"class_list":["post-15112","post","type-post","status-publish","format-aside","hentry","category-60-palabras","category-04-medio-ambiente","category-02-espanol","tag-madrid","post_format-post-format-aside"],"rttpg_featured_image_url":null,"rttpg_author":{"display_name":"Pere-A. F\u00e0bregas","author_link":"https:\/\/fabregaspere.com\/blog2\/author\/fabregaspere2\/"},"rttpg_comment":0,"rttpg_category":"<a href=\"https:\/\/fabregaspere.com\/blog2\/category\/tipos\/60-palabras\/\" rel=\"category tag\">a60. Palabras<\/a> <a href=\"https:\/\/fabregaspere.com\/blog2\/category\/temas\/04-medio-ambiente\/\" rel=\"category tag\">b04. Medio Ambiente<\/a> <a href=\"https:\/\/fabregaspere.com\/blog2\/category\/idiomas\/02-espanol\/\" rel=\"category tag\">c02. Espa\u00f1ol<\/a>","rttpg_excerpt":"Medio Ambiente [2008.09.29] F\u00c0BREGAS, Pere-A. (2008): Convenio Fundaci\u00f3n Gas Natural y Universidad Polit\u00e9cnica de Madrid. Libro [firma] con Javier Uceda (Rector de la Universidad Polit\u00e9cnica de Madrid) Fundaci\u00f3n Gas Natural Madrid: FGN, Rectorado UPM","_links":{"self":[{"href":"https:\/\/fabregaspere.com\/blog2\/wp-json\/wp\/v2\/posts\/15112","targetHints":{"allow":["GET"]}}],"collection":[{"href":"https:\/\/fabregaspere.com\/blog2\/wp-json\/wp\/v2\/posts"}],"about":[{"href":"https:\/\/fabregaspere.com\/blog2\/wp-json\/wp\/v2\/types\/post"}],"author":[{"embeddable":true,"href":"https:\/\/fabregaspere.com\/blog2\/wp-json\/wp\/v2\/users\/3"}],"replies":[{"embeddable":true,"href":"https:\/\/fabregaspere.com\/blog2\/wp-json\/wp\/v2\/comments?post=15112"}],"version-history":[{"count":2,"href":"https:\/\/fabregaspere.com\/blog2\/wp-json\/wp\/v2\/posts\/15112\/revisions"}],"predecessor-version":[{"id":16921,"href":"https:\/\/fabregaspere.com\/blog2\/wp-json\/wp\/v2\/posts\/15112\/revisions\/16921"}],"wp:attachment":[{"href":"https:\/\/fabregaspere.com\/blog2\/wp-json\/wp\/v2\/media?parent=15112"}],"wp:term":[{"taxonomy":"category","embeddable":true,"href":"https:\/\/fabregaspere.com\/blog2\/wp-json\/wp\/v2\/categories?post=15112"},{"taxonomy":"post_tag","embeddable":true,"href":"https:\/\/fabregaspere.com\/blog2\/wp-json\/wp\/v2\/tags?post=15112"}],"curies":[{"name":"wp","href":"https:\/\/api.w.org\/{rel}","templated":true}]}}