{"id":15114,"date":"2008-11-28T01:00:37","date_gmt":"2008-11-28T00:00:37","guid":{"rendered":"https:\/\/fabregaspere.com\/blog2\/?p=15114"},"modified":"2024-09-01T12:54:03","modified_gmt":"2024-09-01T10:54:03","slug":"palabras-convenio-fundacion-gas-natural-y-gobierno-de-aragon-fgn2008-11-28","status":"publish","type":"post","link":"https:\/\/fabregaspere.com\/blog2\/2008\/11\/28\/palabras-convenio-fundacion-gas-natural-y-gobierno-de-aragon-fgn2008-11-28\/","title":{"rendered":"[PALABRAS] Convenio Fundaci\u00f3n Gas Natural y Gobierno de Arag\u00f3n [FGN][2008.11.28]"},"content":{"rendered":"<p><span style=\"text-decoration: underline;\"><span style=\"font-family: verdana, geneva, sans-serif; font-size: 14px;\"><strong>Medio Ambiente [2008.11.28]<\/strong><\/span><\/span><\/p>\n<p><span style=\"font-family: verdana, geneva, sans-serif; font-size: 14px;\"><strong>F\u00c0BREGAS, Pere-A. (2008): <em>Convenio Fundaci\u00f3n Gas Natural y Gobierno de Arag\u00f3n<\/em><\/strong><\/span><\/p>\n<p><span style=\"font-family: verdana, geneva, sans-serif; font-size: 14px;\"><strong>[firma] con Alfredo Bon\u00e9 (Consejero de Medio Ambiente del Gobierno de Arag\u00f3n)<\/strong><\/span><\/p>\n<p><span style=\"font-family: verdana, geneva, sans-serif; font-size: 14px;\"><strong>Fundaci\u00f3n Gas Natural<\/strong><\/span><br \/>\n<span style=\"font-family: verdana, geneva, sans-serif; font-size: 14px;\"><strong>Zaragoza: FGN, Sede Consejer\u00eda<\/strong><\/span><\/p>\n","protected":false},"excerpt":{"rendered":"<p>Medio Ambiente [2008.11.28] F\u00c0BREGAS, Pere-A. (2008): Convenio Fundaci\u00f3n Gas Natural y Gobierno de Arag\u00f3n [firma] con Alfredo Bon\u00e9 (Consejero de Medio Ambiente del Gobierno de Arag\u00f3n) Fundaci\u00f3n Gas Natural Zaragoza: FGN, Sede Consejer\u00eda<\/p>\n","protected":false},"author":3,"featured_media":0,"comment_status":"closed","ping_status":"closed","sticky":false,"template":"","format":"aside","meta":{"footnotes":""},"categories":[134,35,139],"tags":[83],"class_list":["post-15114","post","type-post","status-publish","format-aside","hentry","category-60-palabras","category-04-medio-ambiente","category-02-espanol","tag-zaragoza","post_format-post-format-aside"],"rttpg_featured_image_url":null,"rttpg_author":{"display_name":"Pere-A. F\u00e0bregas","author_link":"https:\/\/fabregaspere.com\/blog2\/author\/fabregaspere2\/"},"rttpg_comment":0,"rttpg_category":"<a href=\"https:\/\/fabregaspere.com\/blog2\/category\/tipos\/60-palabras\/\" rel=\"category tag\">a60. Palabras<\/a> <a href=\"https:\/\/fabregaspere.com\/blog2\/category\/temas\/04-medio-ambiente\/\" rel=\"category tag\">b04. Medio Ambiente<\/a> <a href=\"https:\/\/fabregaspere.com\/blog2\/category\/idiomas\/02-espanol\/\" rel=\"category tag\">c02. Espa\u00f1ol<\/a>","rttpg_excerpt":"Medio Ambiente [2008.11.28] F\u00c0BREGAS, Pere-A. (2008): Convenio Fundaci\u00f3n Gas Natural y Gobierno de Arag\u00f3n [firma] con Alfredo Bon\u00e9 (Consejero de Medio Ambiente del Gobierno de Arag\u00f3n) Fundaci\u00f3n Gas Natural Zaragoza: FGN, Sede Consejer\u00eda","_links":{"self":[{"href":"https:\/\/fabregaspere.com\/blog2\/wp-json\/wp\/v2\/posts\/15114","targetHints":{"allow":["GET"]}}],"collection":[{"href":"https:\/\/fabregaspere.com\/blog2\/wp-json\/wp\/v2\/posts"}],"about":[{"href":"https:\/\/fabregaspere.com\/blog2\/wp-json\/wp\/v2\/types\/post"}],"author":[{"embeddable":true,"href":"https:\/\/fabregaspere.com\/blog2\/wp-json\/wp\/v2\/users\/3"}],"replies":[{"embeddable":true,"href":"https:\/\/fabregaspere.com\/blog2\/wp-json\/wp\/v2\/comments?post=15114"}],"version-history":[{"count":1,"href":"https:\/\/fabregaspere.com\/blog2\/wp-json\/wp\/v2\/posts\/15114\/revisions"}],"predecessor-version":[{"id":15115,"href":"https:\/\/fabregaspere.com\/blog2\/wp-json\/wp\/v2\/posts\/15114\/revisions\/15115"}],"wp:attachment":[{"href":"https:\/\/fabregaspere.com\/blog2\/wp-json\/wp\/v2\/media?parent=15114"}],"wp:term":[{"taxonomy":"category","embeddable":true,"href":"https:\/\/fabregaspere.com\/blog2\/wp-json\/wp\/v2\/categories?post=15114"},{"taxonomy":"post_tag","embeddable":true,"href":"https:\/\/fabregaspere.com\/blog2\/wp-json\/wp\/v2\/tags?post=15114"}],"curies":[{"name":"wp","href":"https:\/\/api.w.org\/{rel}","templated":true}]}}