{"id":15116,"date":"2009-05-11T01:00:33","date_gmt":"2009-05-10T23:00:33","guid":{"rendered":"https:\/\/fabregaspere.com\/blog2\/?p=15116"},"modified":"2024-09-01T12:55:44","modified_gmt":"2024-09-01T10:55:44","slug":"paraules-conveni-fundacio-gas-natural-i-universitat-barcelona-curs-estiu-fgn2009-05-11","status":"publish","type":"post","link":"https:\/\/fabregaspere.com\/blog2\/2009\/05\/11\/paraules-conveni-fundacio-gas-natural-i-universitat-barcelona-curs-estiu-fgn2009-05-11\/","title":{"rendered":"[PARAULES] Conveni Fundaci\u00f3 Gas Natural i Universitat Barcelona. Curs Estiu [FGN][2009.05.11]"},"content":{"rendered":"<p><span style=\"text-decoration: underline;\"><span style=\"font-family: verdana, geneva, sans-serif; font-size: 14px;\"><strong>Medi Ambient [2009.05.11]<\/strong><\/span><\/span><\/p>\n<p><span style=\"font-family: verdana, geneva, sans-serif; font-size: 14px;\"><strong>F\u00c0BREGAS, Pere-A. (2009): <em>Conveni Fundaci\u00f3 Gas Natural i Universitat Barcelona<\/em>. Curs Estiu<\/strong><\/span><\/p>\n<p><span style=\"font-family: verdana, geneva, sans-serif; font-size: 14px;\"><strong>[signatura] amb D\u00eddac Ram\u00edrez (Rector Universitat de Barcelona)<\/strong><\/span><\/p>\n<p><span style=\"font-family: verdana, geneva, sans-serif; font-size: 14px;\"><strong>Fundaci\u00f3 Gas Natural<\/strong><\/span><br \/>\n<span style=\"font-family: verdana, geneva, sans-serif; font-size: 14px;\"><strong>Barcelona: FGN, Rectorat UB<\/strong><\/span><\/p>\n","protected":false},"excerpt":{"rendered":"<p>Medi Ambient [2009.05.11] F\u00c0BREGAS, Pere-A. (2009): Conveni Fundaci\u00f3 Gas Natural i Universitat Barcelona. Curs Estiu [signatura] amb D\u00eddac Ram\u00edrez (Rector Universitat de Barcelona) Fundaci\u00f3 Gas Natural Barcelona: FGN, Rectorat UB<\/p>\n","protected":false},"author":3,"featured_media":0,"comment_status":"closed","ping_status":"closed","sticky":false,"template":"","format":"aside","meta":{"footnotes":""},"categories":[134,35,138],"tags":[50],"class_list":["post-15116","post","type-post","status-publish","format-aside","hentry","category-60-palabras","category-04-medio-ambiente","category-01-catalan","tag-barcelona","post_format-post-format-aside"],"rttpg_featured_image_url":null,"rttpg_author":{"display_name":"Pere-A. F\u00e0bregas","author_link":"https:\/\/fabregaspere.com\/blog2\/author\/fabregaspere2\/"},"rttpg_comment":0,"rttpg_category":"<a href=\"https:\/\/fabregaspere.com\/blog2\/category\/tipos\/60-palabras\/\" rel=\"category tag\">a60. Palabras<\/a> <a href=\"https:\/\/fabregaspere.com\/blog2\/category\/temas\/04-medio-ambiente\/\" rel=\"category tag\">b04. Medio Ambiente<\/a> <a href=\"https:\/\/fabregaspere.com\/blog2\/category\/idiomas\/01-catalan\/\" rel=\"category tag\">c01. Catal\u00e1n<\/a>","rttpg_excerpt":"Medi Ambient [2009.05.11] F\u00c0BREGAS, Pere-A. (2009): Conveni Fundaci\u00f3 Gas Natural i Universitat Barcelona. Curs Estiu [signatura] amb D\u00eddac Ram\u00edrez (Rector Universitat de Barcelona) Fundaci\u00f3 Gas Natural Barcelona: FGN, Rectorat UB","_links":{"self":[{"href":"https:\/\/fabregaspere.com\/blog2\/wp-json\/wp\/v2\/posts\/15116","targetHints":{"allow":["GET"]}}],"collection":[{"href":"https:\/\/fabregaspere.com\/blog2\/wp-json\/wp\/v2\/posts"}],"about":[{"href":"https:\/\/fabregaspere.com\/blog2\/wp-json\/wp\/v2\/types\/post"}],"author":[{"embeddable":true,"href":"https:\/\/fabregaspere.com\/blog2\/wp-json\/wp\/v2\/users\/3"}],"replies":[{"embeddable":true,"href":"https:\/\/fabregaspere.com\/blog2\/wp-json\/wp\/v2\/comments?post=15116"}],"version-history":[{"count":1,"href":"https:\/\/fabregaspere.com\/blog2\/wp-json\/wp\/v2\/posts\/15116\/revisions"}],"predecessor-version":[{"id":15117,"href":"https:\/\/fabregaspere.com\/blog2\/wp-json\/wp\/v2\/posts\/15116\/revisions\/15117"}],"wp:attachment":[{"href":"https:\/\/fabregaspere.com\/blog2\/wp-json\/wp\/v2\/media?parent=15116"}],"wp:term":[{"taxonomy":"category","embeddable":true,"href":"https:\/\/fabregaspere.com\/blog2\/wp-json\/wp\/v2\/categories?post=15116"},{"taxonomy":"post_tag","embeddable":true,"href":"https:\/\/fabregaspere.com\/blog2\/wp-json\/wp\/v2\/tags?post=15116"}],"curies":[{"name":"wp","href":"https:\/\/api.w.org\/{rel}","templated":true}]}}