{"id":15122,"date":"2010-07-29T01:00:47","date_gmt":"2010-07-28T23:00:47","guid":{"rendered":"https:\/\/fabregaspere.com\/blog2\/?p=15122"},"modified":"2024-09-01T13:06:27","modified_gmt":"2024-09-01T11:06:27","slug":"palabras-convenio-fundacion-gas-natural-y-xunta-de-galicia-fgn2010-07-29","status":"publish","type":"post","link":"https:\/\/fabregaspere.com\/blog2\/2010\/07\/29\/palabras-convenio-fundacion-gas-natural-y-xunta-de-galicia-fgn2010-07-29\/","title":{"rendered":"[PALABRAS] Convenio Fundaci\u00f3n Gas Natural y Xunta de Galicia [FGN][2010.07.29]"},"content":{"rendered":"<p><span style=\"text-decoration: underline;\"><span style=\"font-family: verdana, geneva, sans-serif; font-size: 14px;\"><strong>Medio Ambiente [2010.07.29]<\/strong><\/span><\/span><\/p>\n<p><span style=\"font-family: verdana, geneva, sans-serif; font-size: 14px;\"><strong>F\u00c0BREGAS, Pere-A. (2010): <em>Convenio Fundaci\u00f3n Gas Natural y Xunta de Galicia<\/em><\/strong><\/span><\/p>\n<p><span style=\"font-family: verdana, geneva, sans-serif; font-size: 14px;\"><strong>[firma] con Javier Guerra (Conselleiro de Econom\u00eda e Industria. Xunta de Galicia)<\/strong><\/span><\/p>\n<p><span style=\"font-family: verdana, geneva, sans-serif; font-size: 14px;\"><strong>Fundaci\u00f3n Gas Natural<\/strong><\/span><br \/>\n<span style=\"font-family: verdana, geneva, sans-serif; font-size: 14px;\"><strong>Santiago de Compostela: FGN, Sede Consejer\u00eda<\/strong><\/span><\/p>\n","protected":false},"excerpt":{"rendered":"<p>Medio Ambiente [2010.07.29] F\u00c0BREGAS, Pere-A. (2010): Convenio Fundaci\u00f3n Gas Natural y Xunta de Galicia [firma] con Javier Guerra (Conselleiro de Econom\u00eda e Industria. Xunta de Galicia) Fundaci\u00f3n Gas Natural Santiago de Compostela: FGN, Sede Consejer\u00eda<\/p>\n","protected":false},"author":3,"featured_media":0,"comment_status":"closed","ping_status":"closed","sticky":false,"template":"","format":"aside","meta":{"footnotes":""},"categories":[134,35,139],"tags":[60],"class_list":["post-15122","post","type-post","status-publish","format-aside","hentry","category-60-palabras","category-04-medio-ambiente","category-02-espanol","tag-santiago-de-compostela","post_format-post-format-aside"],"rttpg_featured_image_url":null,"rttpg_author":{"display_name":"Pere-A. F\u00e0bregas","author_link":"https:\/\/fabregaspere.com\/blog2\/author\/fabregaspere2\/"},"rttpg_comment":0,"rttpg_category":"<a href=\"https:\/\/fabregaspere.com\/blog2\/category\/tipos\/60-palabras\/\" rel=\"category tag\">a60. Palabras<\/a> <a href=\"https:\/\/fabregaspere.com\/blog2\/category\/temas\/04-medio-ambiente\/\" rel=\"category tag\">b04. Medio Ambiente<\/a> <a href=\"https:\/\/fabregaspere.com\/blog2\/category\/idiomas\/02-espanol\/\" rel=\"category tag\">c02. Espa\u00f1ol<\/a>","rttpg_excerpt":"Medio Ambiente [2010.07.29] F\u00c0BREGAS, Pere-A. (2010): Convenio Fundaci\u00f3n Gas Natural y Xunta de Galicia [firma] con Javier Guerra (Conselleiro de Econom\u00eda e Industria. Xunta de Galicia) Fundaci\u00f3n Gas Natural Santiago de Compostela: FGN, Sede Consejer\u00eda","_links":{"self":[{"href":"https:\/\/fabregaspere.com\/blog2\/wp-json\/wp\/v2\/posts\/15122","targetHints":{"allow":["GET"]}}],"collection":[{"href":"https:\/\/fabregaspere.com\/blog2\/wp-json\/wp\/v2\/posts"}],"about":[{"href":"https:\/\/fabregaspere.com\/blog2\/wp-json\/wp\/v2\/types\/post"}],"author":[{"embeddable":true,"href":"https:\/\/fabregaspere.com\/blog2\/wp-json\/wp\/v2\/users\/3"}],"replies":[{"embeddable":true,"href":"https:\/\/fabregaspere.com\/blog2\/wp-json\/wp\/v2\/comments?post=15122"}],"version-history":[{"count":2,"href":"https:\/\/fabregaspere.com\/blog2\/wp-json\/wp\/v2\/posts\/15122\/revisions"}],"predecessor-version":[{"id":15126,"href":"https:\/\/fabregaspere.com\/blog2\/wp-json\/wp\/v2\/posts\/15122\/revisions\/15126"}],"wp:attachment":[{"href":"https:\/\/fabregaspere.com\/blog2\/wp-json\/wp\/v2\/media?parent=15122"}],"wp:term":[{"taxonomy":"category","embeddable":true,"href":"https:\/\/fabregaspere.com\/blog2\/wp-json\/wp\/v2\/categories?post=15122"},{"taxonomy":"post_tag","embeddable":true,"href":"https:\/\/fabregaspere.com\/blog2\/wp-json\/wp\/v2\/tags?post=15122"}],"curies":[{"name":"wp","href":"https:\/\/api.w.org\/{rel}","templated":true}]}}