{"id":15140,"date":"2012-03-13T02:00:43","date_gmt":"2012-03-13T01:00:43","guid":{"rendered":"https:\/\/fabregaspere.com\/blog2\/?p=15140"},"modified":"2024-09-01T13:19:07","modified_gmt":"2024-09-01T11:19:07","slug":"palabras-convenio-fundacion-gas-natural-y-gobierno-de-aragon-fgn2012-03-13-b","status":"publish","type":"post","link":"https:\/\/fabregaspere.com\/blog2\/2012\/03\/13\/palabras-convenio-fundacion-gas-natural-y-gobierno-de-aragon-fgn2012-03-13-b\/","title":{"rendered":"[PALABRAS] Convenio Fundaci\u00f3n Gas Natural y Gobierno de Arag\u00f3n [FGN][2012.03.13.b]"},"content":{"rendered":"<p><span style=\"text-decoration: underline;\"><span style=\"font-family: verdana, geneva, sans-serif; font-size: 14px;\"><strong>Medio Ambiente [2012.03.13.b]<\/strong><\/span><\/span><\/p>\n<p><span style=\"font-family: verdana, geneva, sans-serif; font-size: 14px;\"><strong>F\u00c0BREGAS, Pere-A. (2012): <em>Convenio Fundaci\u00f3n Gas Natural y Gobierno de Arag\u00f3n<\/em><\/strong><\/span><\/p>\n<p><span style=\"font-family: verdana, geneva, sans-serif; font-size: 14px;\"><strong>[firma] con Modesto Lob\u00f3n (Consejero de Agricultura, Ganader\u00eda y Medio Ambiente. Gobierno de Arag\u00f3n)<\/strong><\/span><\/p>\n<p><span style=\"font-family: verdana, geneva, sans-serif; font-size: 14px;\"><strong>Fundaci\u00f3n Gas Natural<\/strong><\/span><br \/>\n<span style=\"font-family: verdana, geneva, sans-serif; font-size: 14px;\"><strong>Zaragoza: FGN, Hotel Palafox<\/strong><\/span><\/p>\n","protected":false},"excerpt":{"rendered":"<p>Medio Ambiente [2012.03.13.b] F\u00c0BREGAS, Pere-A. (2012): Convenio Fundaci\u00f3n Gas Natural y Gobierno de Arag\u00f3n [firma] con Modesto Lob\u00f3n (Consejero de Agricultura, Ganader\u00eda y Medio Ambiente. Gobierno de Arag\u00f3n) Fundaci\u00f3n Gas Natural Zaragoza: FGN, Hotel Palafox<\/p>\n","protected":false},"author":3,"featured_media":0,"comment_status":"closed","ping_status":"closed","sticky":false,"template":"","format":"aside","meta":{"footnotes":""},"categories":[134,35,139],"tags":[83],"class_list":["post-15140","post","type-post","status-publish","format-aside","hentry","category-60-palabras","category-04-medio-ambiente","category-02-espanol","tag-zaragoza","post_format-post-format-aside"],"rttpg_featured_image_url":null,"rttpg_author":{"display_name":"Pere-A. F\u00e0bregas","author_link":"https:\/\/fabregaspere.com\/blog2\/author\/fabregaspere2\/"},"rttpg_comment":0,"rttpg_category":"<a href=\"https:\/\/fabregaspere.com\/blog2\/category\/tipos\/60-palabras\/\" rel=\"category tag\">a60. Palabras<\/a> <a href=\"https:\/\/fabregaspere.com\/blog2\/category\/temas\/04-medio-ambiente\/\" rel=\"category tag\">b04. Medio Ambiente<\/a> <a href=\"https:\/\/fabregaspere.com\/blog2\/category\/idiomas\/02-espanol\/\" rel=\"category tag\">c02. Espa\u00f1ol<\/a>","rttpg_excerpt":"Medio Ambiente [2012.03.13.b] F\u00c0BREGAS, Pere-A. (2012): Convenio Fundaci\u00f3n Gas Natural y Gobierno de Arag\u00f3n [firma] con Modesto Lob\u00f3n (Consejero de Agricultura, Ganader\u00eda y Medio Ambiente. Gobierno de Arag\u00f3n) Fundaci\u00f3n Gas Natural Zaragoza: FGN, Hotel Palafox","_links":{"self":[{"href":"https:\/\/fabregaspere.com\/blog2\/wp-json\/wp\/v2\/posts\/15140","targetHints":{"allow":["GET"]}}],"collection":[{"href":"https:\/\/fabregaspere.com\/blog2\/wp-json\/wp\/v2\/posts"}],"about":[{"href":"https:\/\/fabregaspere.com\/blog2\/wp-json\/wp\/v2\/types\/post"}],"author":[{"embeddable":true,"href":"https:\/\/fabregaspere.com\/blog2\/wp-json\/wp\/v2\/users\/3"}],"replies":[{"embeddable":true,"href":"https:\/\/fabregaspere.com\/blog2\/wp-json\/wp\/v2\/comments?post=15140"}],"version-history":[{"count":2,"href":"https:\/\/fabregaspere.com\/blog2\/wp-json\/wp\/v2\/posts\/15140\/revisions"}],"predecessor-version":[{"id":15142,"href":"https:\/\/fabregaspere.com\/blog2\/wp-json\/wp\/v2\/posts\/15140\/revisions\/15142"}],"wp:attachment":[{"href":"https:\/\/fabregaspere.com\/blog2\/wp-json\/wp\/v2\/media?parent=15140"}],"wp:term":[{"taxonomy":"category","embeddable":true,"href":"https:\/\/fabregaspere.com\/blog2\/wp-json\/wp\/v2\/categories?post=15140"},{"taxonomy":"post_tag","embeddable":true,"href":"https:\/\/fabregaspere.com\/blog2\/wp-json\/wp\/v2\/tags?post=15140"}],"curies":[{"name":"wp","href":"https:\/\/api.w.org\/{rel}","templated":true}]}}