{"id":15143,"date":"2012-06-21T02:00:38","date_gmt":"2012-06-21T00:00:38","guid":{"rendered":"https:\/\/fabregaspere.com\/blog2\/?p=15143"},"modified":"2024-09-01T13:20:50","modified_gmt":"2024-09-01T11:20:50","slug":"palabras-convenio-fundacion-gas-natural-y-generalitat-valenciana-fgn2012-06-21-b","status":"publish","type":"post","link":"https:\/\/fabregaspere.com\/blog2\/2012\/06\/21\/palabras-convenio-fundacion-gas-natural-y-generalitat-valenciana-fgn2012-06-21-b\/","title":{"rendered":"[PALABRAS] Convenio Fundaci\u00f3n Gas Natural y Generalitat Valenciana [FGN][2012.06.21.b]"},"content":{"rendered":"<p><span style=\"text-decoration: underline;\"><span style=\"font-family: verdana, geneva, sans-serif; font-size: 14px;\"><strong>Medio Ambiente [2012.06.21.b]<\/strong><\/span><\/span><\/p>\n<p><span style=\"font-family: verdana, geneva, sans-serif; font-size: 14px;\"><strong>F\u00c0BREGAS, Pere-A. (2012): <em>Convenio Fundaci\u00f3n Gas Natural y Generalitat Valenciana<\/em><\/strong><\/span><\/p>\n<p><span style=\"font-family: verdana, geneva, sans-serif; font-size: 14px;\"><strong>[firma] con M\u00e1ximo Buch Torralva (Conseller de Econom\u00eda, Industria y Comercio. Generalitat Valenciana )<\/strong><\/span><\/p>\n<p><span style=\"font-family: verdana, geneva, sans-serif; font-size: 14px;\"><strong>Fundaci\u00f3n Gas Natural<\/strong><\/span><br \/>\n<span style=\"font-family: verdana, geneva, sans-serif; font-size: 14px;\"><strong>Valencia: FGN, Ayre Hotel Astoria Palace<\/strong><\/span><\/p>\n","protected":false},"excerpt":{"rendered":"<p>Medio Ambiente [2012.06.21.b] F\u00c0BREGAS, Pere-A. (2012): Convenio Fundaci\u00f3n Gas Natural y Generalitat Valenciana [firma] con M\u00e1ximo Buch Torralva (Conseller de Econom\u00eda, Industria y Comercio. Generalitat Valenciana ) Fundaci\u00f3n Gas Natural Valencia: FGN, Ayre Hotel Astoria Palace<\/p>\n","protected":false},"author":3,"featured_media":0,"comment_status":"closed","ping_status":"closed","sticky":false,"template":"","format":"aside","meta":{"footnotes":""},"categories":[134,35,139],"tags":[111],"class_list":["post-15143","post","type-post","status-publish","format-aside","hentry","category-60-palabras","category-04-medio-ambiente","category-02-espanol","tag-valencia","post_format-post-format-aside"],"rttpg_featured_image_url":null,"rttpg_author":{"display_name":"Pere-A. F\u00e0bregas","author_link":"https:\/\/fabregaspere.com\/blog2\/author\/fabregaspere2\/"},"rttpg_comment":0,"rttpg_category":"<a href=\"https:\/\/fabregaspere.com\/blog2\/category\/tipos\/60-palabras\/\" rel=\"category tag\">a60. Palabras<\/a> <a href=\"https:\/\/fabregaspere.com\/blog2\/category\/temas\/04-medio-ambiente\/\" rel=\"category tag\">b04. Medio Ambiente<\/a> <a href=\"https:\/\/fabregaspere.com\/blog2\/category\/idiomas\/02-espanol\/\" rel=\"category tag\">c02. Espa\u00f1ol<\/a>","rttpg_excerpt":"Medio Ambiente [2012.06.21.b] F\u00c0BREGAS, Pere-A. (2012): Convenio Fundaci\u00f3n Gas Natural y Generalitat Valenciana [firma] con M\u00e1ximo Buch Torralva (Conseller de Econom\u00eda, Industria y Comercio. Generalitat Valenciana ) Fundaci\u00f3n Gas Natural Valencia: FGN, Ayre Hotel Astoria Palace","_links":{"self":[{"href":"https:\/\/fabregaspere.com\/blog2\/wp-json\/wp\/v2\/posts\/15143","targetHints":{"allow":["GET"]}}],"collection":[{"href":"https:\/\/fabregaspere.com\/blog2\/wp-json\/wp\/v2\/posts"}],"about":[{"href":"https:\/\/fabregaspere.com\/blog2\/wp-json\/wp\/v2\/types\/post"}],"author":[{"embeddable":true,"href":"https:\/\/fabregaspere.com\/blog2\/wp-json\/wp\/v2\/users\/3"}],"replies":[{"embeddable":true,"href":"https:\/\/fabregaspere.com\/blog2\/wp-json\/wp\/v2\/comments?post=15143"}],"version-history":[{"count":1,"href":"https:\/\/fabregaspere.com\/blog2\/wp-json\/wp\/v2\/posts\/15143\/revisions"}],"predecessor-version":[{"id":15144,"href":"https:\/\/fabregaspere.com\/blog2\/wp-json\/wp\/v2\/posts\/15143\/revisions\/15144"}],"wp:attachment":[{"href":"https:\/\/fabregaspere.com\/blog2\/wp-json\/wp\/v2\/media?parent=15143"}],"wp:term":[{"taxonomy":"category","embeddable":true,"href":"https:\/\/fabregaspere.com\/blog2\/wp-json\/wp\/v2\/categories?post=15143"},{"taxonomy":"post_tag","embeddable":true,"href":"https:\/\/fabregaspere.com\/blog2\/wp-json\/wp\/v2\/tags?post=15143"}],"curies":[{"name":"wp","href":"https:\/\/api.w.org\/{rel}","templated":true}]}}