{"id":15163,"date":"2006-10-05T01:00:17","date_gmt":"2006-10-04T23:00:17","guid":{"rendered":"https:\/\/fabregaspere.com\/blog2\/?p=15163"},"modified":"2024-09-01T18:51:53","modified_gmt":"2024-09-01T16:51:53","slug":"palabras-seminario-la-gestion-ambiental-de-las-empresas-y-actividades-turisticas-fgn2006-10-05","status":"publish","type":"post","link":"https:\/\/fabregaspere.com\/blog2\/2006\/10\/05\/palabras-seminario-la-gestion-ambiental-de-las-empresas-y-actividades-turisticas-fgn2006-10-05\/","title":{"rendered":"[PALABRAS] Seminario. La gesti\u00f3n ambiental de las empresas y actividades tur\u00edsticas [FGN][2006.10.05]"},"content":{"rendered":"<p><span style=\"text-decoration: underline;\"><span style=\"font-family: verdana, geneva, sans-serif; font-size: 14px;\"><strong>Medio Ambiente [2006.10.05]<\/strong><\/span><\/span><\/p>\n<p><span style=\"font-family: verdana, geneva, sans-serif; font-size: 14px;\"><strong>F\u00c0BREGAS, Pere-A. (2006): Seminario. <em>La gesti\u00f3n ambiental de las empresas y actividades tur\u00edsticas<\/em><\/strong><\/span><\/p>\n<p><span style=\"font-family: verdana, geneva, sans-serif; font-size: 14px;\"><strong>[inauguraci\u00f3n] con Antonio llaguno (Secretario General de Pol\u00edticas Ambientales. Consejer\u00eda de Medio Ambiente. Junta de Andaluc\u00eda)<\/strong><\/span><\/p>\n<p><span style=\"font-family: verdana, geneva, sans-serif; font-size: 14px;\"><strong>[clausura] con Te\u00f3fila Mart\u00ednez (Alcaldesa, Ayuntamiento de C\u00e1diz)<\/strong><\/span><\/p>\n<p><span style=\"font-family: verdana, geneva, sans-serif; font-size: 14px;\"><strong>Fundaci\u00f3n Gas Natural<\/strong><\/span><br \/>\n<span style=\"font-family: verdana, geneva, sans-serif; font-size: 14px;\"><strong>C\u00e1diz: FGN, Parador Hotel Atl\u00e1ntico<\/strong><\/span><\/p>\n","protected":false},"excerpt":{"rendered":"<p>Medio Ambiente [2006.10.05] F\u00c0BREGAS, Pere-A. (2006): Seminario. La gesti\u00f3n ambiental de las empresas y actividades tur\u00edsticas [inauguraci\u00f3n] con Antonio llaguno (Secretario General de Pol\u00edticas Ambientales. Consejer\u00eda de Medio Ambiente. Junta de Andaluc\u00eda) [clausura] con Te\u00f3fila Mart\u00ednez (Alcaldesa, Ayuntamiento de C\u00e1diz) Fundaci\u00f3n Gas Natural C\u00e1diz: FGN, Parador Hotel Atl\u00e1ntico<\/p>\n","protected":false},"author":3,"featured_media":0,"comment_status":"closed","ping_status":"closed","sticky":false,"template":"","format":"aside","meta":{"footnotes":""},"categories":[134,35,139],"tags":[190],"class_list":["post-15163","post","type-post","status-publish","format-aside","hentry","category-60-palabras","category-04-medio-ambiente","category-02-espanol","tag-cadiz","post_format-post-format-aside"],"rttpg_featured_image_url":null,"rttpg_author":{"display_name":"Pere-A. F\u00e0bregas","author_link":"https:\/\/fabregaspere.com\/blog2\/author\/fabregaspere2\/"},"rttpg_comment":0,"rttpg_category":"<a href=\"https:\/\/fabregaspere.com\/blog2\/category\/tipos\/60-palabras\/\" rel=\"category tag\">a60. Palabras<\/a> <a href=\"https:\/\/fabregaspere.com\/blog2\/category\/temas\/04-medio-ambiente\/\" rel=\"category tag\">b04. Medio Ambiente<\/a> <a href=\"https:\/\/fabregaspere.com\/blog2\/category\/idiomas\/02-espanol\/\" rel=\"category tag\">c02. Espa\u00f1ol<\/a>","rttpg_excerpt":"Medio Ambiente [2006.10.05] F\u00c0BREGAS, Pere-A. (2006): Seminario. La gesti\u00f3n ambiental de las empresas y actividades tur\u00edsticas [inauguraci\u00f3n] con Antonio llaguno (Secretario General de Pol\u00edticas Ambientales. Consejer\u00eda de Medio Ambiente. Junta de Andaluc\u00eda) [clausura] con Te\u00f3fila Mart\u00ednez (Alcaldesa, Ayuntamiento de C\u00e1diz) Fundaci\u00f3n Gas Natural C\u00e1diz: FGN, Parador Hotel Atl\u00e1ntico","_links":{"self":[{"href":"https:\/\/fabregaspere.com\/blog2\/wp-json\/wp\/v2\/posts\/15163","targetHints":{"allow":["GET"]}}],"collection":[{"href":"https:\/\/fabregaspere.com\/blog2\/wp-json\/wp\/v2\/posts"}],"about":[{"href":"https:\/\/fabregaspere.com\/blog2\/wp-json\/wp\/v2\/types\/post"}],"author":[{"embeddable":true,"href":"https:\/\/fabregaspere.com\/blog2\/wp-json\/wp\/v2\/users\/3"}],"replies":[{"embeddable":true,"href":"https:\/\/fabregaspere.com\/blog2\/wp-json\/wp\/v2\/comments?post=15163"}],"version-history":[{"count":1,"href":"https:\/\/fabregaspere.com\/blog2\/wp-json\/wp\/v2\/posts\/15163\/revisions"}],"predecessor-version":[{"id":15164,"href":"https:\/\/fabregaspere.com\/blog2\/wp-json\/wp\/v2\/posts\/15163\/revisions\/15164"}],"wp:attachment":[{"href":"https:\/\/fabregaspere.com\/blog2\/wp-json\/wp\/v2\/media?parent=15163"}],"wp:term":[{"taxonomy":"category","embeddable":true,"href":"https:\/\/fabregaspere.com\/blog2\/wp-json\/wp\/v2\/categories?post=15163"},{"taxonomy":"post_tag","embeddable":true,"href":"https:\/\/fabregaspere.com\/blog2\/wp-json\/wp\/v2\/tags?post=15163"}],"curies":[{"name":"wp","href":"https:\/\/api.w.org\/{rel}","templated":true}]}}