{"id":15165,"date":"2006-10-17T01:00:19","date_gmt":"2006-10-16T23:00:19","guid":{"rendered":"https:\/\/fabregaspere.com\/blog2\/?p=15165"},"modified":"2024-09-01T18:54:02","modified_gmt":"2024-09-01T16:54:02","slug":"palabras-seminario-el-gas-natural-en-automocion-la-hora-de-la-verdad-fgn2006-10-17","status":"publish","type":"post","link":"https:\/\/fabregaspere.com\/blog2\/2006\/10\/17\/palabras-seminario-el-gas-natural-en-automocion-la-hora-de-la-verdad-fgn2006-10-17\/","title":{"rendered":"[PALABRAS] Seminario. El gas natural en automoci\u00f3n: la hora de la verdad [FGN][2006.10.17]"},"content":{"rendered":"<p><span style=\"text-decoration: underline;\"><span style=\"font-family: verdana, geneva, sans-serif; font-size: 14px;\"><strong>Medio Ambiente [2006.10.17]<\/strong><\/span><\/span><\/p>\n<p><span style=\"font-family: verdana, geneva, sans-serif; font-size: 14px;\"><strong>F\u00c0BREGAS, Pere-A. (2006): Seminario. El gas natural en automoci\u00f3n: la hora de la verdad<\/strong><\/span><\/p>\n<p><span style=\"font-family: verdana, geneva, sans-serif; font-size: 14px;\"><strong>[inauguraci\u00f3n] con Carlos L\u00f3pez Jimeno (Director General de Industria, Energ\u00eda y Minas. Consejer\u00eda de Econom\u00eda e Innovaci\u00f3n Tecnol\u00f3gica. Comunidad de Madrid)<\/strong><\/span><\/p>\n<p><span style=\"font-family: verdana, geneva, sans-serif; font-size: 14px;\"><strong>[clausura] con Concepci\u00f3n Guerra Mart\u00ednez (Viceconsejera de Econom\u00eda e Innovaci\u00f3n Tecnol\u00f3gica. Comunidad de Madrid)<\/strong><\/span><\/p>\n<p><span style=\"font-family: verdana, geneva, sans-serif; font-size: 14px;\"><strong>Fundaci\u00f3n Gas Natural<\/strong><\/span><br \/>\n<span style=\"font-family: verdana, geneva, sans-serif; font-size: 14px;\"><strong>Madrid: FGN, Sal\u00f3n de Actos de PromoMadrid<\/strong><\/span><\/p>\n","protected":false},"excerpt":{"rendered":"<p>Medio Ambiente [2006.10.17] F\u00c0BREGAS, Pere-A. (2006): Seminario. El gas natural en automoci\u00f3n: la hora de la verdad [inauguraci\u00f3n] con Carlos L\u00f3pez Jimeno (Director General de Industria, Energ\u00eda y Minas. Consejer\u00eda de Econom\u00eda e Innovaci\u00f3n Tecnol\u00f3gica. Comunidad de Madrid) [clausura] con Concepci\u00f3n Guerra Mart\u00ednez (Viceconsejera de Econom\u00eda e Innovaci\u00f3n Tecnol\u00f3gica. Comunidad de Madrid) Fundaci\u00f3n Gas Natural &hellip; <a href=\"https:\/\/fabregaspere.com\/blog2\/2006\/10\/17\/palabras-seminario-el-gas-natural-en-automocion-la-hora-de-la-verdad-fgn2006-10-17\/\" class=\"more-link\">Seguir leyendo <span class=\"screen-reader-text\">[PALABRAS] Seminario. El gas natural en automoci\u00f3n: la hora de la verdad [FGN][2006.10.17]<\/span> <span class=\"meta-nav\">&rarr;<\/span><\/a><\/p>\n","protected":false},"author":3,"featured_media":0,"comment_status":"closed","ping_status":"closed","sticky":false,"template":"","format":"aside","meta":{"footnotes":""},"categories":[134,35,139],"tags":[47],"class_list":["post-15165","post","type-post","status-publish","format-aside","hentry","category-60-palabras","category-04-medio-ambiente","category-02-espanol","tag-madrid","post_format-post-format-aside"],"rttpg_featured_image_url":null,"rttpg_author":{"display_name":"Pere-A. F\u00e0bregas","author_link":"https:\/\/fabregaspere.com\/blog2\/author\/fabregaspere2\/"},"rttpg_comment":0,"rttpg_category":"<a href=\"https:\/\/fabregaspere.com\/blog2\/category\/tipos\/60-palabras\/\" rel=\"category tag\">a60. Palabras<\/a> <a href=\"https:\/\/fabregaspere.com\/blog2\/category\/temas\/04-medio-ambiente\/\" rel=\"category tag\">b04. Medio Ambiente<\/a> <a href=\"https:\/\/fabregaspere.com\/blog2\/category\/idiomas\/02-espanol\/\" rel=\"category tag\">c02. Espa\u00f1ol<\/a>","rttpg_excerpt":"Medio Ambiente [2006.10.17] F\u00c0BREGAS, Pere-A. (2006): Seminario. El gas natural en automoci\u00f3n: la hora de la verdad [inauguraci\u00f3n] con Carlos L\u00f3pez Jimeno (Director General de Industria, Energ\u00eda y Minas. Consejer\u00eda de Econom\u00eda e Innovaci\u00f3n Tecnol\u00f3gica. Comunidad de Madrid) [clausura] con Concepci\u00f3n Guerra Mart\u00ednez (Viceconsejera de Econom\u00eda e Innovaci\u00f3n Tecnol\u00f3gica. Comunidad de Madrid) Fundaci\u00f3n Gas Natural&hellip;","_links":{"self":[{"href":"https:\/\/fabregaspere.com\/blog2\/wp-json\/wp\/v2\/posts\/15165","targetHints":{"allow":["GET"]}}],"collection":[{"href":"https:\/\/fabregaspere.com\/blog2\/wp-json\/wp\/v2\/posts"}],"about":[{"href":"https:\/\/fabregaspere.com\/blog2\/wp-json\/wp\/v2\/types\/post"}],"author":[{"embeddable":true,"href":"https:\/\/fabregaspere.com\/blog2\/wp-json\/wp\/v2\/users\/3"}],"replies":[{"embeddable":true,"href":"https:\/\/fabregaspere.com\/blog2\/wp-json\/wp\/v2\/comments?post=15165"}],"version-history":[{"count":1,"href":"https:\/\/fabregaspere.com\/blog2\/wp-json\/wp\/v2\/posts\/15165\/revisions"}],"predecessor-version":[{"id":15166,"href":"https:\/\/fabregaspere.com\/blog2\/wp-json\/wp\/v2\/posts\/15165\/revisions\/15166"}],"wp:attachment":[{"href":"https:\/\/fabregaspere.com\/blog2\/wp-json\/wp\/v2\/media?parent=15165"}],"wp:term":[{"taxonomy":"category","embeddable":true,"href":"https:\/\/fabregaspere.com\/blog2\/wp-json\/wp\/v2\/categories?post=15165"},{"taxonomy":"post_tag","embeddable":true,"href":"https:\/\/fabregaspere.com\/blog2\/wp-json\/wp\/v2\/tags?post=15165"}],"curies":[{"name":"wp","href":"https:\/\/api.w.org\/{rel}","templated":true}]}}