{"id":15167,"date":"2006-11-08T01:00:35","date_gmt":"2006-11-08T00:00:35","guid":{"rendered":"https:\/\/fabregaspere.com\/blog2\/?p=15167"},"modified":"2024-09-01T18:55:48","modified_gmt":"2024-09-01T16:55:48","slug":"palabras-seminario-la-biomasa-y-los-biocarburantes-como-fuente-energetica-fgn2006-11-08","status":"publish","type":"post","link":"https:\/\/fabregaspere.com\/blog2\/2006\/11\/08\/palabras-seminario-la-biomasa-y-los-biocarburantes-como-fuente-energetica-fgn2006-11-08\/","title":{"rendered":"[PALABRAS] Seminario. La biomasa y los biocarburantes como fuente energ\u00e9tica [FGN][2006.11.08]"},"content":{"rendered":"<p><span style=\"text-decoration: underline;\"><span style=\"font-family: verdana, geneva, sans-serif; font-size: 14px;\"><strong>Medio Ambiente [2006.11.08]<\/strong><\/span><\/span><\/p>\n<p><span style=\"font-family: verdana, geneva, sans-serif; font-size: 14px;\"><strong>F\u00c0BREGAS, Pere-A. (2006): Seminario. <em>La biomasa y los biocarburantes como fuente energ\u00e9tica<\/em><\/strong><\/span><\/p>\n<p><span style=\"font-family: verdana, geneva, sans-serif; font-size: 14px;\"><strong>[inauguraci\u00f3n] con Mariano Mart\u00ednez Cepa (Director General de Planificaci\u00f3n y Gesti\u00f3n Ambiental. Consejer\u00eda de Medio Ambiente y Desarrollo Rural. Junta de Comunidades de Castilla-La Mancha)<\/strong><\/span><\/p>\n<p><span style=\"font-family: verdana, geneva, sans-serif; font-size: 14px;\"><strong>Fundaci\u00f3n Gas Natural<\/strong><\/span><br \/>\n<span style=\"font-family: verdana, geneva, sans-serif; font-size: 14px;\"><strong>Toledo: FGN, Palacio de Benecaz\u00f3n<\/strong><\/span><\/p>\n","protected":false},"excerpt":{"rendered":"<p>Medio Ambiente [2006.11.08] F\u00c0BREGAS, Pere-A. (2006): Seminario. La biomasa y los biocarburantes como fuente energ\u00e9tica [inauguraci\u00f3n] con Mariano Mart\u00ednez Cepa (Director General de Planificaci\u00f3n y Gesti\u00f3n Ambiental. Consejer\u00eda de Medio Ambiente y Desarrollo Rural. Junta de Comunidades de Castilla-La Mancha) Fundaci\u00f3n Gas Natural Toledo: FGN, Palacio de Benecaz\u00f3n<\/p>\n","protected":false},"author":3,"featured_media":0,"comment_status":"closed","ping_status":"closed","sticky":false,"template":"","format":"aside","meta":{"footnotes":""},"categories":[134,35,139],"tags":[102],"class_list":["post-15167","post","type-post","status-publish","format-aside","hentry","category-60-palabras","category-04-medio-ambiente","category-02-espanol","tag-toledo","post_format-post-format-aside"],"rttpg_featured_image_url":null,"rttpg_author":{"display_name":"Pere-A. F\u00e0bregas","author_link":"https:\/\/fabregaspere.com\/blog2\/author\/fabregaspere2\/"},"rttpg_comment":0,"rttpg_category":"<a href=\"https:\/\/fabregaspere.com\/blog2\/category\/tipos\/60-palabras\/\" rel=\"category tag\">a60. Palabras<\/a> <a href=\"https:\/\/fabregaspere.com\/blog2\/category\/temas\/04-medio-ambiente\/\" rel=\"category tag\">b04. Medio Ambiente<\/a> <a href=\"https:\/\/fabregaspere.com\/blog2\/category\/idiomas\/02-espanol\/\" rel=\"category tag\">c02. Espa\u00f1ol<\/a>","rttpg_excerpt":"Medio Ambiente [2006.11.08] F\u00c0BREGAS, Pere-A. (2006): Seminario. La biomasa y los biocarburantes como fuente energ\u00e9tica [inauguraci\u00f3n] con Mariano Mart\u00ednez Cepa (Director General de Planificaci\u00f3n y Gesti\u00f3n Ambiental. Consejer\u00eda de Medio Ambiente y Desarrollo Rural. Junta de Comunidades de Castilla-La Mancha) Fundaci\u00f3n Gas Natural Toledo: FGN, Palacio de Benecaz\u00f3n","_links":{"self":[{"href":"https:\/\/fabregaspere.com\/blog2\/wp-json\/wp\/v2\/posts\/15167","targetHints":{"allow":["GET"]}}],"collection":[{"href":"https:\/\/fabregaspere.com\/blog2\/wp-json\/wp\/v2\/posts"}],"about":[{"href":"https:\/\/fabregaspere.com\/blog2\/wp-json\/wp\/v2\/types\/post"}],"author":[{"embeddable":true,"href":"https:\/\/fabregaspere.com\/blog2\/wp-json\/wp\/v2\/users\/3"}],"replies":[{"embeddable":true,"href":"https:\/\/fabregaspere.com\/blog2\/wp-json\/wp\/v2\/comments?post=15167"}],"version-history":[{"count":1,"href":"https:\/\/fabregaspere.com\/blog2\/wp-json\/wp\/v2\/posts\/15167\/revisions"}],"predecessor-version":[{"id":15168,"href":"https:\/\/fabregaspere.com\/blog2\/wp-json\/wp\/v2\/posts\/15167\/revisions\/15168"}],"wp:attachment":[{"href":"https:\/\/fabregaspere.com\/blog2\/wp-json\/wp\/v2\/media?parent=15167"}],"wp:term":[{"taxonomy":"category","embeddable":true,"href":"https:\/\/fabregaspere.com\/blog2\/wp-json\/wp\/v2\/categories?post=15167"},{"taxonomy":"post_tag","embeddable":true,"href":"https:\/\/fabregaspere.com\/blog2\/wp-json\/wp\/v2\/tags?post=15167"}],"curies":[{"name":"wp","href":"https:\/\/api.w.org\/{rel}","templated":true}]}}