{"id":16135,"date":"2003-10-27T19:20:22","date_gmt":"2003-10-27T18:20:22","guid":{"rendered":"https:\/\/fabregaspere.com\/blog2\/?p=16135"},"modified":"2025-09-05T17:21:51","modified_gmt":"2025-09-05T15:21:51","slug":"libro-2003-la-globalizacion-en-el-siglo-xix-malaga-y-el-gas","status":"publish","type":"post","link":"https:\/\/fabregaspere.com\/blog2\/2003\/10\/27\/libro-2003-la-globalizacion-en-el-siglo-xix-malaga-y-el-gas\/","title":{"rendered":"[LIBRO] La globalizaci\u00f3n en el siglo XIX: M\u00e1laga y el Gas [2003.10.27]"},"content":{"rendered":"<p><span style=\"text-decoration: underline;\"><strong><a href=\"https:\/\/fabregaspere.com\/blog2\/wp-content\/uploads\/2014\/08\/2003.10.27.Malaga-220x3001.jpg\"><img loading=\"lazy\" decoding=\"async\" class=\"alignleft wp-image-129\" src=\"https:\/\/fabregaspere.com\/blog2\/wp-content\/uploads\/2014\/08\/2003.10.27.Malaga-220x3001.jpg\" alt=\"2003.10.27.Malaga-220x300\" width=\"250\" height=\"341\" \/><\/a><\/strong><\/span><\/p>\n<p><span style=\"text-decoration: underline;\"><strong>Historia Gas [2003.10.27]<\/strong><\/span><\/p>\n<p style=\"text-align: justify;\"><strong>F\u00c0BREGAS; Pere-A. (2003): <em>La globalizaci\u00f3n en el siglo XIX: M\u00e1laga y el Gas.<\/em><\/strong><\/p>\n<p style=\"text-align: justify;\"><strong>Sevilla: Universidad de Sevilla \/ Ateneo de Sevilla, 213 pp.<\/strong><\/p>\n<p style=\"text-align: justify;\"><strong>[Libro ganador del Premio de Historia 2001 del Ateneo de Sevilla]<\/strong><\/p>\n<h6><strong><a href=\"https:\/\/scholar.google.com\/citations?view_op=view_citation&amp;hl=en&amp;user=4US52XcAAAAJ&amp;citation_for_view=4US52XcAAAAJ:9yKSN-GCB0IC\">GoogleScholar<\/a> ;\u00a0<\/strong><strong><a href=\"https:\/\/www.google.es\/books\/edition\/La_globalizaci%C3%B3n_en_el_siglo_XIX\/jcajSQ6CXHkC?hl=es&amp;gbpv=0\">GoogleBooks<\/a> ;\u00a0<\/strong><strong><a href=\"https:\/\/editorial.us.es\/es\/detalle-libro\/490086\/\">Universidad de Sevilla<\/a><\/strong><\/h6>\n<p>&nbsp;<\/p>\n<table style=\"border-collapse: collapse; width: 100%; height: 511px;\">\n<tbody>\n<tr>\n<td style=\"width: 99.789%; background-color: #e8dada; text-align: center;\" colspan=\"3\" width=\"480\"><strong>CITED BY\u00a0 \u00a0&#8211;\u00a0 \u00a0CITAT PER\u00a0 \u00a0&#8211;\u00a0 \u00a0CITADO POR<\/strong><\/td>\n<\/tr>\n<tr>\n<td style=\"width: 10.9705%; text-align: center;\">81<\/td>\n<td style=\"width: 11.8143%; text-align: center;\"><strong>2024<\/strong><\/td>\n<td style=\"width: 77.0042%;\"><strong><a href=\"https:\/\/www.taylorfrancis.com\/chapters\/edit\/10.4324\/9781003428695-4\/electricity-gas-spain-competition-complementarity-joan-carles-alayo-manubens-francesc-xavier-barca-salom\">[CITA CAP.LIBRO] ALAYO MANUBENS, Joan Carles and BARCA SALOM, Francesc X. (2024): \u00abElectricity and gas in Spain, between competition and complementarity\u00bb, in Mart\u00ednez L\u00f3pez, Alberte; Mir\u00e1s Araujo, Jes\u00fas; Rodr\u00edguez Mart\u00edn, Nuria (Editors): Economic History of the European Energy Industry. Lighting up Western Europe, 19th to 21st centuries. Abingdon (UK): Routledge, pp. 41-58 [2024.08.01.2]<\/a><\/strong><\/td>\n<\/tr>\n<tr>\n<td style=\"width: 10.9705%; text-align: center;\"><strong>80<\/strong><\/td>\n<td style=\"width: 11.8143%; text-align: center;\"><strong>2024<\/strong><\/td>\n<td style=\"width: 77.0042%;\"><strong>[CITA REVISTA] FERN\u00c1NDEZ PARADAS, Antonio Rafael; MOYANO JIM\u00c9NEZ, Florentino; RODR\u00cdGUEZ MART\u00cdN, Nuria (2024): \u00abLas estrategias publicitarias y comerciales de las empresas de gas y electricidad en Francia y Espa\u00f1a (1890-1918)\u00bb. VEGUETA. Anuario de la Facultad de Geograf\u00eda e Historia. UdLPGC., Vol. 24, n\u00fam. 1 (2024), pp. 97-127 [2024.01.27.2]<\/strong><\/td>\n<\/tr>\n<tr>\n<td style=\"width: 10.9705%; text-align: center;\"><strong>79<\/strong><\/td>\n<td style=\"width: 11.8143%; text-align: center;\"><strong>2023<\/strong><\/td>\n<td style=\"width: 77.0042%;\"><strong>[CITA CAP.LIBRO] V\u00c1ZQUEZ FARI\u00d1AS, Mar\u00eda; CASTRO VALDIVIA, Mariano; MAT\u00c9S BARCO, Juan Manuel (2023): \u00abThe Internationalisation of the British Gas Industry in Latin Europe in the Nineteenth Century\u00bb, in Cardoso de Matos, Ana; Fernandez, Alexandre; Pinto Tortosa, Antonio Jesus\u00a0 (Editors): The Gas Sector in Latin Europe&#8217;s Industrial History. Lighting and Heating the World. Cham (CH): Springer, pp. 13-24 [2023.09.13.2]<\/strong><\/td>\n<\/tr>\n<tr>\n<td style=\"width: 10.9705%; text-align: center;\"><strong>78<\/strong><\/td>\n<td style=\"width: 11.8143%; text-align: center;\"><strong>2023<\/strong><\/td>\n<td style=\"width: 77.0042%;\"><strong>[CITA CAP.LIBRO] FERN\u00c1NDEZ PARADAS, Mercedes\u00a0 (2023): \u00abGas in the First World War in Latin europe\u00bb, in Mir\u00e1s Araujo, Jes\u00fas and Giuntini, Andrea (Editors): The Gas Industry in Latin Europe. Economic Development During the 19th and 20th Centuries. Cham (CH): Palgrave Macmillan, pp. 107-131 [2023.01.01.2]<\/strong><\/td>\n<\/tr>\n<tr>\n<td style=\"width: 10.9705%; text-align: center;\"><strong>77<\/strong><\/td>\n<td style=\"width: 11.8143%; text-align: center;\"><strong>2023<\/strong><\/td>\n<td style=\"width: 77.0042%;\"><strong>[CITA CAP.LIBRO] CASTRO VALDIVIA; Mariano; MAT\u00c9S BARCO, Juan Manuel; V\u00c1ZQUEZ FARI\u00d1AS, Mar\u00eda (2023): \u00abThe Regulation of Gas in Latin Europe (1850-1920\u00bb, in Mir\u00e1s Araujo, Jes\u00fas and Giuntini, Andrea (Editors): The Gas Industry in Latin Europe. Economic Development During the 19th and 20th Centuries. Cham (CH): Palgrave Macmillan, pp. 53-81 [2023.01.01.1]<\/strong><\/td>\n<\/tr>\n<tr>\n<td style=\"width: 10.9705%; text-align: center;\"><strong>76<\/strong><\/td>\n<td style=\"width: 11.8143%; text-align: center;\"><strong>2023<\/strong><\/td>\n<td style=\"width: 77.0042%;\"><strong>[CITA CAP.LIBRO] MART\u00cdNEZ L\u00d3PEZ, Alberte y MIR\u00c1S ARAUJO, Jes\u00fas (2023): \u00abThe Territorial Difussion of the Gas Industry in Latin Europe Before the Competition from Electricity\u00bb, in Mir\u00e1s Araujo, Jes\u00fas and Giuntini, Andrea (Editors): The Gas Industry in Latin Europe. Economic Development During the 19th and 20th Centuries. Cham (CH): Palgrave Macmillan, pp. 25-52 [2023.01.01.0]<\/strong><\/td>\n<\/tr>\n<tr>\n<td style=\"width: 10.9705%; text-align: center;\"><strong>75<\/strong><\/td>\n<td style=\"width: 11.8143%; text-align: center;\"><strong>2022<\/strong><\/td>\n<td style=\"width: 77.0042%;\"><strong>[CITA CAP.LIBRO] FERN\u00c1NDEZ PARADAS, Mercedes, MART\u00cfNEZ L\u00d3PEZ, ALberte, MIR\u00c1S ARAUJO, Jes\u00fas (2022): \u00abEl gas en Andaluc\u00eda y Galicia desde la perspectiva empresarial (1845-1970)\u00bb, en Bartolom\u00e9, Isabel; Fern\u00e1ndez-Paradas, Mercedes; Mir\u00e1s, Jes\u00fas (eds.): Bajo la c\u00e1lida luz del gas. Los mercados regionales de la industria gasista en Espa\u00f1a (Siglos XIX y XX). Madrid: S\u00edlex, pp. 45-68 [2022.05.06.1]<\/strong><\/td>\n<\/tr>\n<tr>\n<td style=\"width: 10.9705%; text-align: center;\"><strong>74<\/strong><\/td>\n<td style=\"width: 11.8143%; text-align: center;\"><strong>2021<\/strong><\/td>\n<td style=\"width: 77.0042%;\"><strong>[CITA RESE\u00d1A] FERN\u00c1NDEZ PARADAS, Mercedes,LARRINAGA RODR\u00cdGUEZ, Carlos, MAT\u00c9S BARCO, Juan Manuel (2021): \u00abLos ingenieros y el suministro de gas en la Espa\u00f1a del siglo XIX\u00bb. Revista de Historia Industrial, n\u00fam. 83, pp. 43-72 [2021.11.16]<\/strong><\/td>\n<\/tr>\n<tr>\n<td style=\"width: 10.9705%; text-align: center;\"><strong>73<\/strong><\/td>\n<td style=\"width: 11.8143%; text-align: center;\"><strong>2021<\/strong><\/td>\n<td style=\"width: 77.0042%;\"><strong>[CITA REVISTA] MART\u00cdNEZ L\u00d3PEZ, Alberte, MIR\u00c1S ARAUJO, Jes\u00fas (2021): \u00abLa transferencia de tecnolog\u00eda en la Europa Latina: el papel de la Soci\u00e9t\u00e9 Technique de l&#8217;Industrie du Gaz en France, 1895-1938\u00bb. Asclepio. Revista de Historia de la Medicina y de la CIencia [CSIC], n\u00fam. 73 (2), p. 563 (1-15) [2021.07.01]<\/strong><\/td>\n<\/tr>\n<tr>\n<td style=\"width: 10.9705%; text-align: center;\"><strong>72<\/strong><\/td>\n<td style=\"width: 11.8143%;\"><strong>2021<\/strong><\/td>\n<td style=\"width: 77.0042%;\"><strong>[CITA CAP.LIBRO] MART\u00cdNEZ L\u00d3PEZ, Alberte; MIR\u00c1S ARAUJO, Jes\u00fas (2021): \u00abBritish investments in\u00a0the gas industry in\u00a0Spain:\u00a0the role of\u00a0the free- standing companies\u00bb, en Fern\u00e1ndez Paradas, Mercedes; Larrinaga, Carlos (eds): Business History in Spain (19th and 20th centuries). Berl\u00edn: Peter Lang, pp. 113-129 [2021.06.30.5]<\/strong><\/td>\n<\/tr>\n<tr>\n<td style=\"width: 10.9705%; text-align: center;\"><strong>71<\/strong><\/td>\n<td style=\"width: 11.8143%;\"><strong>2021<\/strong><\/td>\n<td style=\"width: 77.0042%;\"><strong>[CITA REVISTA] FERN\u00c1NDEZ PARADAS, Mercedes, MART\u00cdNEZ L\u00d3PEZ, Alberte, MIR\u00c1S ARAUJO, Jes\u00fas (2021): \u00abLa energ\u00eda en las ciudades andaluzas y gallegas: del monopolio del gas a la competencia de la electricidad (1845-1935)\u00bb. Ayer, n\u00fam. 122 (2), pp. 99-128 [2021.04.01.2]<\/strong><\/td>\n<\/tr>\n<tr>\n<td style=\"width: 10.9705%; text-align: center;\"><strong>70<\/strong><\/td>\n<td style=\"width: 11.8143%;\"><strong>2021<\/strong><\/td>\n<td style=\"width: 77.0042%;\"><strong>[CITA REVISTA] GIUNTINI, Andrea (2021): \u00abLa batalla de la energ\u00eda. Gas y electricidad en las ciudades italianas durante la era liberal (1861-1920)\u00bb. Ayer, n\u00fam. 122 (2), pp. 43-66 [2021.04.01.1]<\/strong><\/td>\n<\/tr>\n<tr>\n<td style=\"width: 10.9705%; text-align: center;\"><strong>69<\/strong><\/td>\n<td style=\"width: 11.8143%;\"><strong>2021<\/strong><\/td>\n<td style=\"width: 77.0042%;\"><strong>[CITA REVISTA] FERN\u00c1NDEZ PARADAS, Mecedes, PINTO TORTOSA, Antonio Jes\u00fas (2021): \u00abMelit\u00f3n Mart\u00edn Arranz (1820-1886): Ingeniero promotor del despegue de la industria gas\u00edstica espa\u00f1ola\u00bb. Llull. Revista de la Sociedad Espa\u00f1ola de Historia de la Ciencia y de la T\u00e9cnica [SEHCYT], Vol. 44, n\u00fam. 88, pp. 175-193 [2021.01.01]<\/strong><\/td>\n<\/tr>\n<tr>\n<td style=\"width: 10.9705%; text-align: center;\"><strong>68<\/strong><\/td>\n<td style=\"width: 11.8143%;\"><strong>2020<\/strong><\/td>\n<td style=\"width: 77.0042%;\"><strong>[CITA REVISTA] FERN\u00c1NDEZ PARADAS, Mercedes (2020): \u00abLa Compa\u00f1\u00eda Espa\u00f1ola de Electricidad y Gas Lebon en la Guerra Civil espa\u00f1ola\u00bb. Investigaciones Hist\u00f3ricas, \u00e9poca moderna y contempor\u00e1nea, n\u00fam. 40 (2020), pp. 617-644 [2020.12.01]<\/strong><\/td>\n<\/tr>\n<tr>\n<td style=\"width: 10.9705%; text-align: center;\"><strong>67<\/strong><\/td>\n<td style=\"width: 11.8143%;\"><strong>2020<\/strong><\/td>\n<td style=\"width: 77.0042%;\"><strong>[CITA ENCICLOPEDIA] WIKIPEDIA (2020): \u00abL\u00ednea C\u00f3rdoba &#8211; M\u00e1laga\u00bb, 4 p. [2020.11.22]<\/strong><\/td>\n<\/tr>\n<tr>\n<td style=\"width: 10.9705%; text-align: center;\"><strong>66<\/strong><\/td>\n<td style=\"width: 11.8143%;\"><strong>2020<\/strong><\/td>\n<td style=\"width: 77.0042%;\"><strong>[CITA CAP.LIBRO] FERN\u00c1NDEZ-PARADAS, Mercedes; MART\u00cdNEZ L\u00d3PEZ, Alberte y MIR\u00c1S ARAUJO, Jes\u00fas (2020): \u00abEl consumo de gas en dos regiones perif\u00e9ricas, Andaluc\u00eda y Galicia (1900-1960)\u00bb, en Bartolom\u00e9, Isabel; Fern\u00e1ndez-Paradas, Mercedes; Mir\u00e1s, Jes\u00fas (eds.): Cercanas pero distintas, la desigual trayectoria de la industria del gas en las regiones del sur de Europa (siglos XIX-XX). Madrid: Marcial Pons, pp. 283-304 [2020.10.14]<\/strong><\/td>\n<\/tr>\n<tr>\n<td style=\"width: 10.9705%; text-align: center;\"><strong>65<\/strong><\/td>\n<td style=\"width: 11.8143%;\"><strong>2020<\/strong><\/td>\n<td style=\"width: 77.0042%;\"><strong>[CITA CAP.LIBRO] RANEA DE OSES, Jorge (2020): \u00abHitos fundamentales de la historiograf\u00eda de la industria del gas en Catalu\u00f1a\u00bb, en Bartolom\u00e9, Isabel; Fern\u00e1ndez-Paradas, Mercedes; Mir\u00e1s, Jes\u00fas (eds.): Cercanas pero distintas, la desigual trayectoria de la industria del gas en las regiones del sur de Europa (siglos XIX-XX). Madrid: Marcial Pons, pp. 241-260 [2020.10.14]<\/strong><\/td>\n<\/tr>\n<tr>\n<td style=\"width: 10.9705%; text-align: center;\"><strong>64<\/strong><\/td>\n<td style=\"width: 11.8143%;\"><strong>2020<\/strong><\/td>\n<td style=\"width: 77.0042%;\"><strong>[CITA CAP.LIBRO] S\u00c1NCHEZ MI\u00d1ANA, Jes\u00fas y S\u00c1NCHEZ RUIZ, Carlos (2020): \u00abCiervo en la Barceloneta (1861- circa 1960): Ascenso y declive de una empresa auxiliar de la industria del gas, primera f\u00e1brica de contadores en Espa\u00f1a\u00bb, en Bartolom\u00e9, Isabel; Fern\u00e1ndez-Paradas, Mercedes; Mir\u00e1s, Jes\u00fas (eds.): Cercanas pero distintas, la desigual trayectoria de la industria del gas en las regiones del sur de Europa (siglos XIX-XX). Madrid: Marcial Pons, pp. 165-182 [2020.10.14]<\/strong><\/td>\n<\/tr>\n<tr>\n<td style=\"width: 10.9705%; text-align: center;\"><strong>63<\/strong><\/td>\n<td style=\"width: 11.8143%;\"><strong>2020<\/strong><\/td>\n<td style=\"width: 77.0042%;\"><strong>[CITA CAP.LIBRO] FERNANDEZ, Alexandre y LARRINAGA, Carlos (2020): \u00abLa excepcionalidad en la municipalizaci\u00f3n del servicio de gas en Espa\u00f1a y Francia. Bilbao, San Sebasti\u00e1n y Burdeos (1885-1919)\u00bb, en Bartolom\u00e9, Isabel; Fern\u00e1ndez-Paradas, Mercedes; Mir\u00e1s, Jes\u00fas (eds.): Cercanas pero distintas, la desigual trayectoria de la industria del gas en las regiones del sur de Europa (siglos XIX-XX). Madrid: Marcial Pons, pp. 61-78 [2020.10.14]<\/strong><\/td>\n<\/tr>\n<tr>\n<td style=\"width: 10.9705%; text-align: center;\"><strong>62<\/strong><\/td>\n<td style=\"width: 11.8143%;\"><strong>2020<\/strong><\/td>\n<td style=\"width: 77.0042%;\"><strong>[CITA ENCICLOPEDIA] VIQUIP\u00c8DIA (2020): \u00abHermenegildo Roca Oliver\u00bb, 1 p. [2020.09.30]<\/strong><\/td>\n<\/tr>\n<tr>\n<td style=\"width: 10.9705%; text-align: center;\"><strong>61<\/strong><\/td>\n<td style=\"width: 11.8143%;\"><strong>2020<\/strong><\/td>\n<td style=\"width: 77.0042%;\"><strong>[CITA ENCICLOPEDIA] WIKIPEDIA (2020): \u00abHermenegildo Roca Oliver \u00bb, 1 p. [2020.09.20]<\/strong><\/td>\n<\/tr>\n<tr>\n<td style=\"width: 10.9705%; text-align: center;\"><strong>60<\/strong><\/td>\n<td style=\"width: 11.8143%;\"><strong>2019<\/strong><\/td>\n<td style=\"width: 77.0042%;\"><strong>[CITA REVISTA] FERN\u00c1NDEZ PARADAS; Mercedes; MART\u00cdNEZ L\u00d3PEZ, Alberte y MIR\u00c1S ARAUJO; Jes\u00fas (2019): \u00abThe gas companies in Spain, a long-run approach (1842\u20132018)\u00bb. Business History, 11 Nov 2019, DOI: 10.1080\/00076791.2019.1683162 [2019.11.11]<\/strong><\/td>\n<\/tr>\n<tr>\n<td style=\"width: 10.9705%; text-align: center;\"><strong>59<\/strong><\/td>\n<td style=\"width: 11.8143%;\"><strong>2019<\/strong><\/td>\n<td style=\"width: 77.0042%;\"><strong>[CITA CAP.LIBRO] MART\u00cdNEZ L\u00d3PEZ, Alberte y MIR\u00c4S ARAUJO, Jes\u00fas\u00a0 (2019): \u00abOrganizaciones emprseariales y difusi\u00f3n tecnol\u00f3gica: La Soci\u00e9t\u00e9 T\u00e8chnique de l\u2019Industrie du Gaz en France, 1874-1900\u00bb, en Mat\u00e9s Barco, Juan Manuel y Torres Rodr\u00edguez, Alicia (eds.): Los servicios p\u00fablicos en Espa\u00f1a y M\u00e9xico (siglos XIX-XXI). Madrid: Silex Ediciones, pp. 121-146 [2019.06.30]<\/strong><\/td>\n<\/tr>\n<tr>\n<td style=\"width: 10.9705%; text-align: center;\"><strong>58<\/strong><\/td>\n<td style=\"width: 11.8143%;\"><strong>2019<\/strong><\/td>\n<td style=\"width: 77.0042%;\"><strong>[CITA CAP.LIBRO] RANEA DE OSES, Jorge (2019): \u00abRevisi\u00f3n historiogr\u00e1fica sobre la inversi\u00f3n extranjera en el sector del gas en Espa\u00f1a\u00bb, en Mat\u00e9s Barco, Juan Manuel y Torres Rodr\u00edguez, Alicia (eds.): Los servicios p\u00fablicos en Espa\u00f1a y M\u00e9xico (siglos XIX-XXI). Madrid: Silex Ediciones, pp. 97-120 [2019.06.30]<\/strong><\/td>\n<\/tr>\n<tr>\n<td style=\"width: 10.9705%; text-align: center;\"><strong>57<\/strong><\/td>\n<td style=\"width: 11.8143%;\"><strong>2019<\/strong><\/td>\n<td style=\"width: 77.0042%;\"><strong>[CITA CAP.LIBRO] CASTRO VALDIVIA; Mariano, FERN\u00c1NDEZ PARADAS, Mercedes y MAT\u00c9S BARCO, Juan Manuel (2019): \u00abLas empresas extranjeras de agua y gas en Espa\u00f1a (Circa 1900-1923)\u00bb, en Mat\u00e9s Barco, Juan Manuel y Torres Rodr\u00edguez, Alicia (eds.): Los servicios p\u00fablicos en Espa\u00f1a y M\u00e9xico (siglos XIX-XXI). Madrid: Silex Ediciones, pp. 51-74 [2019.06.30]<\/strong><\/td>\n<\/tr>\n<tr>\n<td style=\"width: 10.9705%; text-align: center;\"><strong>56<\/strong><\/td>\n<td style=\"width: 11.8143%; text-align: center;\"><strong>2019<\/strong><\/td>\n<td style=\"width: 77.0042%;\"><strong>[CITA PONENCIA] FERN\u00c1NDEZ PARADAS, Mercedes; MART\u00cdNEZ L\u00d3PEZ, Alberte y MIR\u00c1S ARAUJO, Jes\u00fas (2019): \u00abEl alumbrado de las ciudades de Andaluc\u00eda y Galicia en el primer tercio del siglo XX: Una perspectiva comparada\u00bb. En La electricidad y la transformaci\u00f3n de la vida urbana y social, V Simposio Internacional de la Historia de la Electrificaci\u00f3n. Evora [2019.05.06]<\/strong><\/td>\n<\/tr>\n<tr>\n<td style=\"width: 10.9705%; text-align: center;\"><strong>55<\/strong><\/td>\n<td style=\"width: 11.8143%; text-align: center;\"><strong>2019<\/strong><\/td>\n<td style=\"width: 77.0042%;\"><strong>[CITA REVISTA] FERN\u00c1NDEZ PARADAS, Mercedes (2019): \u00abLa crisis del alumbrado de gas en las ciudades espa\u00f1olas durante la I Guerra Mundial \u00bb. Historia Contempor\u00e1nea [UPV], n\u00fam. 59, pp. 127-159 [2019.01.01]<\/strong><\/td>\n<\/tr>\n<tr>\n<td style=\"width: 10.9705%; text-align: center;\"><strong>54<\/strong><\/td>\n<td style=\"width: 11.8143%; text-align: center;\"><strong>2018<\/strong><\/td>\n<td style=\"width: 77.0042%;\"><strong>[CITA PONENCIA] RANEA DE OSES, Jorge (2018): \u00abRevisi\u00f3n historiogr\u00e1fica sobre la inversi\u00f3n extranjera en el sector del gas en Espa\u00f1a\u00bb. En Del siglo XIX al XXI. Tendencias y debates, XIV Congreso de la Asociaci\u00f3n de Historia Contempor\u00e1nea (AHISTCON). Alicante [2018.09.20]<\/strong><\/td>\n<\/tr>\n<tr>\n<td style=\"width: 10.9705%; text-align: center;\"><strong>53<\/strong><\/td>\n<td style=\"width: 11.8143%; text-align: center;\"><strong>2018<\/strong><\/td>\n<td style=\"width: 77.0042%;\"><strong>[CITA PONENCIA] CASTRO VALDIVIA, Mariano; FERN\u00c1NDEZ PARADAS, Mercedes y MAT\u00c9S BARCO, Juan Manuel (2018): \u00abLas empresas extranjeras de agua y gas en Espa\u00f1a (circa 1900-1923)\u00bb. En Del siglo XIX al XXi. Tendencias y debates, XIV Congreso de la Asociaci\u00f3n de Historia Contempor\u00e1nea. Alicante [2018.09.20]<\/strong><\/td>\n<\/tr>\n<tr>\n<td style=\"width: 10.9705%; text-align: center;\"><strong>52<\/strong><\/td>\n<td style=\"width: 11.8143%; text-align: center;\"><strong>2018<\/strong><\/td>\n<td style=\"width: 77.0042%;\"><strong>[CITA REVISTA] FERN\u00c1NDEZ PARADAS, Mercedes et LARRINAGA, Carlos (2018): \u00abL\u2019industrie du gaz en Espagne dans le p\u00e9riode de l\u2019entre-deux-guerres\u00bb Histoire, \u00e9conomie, soci\u00e9t\u00e9, 37e ann\u00e9e, 2018\/3, pp. 30-46 [2018.07.01]<\/strong><\/td>\n<\/tr>\n<tr>\n<td style=\"width: 10.9705%; text-align: center;\"><strong>51<\/strong><\/td>\n<td style=\"width: 11.8143%; text-align: center;\"><strong>2018<\/strong><\/td>\n<td style=\"width: 77.0042%;\"><strong>[CITA LIBRO] MORALES MU\u00d1OZ, Manuel (2018): El librero Francisco de Moya. Un krausista de provincias. Sanl\u00facar de Barrameda: Editorial UCA \/ UMA editorial [2018.06.30]<\/strong><\/td>\n<\/tr>\n<tr>\n<td style=\"width: 10.9705%; text-align: center;\"><strong>50<\/strong><\/td>\n<td style=\"width: 11.8143%; text-align: center;\"><strong>2018<\/strong><\/td>\n<td style=\"width: 77.0042%;\"><strong>[CITA CAP.LIBRO] RANEA DE OSES, Jorge (2018): \u00abHistoriograf\u00eda de la industria del gas en Andaluc\u00eda\u00bb en L\u00f3pez Chao, Vicente; S\u00e1nchez Gonz\u00e1lez, Pilar y Botella Nicol\u00e1s, Ana (Coords.): Contenidos universitarios innovadores. Barcelona: Gedisa [pp. 365-378] [2018.06.30]<\/strong><\/td>\n<\/tr>\n<tr>\n<td style=\"width: 10.9705%; text-align: center;\" width=\"42\"><strong>49<\/strong><\/td>\n<td style=\"width: 11.8143%; text-align: center;\" width=\"42\"><strong>2018<\/strong><\/td>\n<td style=\"width: 77.0042%;\" width=\"396\"><strong>[CITA REVISTA] FERN\u00c1NDEZ PARADAS, Mercedes y SUDRI\u00c0 y Carles (2018): \u00abLa transici\u00f3n de la industria del gas de carb\u00f3n al gas natural: dos modelos, Espa\u00f1a y Catalu\u00f1a\u00bb. Revista de Historia Industrial, n\u00fam. 71, pp. 121-149 [2018.01.01]<\/strong><\/td>\n<\/tr>\n<tr>\n<td style=\"width: 10.9705%; text-align: center;\" width=\"42\"><strong>48<\/strong><\/td>\n<td style=\"width: 11.8143%; text-align: center;\" width=\"42\"><strong>2018<\/strong><\/td>\n<td style=\"width: 77.0042%;\" width=\"396\"><strong>[CITA REVISTA] BARTOLOM\u00c9 RODR\u00cdGUEZ, Isabel y GIR\u00d3N SIERRA, \u00c1lvaro (2018): \u00ab\u00bf\u201cPrivilegio\u201d o condena? La compa\u00f1\u00eda de gas y el Ayuntamiento de Sanl\u00facar de Barrameda (1882- 1919)\u00bb. Revista de Historia Industrial, n\u00fam. 71, pp. 55-85 [2018.01.01]<\/strong><\/td>\n<\/tr>\n<tr>\n<td style=\"width: 10.9705%; text-align: center;\" width=\"42\"><strong>47<\/strong><\/td>\n<td style=\"width: 11.8143%; text-align: center;\" width=\"42\"><strong>2017<\/strong><\/td>\n<td style=\"width: 77.0042%;\" width=\"396\"><strong>[CITA PONENCIA] BARTOLOM\u00c9 RODR\u00cdGUEZ, Isabel (2017): \u00ab\u00bf\u201dPrivilegio\u201d o condena? La compa\u00f1\u00eda de gas y el Ayuntamiento de Sanl\u00facar de Barrameda (1882-1919) \u00bb. En XII Congreso Internacional de la Asociaci\u00f3n Espa\u00f1ola de Historia Economica (AEHE). Salamanca, 27 p. [2017.09.08]<\/strong><\/td>\n<\/tr>\n<tr>\n<td style=\"width: 10.9705%; text-align: center;\" width=\"42\"><strong>46<\/strong><\/td>\n<td style=\"width: 11.8143%; text-align: center;\" width=\"42\"><strong>2017<\/strong><\/td>\n<td style=\"width: 77.0042%;\" width=\"396\"><strong>[CITA PONENCIA] FERN\u00c1NDEZ-PARADAS, Mercedes y SUDRI\u00c0 TRIAY, Carles (2017): \u00abLa transici\u00f3n de la industria del gas de carb\u00f3n al gas natural: dos modelos, Espa\u00f1a y Catalu\u00f1a (circa 1950-1970)\u00bb. En XII Congreso Internacional de la Asociaci\u00f3n Espa\u00f1ola de Historia Economica (AEHE). Salamanca, 27 p. [2017.09.08]<\/strong><\/td>\n<\/tr>\n<tr>\n<td style=\"width: 10.9705%; text-align: center;\" width=\"42\"><strong>45<\/strong><\/td>\n<td style=\"width: 11.8143%; text-align: center;\" width=\"42\"><strong>2017<\/strong><\/td>\n<td style=\"width: 77.0042%;\" width=\"396\"><strong>[CITA ENCICLOPEDIA] WIKIPEDIA (2017): \u00abBurgues\u00eda ilustrada\u00bb, 1 p. [2017.08.29.d]<\/strong><\/td>\n<\/tr>\n<tr>\n<td style=\"width: 10.9705%; text-align: center;\" width=\"42\"><strong>44<\/strong><\/td>\n<td style=\"width: 11.8143%; text-align: center;\" width=\"42\"><strong>2017<\/strong><\/td>\n<td style=\"width: 77.0042%;\" width=\"396\"><strong>[CITA REVISTA] FERN\u00c1NDEZ PARADAS, Mercedes (2017): \u00abEl dilema de la industria del gas ciudad en la Andaluc\u00eda de los a\u00f1os 1960: renovarse o morir\u00bb. Ayer, n\u00fam. 107\/2017 (3), Madrid, pp. 257-284. [2017.07.01 ]<\/strong><\/td>\n<\/tr>\n<tr>\n<td style=\"width: 10.9705%; text-align: center;\" width=\"42\"><strong>43<\/strong><\/td>\n<td style=\"width: 11.8143%; text-align: center;\" width=\"42\"><strong>2017<\/strong><\/td>\n<td style=\"width: 77.0042%;\" width=\"396\"><strong>[CITA LIBRO] SUDRI\u00c0 TRIAY, Carles i AUBANELL JUBANY, Anna Maria (2017): Hist\u00f2ria de la ind\u00fastria del gas a Catalunya. Sabadell: Fundaci\u00f3 Gas Natural Fenosa [2017.06.30]<\/strong><\/td>\n<\/tr>\n<tr>\n<td style=\"width: 10.9705%; text-align: center;\" width=\"42\"><strong>42<\/strong><\/td>\n<td style=\"width: 11.8143%; text-align: center;\" width=\"42\"><strong>2017<\/strong><\/td>\n<td style=\"width: 77.0042%;\" width=\"396\"><strong>[CITA CAP.LIBRO] FERN\u00c1NDEZ-PARADAS, Mercedes y RODR\u00cdGUEZ-MART\u00cdN, Nuria (2017): \u00abEl servicio de alumbrado p\u00fablico en Madrid, 1900-1935\u00bb, en Otero Carvajal, Luis enrique y Pallol Trigueros, Rub\u00e9n (eds.): La sociedad urbana en Espa\u00f1a, 1900-1936. Madrid: Catarata, pp. 229- 247 [2017.06.30]<\/strong><\/td>\n<\/tr>\n<tr>\n<td style=\"width: 10.9705%; text-align: center;\" width=\"42\"><strong>41<\/strong><\/td>\n<td style=\"width: 11.8143%; text-align: center;\" width=\"42\"><strong>2017<\/strong><\/td>\n<td style=\"width: 77.0042%;\" width=\"396\"><strong>[CITA CAP.LIBRO] SUDRI\u00c0 TRIAY, Carles (2017): \u00abEl butano \u00bfgas de los pobres?, notas sobre el papel del gas butano embotellado en el desarrollo energ\u00e9tico de Espa\u00f1a\u00bb, en Bartolom\u00e9, Isabel; Fern\u00e1ndez-Paradas, Mercedes; Mir\u00e1s, Jes\u00fas (eds.): Globalizaci\u00f3n, nacionalizaci\u00f3n y liberalizaci\u00f3n de la industria del gas en la Europa latina (siglos XIX-XXI). Madrid: Marcial Pons, pp. 279-292 [2017.05.05]<\/strong><\/td>\n<\/tr>\n<tr>\n<td style=\"width: 10.9705%; text-align: center;\" width=\"42\"><strong>40<\/strong><\/td>\n<td style=\"width: 11.8143%; text-align: center;\" width=\"42\"><strong>2017<\/strong><\/td>\n<td style=\"width: 77.0042%;\" width=\"396\"><strong>[CITA CAP.LIBRO] FERN\u00c1NDEZ-PARADAS, Mercedes y MARTYK\u00c1NOV\u00c1, Darina (2017): \u00abLa industria del gas en Espa\u00f1a en los a\u00f1os 1940 en el contexto de Europa\u00bb, en Bartolom\u00e9, Isabel; Fern\u00e1ndez-Paradas, Mercedes; Mir\u00e1s, Jes\u00fas (eds.): Globalizaci\u00f3n, nacionalizaci\u00f3n y liberalizaci\u00f3n de la industria del gas en la Europa latina (siglos XIX-XXI). Madrid: Marcial Pons, pp. 257-278 [2017.05.05]<\/strong><\/td>\n<\/tr>\n<tr>\n<td style=\"width: 10.9705%; text-align: center;\" width=\"42\"><strong>39<\/strong><\/td>\n<td style=\"width: 11.8143%; text-align: center;\" width=\"42\"><strong>2017<\/strong><\/td>\n<td style=\"width: 77.0042%;\" width=\"396\"><strong>[CITA CAP.LIBRO] LARRINAGA RODR\u00cdGUEZ, Carlos (2017): \u00ab\u00bfHacia una singularidad vasca en el suministro de gas? De la empresa privada a la municipalizaci\u00f3n en la segunda mitad del siglo XIX. EL caso de Bilbao\u00bb, en Bartolom\u00e9, Isabel; Fern\u00e1ndez-Paradas, Mercedes; Mir\u00e1s, Jes\u00fas (eds.): Globalizaci\u00f3n, nacionalizaci\u00f3n y liberalizaci\u00f3n de la industria del gas en la Europa latina (siglos XIX-XXI). Madrid: Marcial Pons, pp. 237-256 [2017.05.05]<\/strong><\/td>\n<\/tr>\n<tr>\n<td style=\"width: 10.9705%; text-align: center;\" width=\"42\"><strong>38<\/strong><\/td>\n<td style=\"width: 11.8143%; text-align: center;\" width=\"42\"><strong>2017<\/strong><\/td>\n<td style=\"width: 77.0042%;\" width=\"396\"><strong>[CITA CAP.LIBRO] MIR\u00c1S ARAUJO, Jes\u00fas (2017): \u00abLa transici\u00f3n de los paradigmas energ\u00e9ticos en las ciudades espa\u00f1olas entre la Restauraci\u00f3n y la Guerra Civil: del gas a la electricidad\u00bb, en Bartolom\u00e9, Isabel; Fern\u00e1ndez-Paradas, Mercedes; Mir\u00e1s, Jes\u00fas (eds.): Globalizaci\u00f3n, nacionalizaci\u00f3n y liberalizaci\u00f3n de la industria del gas en la Europa latina (siglos XIX-XXI). Madrid: Marcial Pons, pp. 193-214 [2017.05.05]<\/strong><\/td>\n<\/tr>\n<tr>\n<td style=\"width: 10.9705%; text-align: center;\" width=\"42\"><strong>37<\/strong><\/td>\n<td style=\"width: 11.8143%; text-align: center;\" width=\"42\"><strong>2017<\/strong><\/td>\n<td style=\"width: 77.0042%;\" width=\"396\"><strong>[CITA CAP.LIBRO] ALAYO MANUBENS, Joan Carles y BARCA SALOM, Francesc Xavier (2017): \u00abLas t\u00e9cnicas de fabricaci\u00f3n utilizadas en las f\u00e1bricas de gas espa\u00f1olas\u00bb, en Bartolom\u00e9, Isabel; Fern\u00e1ndez-Paradas, Mercedes; Mir\u00e1s, Jes\u00fas (eds.): Globalizaci\u00f3n, nacionalizaci\u00f3n y liberalizaci\u00f3n de la industria del gas en la Europa latina (siglos XIX-XXI). Madrid: Marcial Pons, pp. 141-172 [2017.05.05]<\/strong><\/td>\n<\/tr>\n<tr>\n<td style=\"width: 10.9705%; text-align: center;\" width=\"42\"><strong>36<\/strong><\/td>\n<td style=\"width: 11.8143%; text-align: center;\" width=\"42\"><strong>2017<\/strong><\/td>\n<td style=\"width: 77.0042%;\" width=\"396\"><strong>[CITA REVISTA] MOYANO JIM\u00c9NEZ, Florentino (2017): \u00abEl gas sin carb\u00f3n en la ciudad de Reus (1969-1977). La primera planta espa\u00f1ola de gas de aire propanado\u00bb. TsT. Transportes, Servicios y Telecomunicaciones, n\u00ba 32 (enero 2017), Madrid, pp. 124-146 [2017.01.01]<\/strong><\/td>\n<\/tr>\n<tr>\n<td style=\"width: 10.9705%; text-align: center;\" width=\"42\"><strong>35<\/strong><\/td>\n<td style=\"width: 11.8143%; text-align: center;\" width=\"42\"><strong>2017<\/strong><\/td>\n<td style=\"width: 77.0042%;\" width=\"396\"><strong>[CITA REVISTA] BARTOLOM\u00c9 RODR\u00cdGUEZ, Isabel; FERN\u00c1NDEZ PARADAS, Mercedes y MARTYK\u00c1NOV\u00c1, Darina (2017): \u00abLa crisis de la industria del gas en M\u00e1laga: del gas del carb\u00f3n al gas de nafta (1950-1968)\u00bb. TsT. Transportes, Servicios y Telecomunicaciones, n\u00ba 32 (enero 2017), Madrid, pp. 102-123 [2017.01.01]<\/strong><\/td>\n<\/tr>\n<tr>\n<td style=\"width: 10.9705%; text-align: center;\" width=\"42\"><strong>34<\/strong><\/td>\n<td style=\"width: 11.8143%; text-align: center;\" width=\"42\"><strong>2016<\/strong><\/td>\n<td style=\"width: 77.0042%;\" width=\"396\"><strong>[CITA ENCICLOPEDIA] VIQUIP\u00c8DIA (2016): \u00abUni\u00f3n Industrial\u00bb, 1 p. [2016.09.28]<\/strong><\/td>\n<\/tr>\n<tr>\n<td style=\"width: 10.9705%; text-align: center;\" width=\"42\"><strong>33<\/strong><\/td>\n<td style=\"width: 11.8143%; text-align: center;\" width=\"42\"><strong>2016<\/strong><\/td>\n<td style=\"width: 77.0042%;\" width=\"396\"><strong>[CITA PONENCIA] LARRINAGA, Carlos (2016): \u00ab\u00bfHacia una singularidad vasca en el suministro de gas? De la empresa privada a la municipalizaci\u00f3n en la segunda mitad del siglo XIX. El caso de Bilbao\u00bb. Seminario internacional de globalizaci\u00f3n, nacionalizaci\u00f3n y liberalizaci\u00f3n de la industria del gas en la Europa Latina (Siglos XIX-XXI). Fundaci\u00f3n Gas Natural Fenosa, Sabadell,\u00a0 13 p. [2016.09.01.2]<\/strong><\/td>\n<\/tr>\n<tr>\n<td style=\"width: 10.9705%; text-align: center;\" width=\"42\"><strong>32<\/strong><\/td>\n<td style=\"width: 11.8143%; text-align: center;\" width=\"42\"><strong>2016<\/strong><\/td>\n<td style=\"width: 77.0042%;\" width=\"396\"><strong>CITA PONENCIA] MIR\u00c1S ARAUJO, Jes\u00fas (2016): \u00abLa transici\u00f3n de los paradigmas energ\u00e9ticos en las ciudades espa\u00f1olas entre la Restauraci\u00f3n y la Guerra Civil\u00bb. Seminario internacional de globalizaci\u00f3n, nacionalizaci\u00f3n y liberalizaci\u00f3n de la industria del gas en la Europa Latina (Siglos XIX-XXI). Fundaci\u00f3n Gas Natural Fenosa, Sabadell,\u00a0 23 p. [2016.09.01.1]<\/strong><\/td>\n<\/tr>\n<tr>\n<td style=\"width: 10.9705%; text-align: center;\" width=\"42\"><strong>31<\/strong><\/td>\n<td style=\"width: 11.8143%; text-align: center;\" width=\"42\"><strong>2016<\/strong><\/td>\n<td style=\"width: 77.0042%;\" width=\"396\"><strong>[CITA PONENCIA] MIR\u00c1S ARAUJO, Jes\u00fas (2016): \u00abThe switchover from coal gas to electricity in Spanish cities, 1880s &#8211; 1936\u00bb. 13th International Conference on Urban History, European Association for Urban History (EAUH). Helsinki, 10 p. [2016.08.24]<\/strong><\/td>\n<\/tr>\n<tr>\n<td style=\"width: 10.9705%; text-align: center;\" width=\"42\"><strong>30<\/strong><\/td>\n<td style=\"width: 11.8143%; text-align: center;\" width=\"42\"><strong>2016<\/strong><\/td>\n<td style=\"width: 77.0042%;\" width=\"396\"><strong>[CITA TESIS] CORNEJO CANT\u00da, Roberto (2016): Energ\u00eda, econom\u00eda y medio ambiente: una mirada desde la sostenibilidad y el humanismo. Tesis Doctoral Universidad de Navarra. Instituto Empresa y Humanismo. Pamplona [2016.06.30]<\/strong><\/td>\n<\/tr>\n<tr>\n<td style=\"width: 10.9705%; text-align: center;\" width=\"42\"><strong>29<\/strong><\/td>\n<td style=\"width: 11.8143%; text-align: center;\" width=\"42\"><strong>2016<\/strong><\/td>\n<td style=\"width: 77.0042%;\" width=\"396\"><strong>[CITA LIBRO] CARMONA BAD\u00cdA, Xoan (2016): La Sociedad General Gallega de Electricidad y la formaci\u00f3n del sistema el\u00e9ctrico gallego (1900-1955). Sabadell: Fundaci\u00f3n Gas Natural Fenosa [2016.06.30]<\/strong><\/td>\n<\/tr>\n<tr>\n<td style=\"width: 10.9705%; text-align: center;\" width=\"42\"><strong>28<\/strong><\/td>\n<td style=\"width: 11.8143%; text-align: center;\" width=\"42\"><strong>2016<\/strong><\/td>\n<td style=\"width: 77.0042%;\" width=\"396\"><strong>[CITA REVISTA] FERN\u00c1NDEZ PARADAS, Mercedes (2016): \u00abLa regulaci\u00f3n del suministro de gas en Espa\u00f1a (1841-1936)\u00bb. Revista de Historia Industrial, n\u00ba 61 (enero 2016), Barcelona, pp. 49\/78 [2016.01.01]<\/strong><\/td>\n<\/tr>\n<tr>\n<td style=\"width: 10.9705%; text-align: center;\" width=\"42\"><strong>27<\/strong><\/td>\n<td style=\"width: 11.8143%; text-align: center;\" width=\"42\"><strong>2015<\/strong><\/td>\n<td style=\"width: 77.0042%;\" width=\"396\"><strong>[CITA LIBRO] FERN\u00c1NDEZ PARADAS, Mercedes (2015): La industria del gas en C\u00e1diz (1845-2012). Sabadell: Fundaci\u00f3n Gas Natural Fenosa [2015.06.30]<\/strong><\/td>\n<\/tr>\n<tr>\n<td style=\"width: 10.9705%; text-align: center;\" width=\"42\"><strong>26<\/strong><\/td>\n<td style=\"width: 11.8143%; text-align: center;\" width=\"42\"><strong>2014<\/strong><\/td>\n<td style=\"width: 77.0042%;\" width=\"396\"><strong>[CITA REVISTA] FERN\u00c1NDEZ PARADAS, Mercedes (2014): \u00abLa industria del gas en M\u00e1laga en los a\u00f1os 1940: un negocio en dificultades\u00bb. Revista de la Historia de la Econom\u00eda y de la Empresa [RHEE], n\u00fam. 8 (2014), Bilbao, pp. 319\/341\u00a0 [2014.10.13]<\/strong><\/td>\n<\/tr>\n<tr>\n<td style=\"width: 10.9705%; text-align: center;\" width=\"42\"><strong>25<\/strong><\/td>\n<td style=\"width: 11.8143%; text-align: center;\" width=\"42\"><strong>2014<\/strong><\/td>\n<td style=\"width: 77.0042%;\" width=\"396\"><strong>[CITA PONENCIA] FERNANDEZ, Alexandre (2014): \u00ab1885\/1889: la municipalizaci\u00f3n de las F\u00e1bricas de gas de Bilbao y San Sebasti\u00e1n \u00bb. En XI Congreso Internacional de la Asociaci\u00f3n Espa\u00f1ola de Historia Economica (AEHE). Madrid, 14 p. [2014.09.04]<\/strong><\/td>\n<\/tr>\n<tr>\n<td style=\"width: 10.9705%; text-align: center;\" width=\"42\"><strong>24<\/strong><\/td>\n<td style=\"width: 11.8143%; text-align: center;\" width=\"42\"><strong>2014<\/strong><\/td>\n<td style=\"width: 77.0042%;\" width=\"396\"><strong>[CITA PONENCIA] FERN\u00c1NDEZ PARADAS, Mercedes (2014): \u00abEl dilema de la industria del gas en la Andaluc\u00eda de los a\u00f1os 1960: renovarse o morir\u00bb. En XI Congreso Internacional de la Asociaci\u00f3n Espa\u00f1ola de Historia Economica (AEHE). Madrid, 32 p. [2014.09.04]<\/strong><\/td>\n<\/tr>\n<tr>\n<td style=\"width: 10.9705%; text-align: center;\" width=\"42\"><strong>23<\/strong><\/td>\n<td style=\"width: 11.8143%; text-align: center;\" width=\"42\"><strong>2013<\/strong><\/td>\n<td style=\"width: 77.0042%;\" width=\"396\"><strong>[CITA CAP.LIBRO] P\u00c9REZ CEBADA, Juan Diego (2013): \u00abEnerg\u00eda y medio ambiente en la industrializaci\u00f3n de Andaluc\u00eda\u00bb, en S\u00e1nchez Pic\u00f3n, Andr\u00e9s (Coord.): Industrializaci\u00f3n y desarrollo econ\u00f3mico en Andaluc\u00eda. Junta de Andaluc\u00eda, Sevilla, pp. 45\/72 [2013.10.01]<\/strong><\/td>\n<\/tr>\n<tr>\n<td style=\"width: 10.9705%; text-align: center;\" width=\"42\"><strong>22<\/strong><\/td>\n<td style=\"width: 11.8143%; text-align: center;\" width=\"42\"><strong>2013<\/strong><\/td>\n<td style=\"width: 77.0042%;\" width=\"396\"><strong>[CITA TESIS] OROZCO GUERRERO, Antonio (2013): C\u00e1diz durante el Sexenio Democr\u00e1tico: el conflicto Iglesia-secularizaci\u00f3n. Tesis Doctoral Universidad Nacional de Educaci\u00f3n a Distancia (UNED). Facultad de Geograf\u00eda e Historia. Madrid [2013.06.30]<\/strong><\/td>\n<\/tr>\n<tr>\n<td style=\"width: 10.9705%; text-align: center;\" width=\"42\"><strong>21<\/strong><\/td>\n<td style=\"width: 11.8143%; text-align: center;\" width=\"42\"><strong>2013<\/strong><\/td>\n<td style=\"width: 77.0042%;\" width=\"396\"><strong>[CITA LIBRO] MOYANO, Florent\u00ed (2013): L&#8217;enllumenat p\u00fablic a la ciutat de Reus (1855-1965). Dels fanals de gas a les l\u00e0mpades el\u00e8ctriques. Reus: Centre de Lectura [2013.06.30]<\/strong><\/td>\n<\/tr>\n<tr>\n<td style=\"width: 10.9705%; text-align: center;\" width=\"42\"><strong>20<\/strong><\/td>\n<td style=\"width: 11.8143%; text-align: center;\" width=\"42\"><strong>2012<\/strong><\/td>\n<td style=\"width: 77.0042%;\" width=\"396\"><strong>[CITA REVISTA] MOYANO, Florent\u00ed (2012): \u00abLa hulla: auge y declive en la industria del gas catalana y espa\u00f1ola. El caso de la f\u00e1brica de gas de Reus (1854-1969)\u00bb. TsT. Transportes, Servicios y Telecomunicaciones, n\u00ba 22 (junio 2012), Madrid, pp. 112\/149 [2012.06.30]<\/strong><\/td>\n<\/tr>\n<tr>\n<td style=\"width: 10.9705%; text-align: center;\" width=\"42\"><strong>19<\/strong><\/td>\n<td style=\"width: 11.8143%; text-align: center;\" width=\"42\"><strong>2012<\/strong><\/td>\n<td style=\"width: 77.0042%;\" width=\"396\"><strong>[CITA CAP.LIBRO] FERNANDEZ, Alexandre (2012): \u00abConditions et enjeux d\u2019une economie de l\u2019\u00e9dilit\u00e9 en Espagne a la fin du XIXe. si\u00e8cle\u00bb. Dans Huetz de Lemps, Xavier t Luis, Jean- Philippe (\u00e9d.): Sortir du labyrinthe: \u00c9tudes d&#8217;histoire contemporaine de l&#8217;Espagne. Madrid, Casa de Vel\u00e1zquez, vol. 131, pp. 301-322 [2012.06.30]<\/strong><\/td>\n<\/tr>\n<tr>\n<td style=\"width: 10.9705%; text-align: center;\" width=\"42\"><strong>18<\/strong><\/td>\n<td style=\"width: 11.8143%; text-align: center;\" width=\"42\"><strong>2012<\/strong><\/td>\n<td style=\"width: 77.0042%;\" width=\"396\"><strong>[CITA LIBRO] ALAYO, Joan Carles y BARCA, Francesc X. (2012): La tecnolog\u00eda del gas a trav\u00e9s de su historia. Pr\u00f3logo de Pere-A. F\u00e0bregas. Barcelona: Fundaci\u00f3n Gas Natural Fenosa [2012.05.22]<\/strong><\/td>\n<\/tr>\n<tr>\n<td style=\"width: 10.9705%; text-align: center;\" width=\"42\"><strong>17<\/strong><\/td>\n<td style=\"width: 11.8143%; text-align: center;\" width=\"42\"><strong>2011<\/strong><\/td>\n<td style=\"width: 77.0042%;\" width=\"396\"><strong>[CITA REVISTA] MOYANO, Florent\u00ed (2011): V\u00edas tecnol\u00f3gicas utilizadas para la introducci\u00f3n de la industria del gas en Reus\u00bb. Quaderns d&#8217;Hist\u00f2ria de la Enginyeria, vol. XII (diciembre 2011), Barcelona, pp. 31\/52\u00a0 [2011.12.30]<\/strong><\/td>\n<\/tr>\n<tr>\n<td style=\"width: 10.9705%; text-align: center;\" width=\"42\"><strong>16<\/strong><\/td>\n<td style=\"width: 11.8143%; text-align: center;\" width=\"42\"><strong>2011<\/strong><\/td>\n<td style=\"width: 77.0042%;\" width=\"396\"><strong>[CITA REVISTA] FERN\u00c1NDEZ PARADAS, Mercedes (2011): \u00abThe gas industry in M\u00e1laga (1854-2009)\u00bb. Quaderns d&#8217;Hist\u00f2ria de la Enginyeria, vol. XII (diciembre 2011), Barcelona, pp. 93\/124\u00a0 [2011.12.30]<\/strong><\/td>\n<\/tr>\n<tr>\n<td style=\"width: 10.9705%; text-align: center;\" width=\"42\"><strong>15<\/strong><\/td>\n<td style=\"width: 11.8143%; text-align: center;\" width=\"42\"><strong>2011<\/strong><\/td>\n<td style=\"width: 77.0042%;\" width=\"396\"><strong>[CITA REVISTA] BARTOLOM\u00c9, Isabel y SUDRI\u00c0, Carles (2011): \u00abLa historia del gas en Espa\u00f1a. Nota bibliogr\u00e1fica\u00bb. Revista de Historia Industrial, n\u00fam. 46, pp. 171\/172 [2011.05.01]<\/strong><\/td>\n<\/tr>\n<tr>\n<td style=\"width: 10.9705%; text-align: center;\" width=\"42\"><strong>14<\/strong><\/td>\n<td style=\"width: 11.8143%; text-align: center;\" width=\"42\"><strong>2011<\/strong><\/td>\n<td style=\"width: 77.0042%;\" width=\"396\"><strong>[CITA LIBRO] SIM\u00d3N PALMER, M\u00aa Carmen (2011): La Real F\u00e1brica de Gas de Madrid. Pr\u00f3logo de Pere-A. F\u00e0bregas. Barcelona: Fundaci\u00f3n Gas Natural \/ LID Editorial [2011.04.06]<\/strong><\/td>\n<\/tr>\n<tr>\n<td style=\"width: 10.9705%; text-align: center;\" width=\"42\"><strong>13<\/strong><\/td>\n<td style=\"width: 11.8143%; text-align: center;\" width=\"42\"><strong>2010<\/strong><\/td>\n<td style=\"width: 77.0042%;\" width=\"396\"><strong>[CITA REVISTA] QUADERN D&#8217;HIST\u00d2RIA DE l&#8217;ENGINYERIA (2010): \u00abPublicacions rebudes\u00bb. Quaderns d\u2019hist\u00f2ria de l\u2019enginyeria, vol. XI, pp. 257-262 [2010.06.30.4]<\/strong><\/td>\n<\/tr>\n<tr>\n<td style=\"width: 10.9705%; text-align: center;\" width=\"42\"><strong>12<\/strong><\/td>\n<td style=\"width: 11.8143%; text-align: center;\" width=\"42\"><strong>2010<\/strong><\/td>\n<td style=\"width: 77.0042%;\" width=\"396\"><strong>[CITA CAP.LIBRO] MOYANO JIM\u00c9NEZ; Florent\u00ed (2010): \u00abCommon Pathways Used for the Introduction of the Technology of Gas in Catalan Cities during the Second Half of the Nineteenth Century. The Case of Reus and Other Similar Cities\u00bb, in Roca Rosell, Antoni (ed.) (2012): The Circulation of Science and Technology. Proceedings of the 4th International Conference of the European Society for the History of Science. Barcelona, Societat Catalana d\u2019Hist\u00f2ria de la Ci\u00e8ncia i de la T\u00e8cnica, pp. 677-686 [2010.06.30]<\/strong><\/td>\n<\/tr>\n<tr>\n<td style=\"width: 10.9705%; text-align: center;\" width=\"42\"><strong>11<\/strong><\/td>\n<td style=\"width: 11.8143%; text-align: center;\" width=\"42\"><strong>2010<\/strong><\/td>\n<td style=\"width: 77.0042%;\" width=\"396\"><strong>[CITA CAP.LIBRO] FERN\u00c1NDEZ PARADAS, Mercedes (2010): \u00abThe Production and Consumption of Gas in Malaga (1854- 2009)\u00bb, in Roca Rosell, Antoni (ed.) (2012): The Circulation of Science and Technology. Proceedings of the 4th International Conference of the European Society for the History of Science. Barcelona, Societat Catalana d\u2019Hist\u00f2ria de la Ci\u00e8ncia i de la T\u00e8cnica, pp. 668- 676 [2010.06.30]<\/strong><\/td>\n<\/tr>\n<tr>\n<td style=\"width: 10.9705%; text-align: center;\" width=\"42\"><strong>10<\/strong><\/td>\n<td style=\"width: 11.8143%; text-align: center;\" width=\"42\"><strong>2010<\/strong><\/td>\n<td style=\"width: 77.0042%;\" width=\"396\"><strong>[CITA LIBRO] MART\u00cdNEZ, Alberte (coord.); MIR\u00c1S ARAUJO; Jes\u00fas y LINDOSO TATO, Elvira (2010): La industria del gas en Galicia: del alumbrado por gas al siglo XXI, 1850-2005. Pr\u00f3logo de Pere-A. F\u00e0bregas. Barcelona: Fundaci\u00f3n Gas Natural \/ LID Editorial [2010.02.11]<\/strong><\/td>\n<\/tr>\n<tr>\n<td style=\"width: 10.9705%; text-align: center;\" width=\"42\"><strong>9<\/strong><\/td>\n<td style=\"width: 11.8143%; text-align: center;\" width=\"42\"><strong>2009<\/strong><\/td>\n<td style=\"width: 77.0042%;\" width=\"396\"><strong>[CITA REVISTA] MART\u00cdNEZ L\u00d3PEZ, Alberte y MIR\u00c1S ARAUJO, Jes\u00fas (2009): \u00abEmpresas y ayuntamientos en la industria del gas en Galicia, 1850-1936\u00bb. TST. Transportes, Servicios y Telecomunicaciones, n\u00ba 16 (diciembre 2009), Madrid, pp. 132\/154 [2009.12.01]<\/strong><\/td>\n<\/tr>\n<tr>\n<td style=\"width: 10.9705%; text-align: center;\" width=\"42\"><strong>8<\/strong><\/td>\n<td style=\"width: 11.8143%; text-align: center;\" width=\"42\"><strong>2009<\/strong><\/td>\n<td style=\"width: 77.0042%;\" width=\"396\"><strong>[CITA REVISTA] FERN\u00c1NDEZ PARADAS, Mercedes (2009): \u00abEmpresas y servicio de alumbrado p\u00fablico por gas en Espa\u00f1a (1842\u20131935)\u00bb. TST. Transportes, Servicios y Telecomunicaciones, n\u00ba 16 (diciembre 2009), Madrid, pp. 108\/131 [2009.12.01]<\/strong><\/td>\n<\/tr>\n<tr>\n<td style=\"width: 10.9705%; text-align: center;\" width=\"42\"><strong>7<\/strong><\/td>\n<td style=\"width: 11.8143%; text-align: center;\" width=\"42\"><strong>2009<\/strong><\/td>\n<td style=\"width: 77.0042%;\" width=\"396\"><strong>[CITA REVISTA] ARROYO, Mercedes (2009): \u00abLa historia de la industria del gas en Espa\u00f1a. Un balance de veinte a\u00f1os de estudios\u00bb. TST. Transportes, Servicios y Telecomunicaciones, n\u00ba 16 (diciembre 2009), Madrid, pp. 82\/106 [2009.12.01]<\/strong><\/td>\n<\/tr>\n<tr>\n<td style=\"width: 10.9705%; text-align: center;\" width=\"42\"><strong>6<\/strong><\/td>\n<td style=\"width: 11.8143%; text-align: center;\" width=\"42\"><strong>2009<\/strong><\/td>\n<td style=\"width: 77.0042%;\" width=\"396\"><strong>[CITA LIBRO] FERN\u00c1NDEZ PARADAS, Mercedes (2009): La industria del gas en C\u00f3rdoba (1870-2007).Pr\u00f3logo de Pere-A. F\u00e0bregas. Barcelona: Fundaci\u00f3n Gas Natural \/ LID Editorial [2009.11.24]<\/strong><\/td>\n<\/tr>\n<tr>\n<td style=\"width: 10.9705%; text-align: center;\" width=\"42\"><strong>5<\/strong><\/td>\n<td style=\"width: 11.8143%; text-align: center;\" width=\"42\"><strong>2009<\/strong><\/td>\n<td style=\"width: 77.0042%;\" width=\"396\"><strong>[CITA REVISTA] ARROYO, Mercedes y CARDOSO DE MATOS, Ana (2009):\u00a0 \u00abLa modernizaci\u00f3n de dos ciudades: Las redes de gas de Barcelona y Lisboa (siglos XIX y XX)\u00bb.\u00a0 Scripta Nova (UB) n\u00ba 296 (1 agosto 2009), Barcelona, pp. 1\/14 [2009.08.01]<\/strong><\/td>\n<\/tr>\n<tr>\n<td style=\"width: 10.9705%; text-align: center;\" width=\"42\"><strong>4<\/strong><\/td>\n<td style=\"width: 11.8143%; text-align: center;\" width=\"42\"><strong>2006<\/strong><\/td>\n<td style=\"width: 77.0042%;\" width=\"396\"><strong>[CITA REVISTA] ARROYO, Mercedes (2006): \u00abActitudes empresariales y estructura industrial. El gas de M\u00e1laga 1854-1929\u00bb. Scripta Nova (UB), n\u00fam. 215, 15 de junio de 2006, Barcelona, pp. 1-34 [2006.06.15]<\/strong><\/td>\n<\/tr>\n<tr>\n<td style=\"width: 10.9705%; text-align: center;\" width=\"42\"><strong>3<\/strong><\/td>\n<td style=\"width: 11.8143%; text-align: center;\" width=\"42\"><strong>2006<\/strong><\/td>\n<td style=\"width: 77.0042%;\" width=\"396\"><strong>[CITA REVISTA] FERN\u00c1NDEZ PARADAS, Mercedes (2006): \u00abEl alumbrado p\u00fablico de gas en la Andaluc\u00eda del primer tercio del siglo XX: un sector en crisis\u00bb. Ciudad y Territorio. Estudios Territoriales (CyTET), vol. 38, n\u00fam. 147, pp. 127-138 [2006.04.01]<\/strong><\/td>\n<\/tr>\n<tr>\n<td style=\"width: 10.9705%; text-align: center;\" width=\"42\"><strong>2<\/strong><\/td>\n<td style=\"width: 11.8143%; text-align: center;\" width=\"42\"><strong>2005<\/strong><\/td>\n<td style=\"width: 77.0042%;\" width=\"396\"><strong>[CITA REVISTA] FERN\u00c1NDEZ PARADAS, Mercedes (2005): \u00abEl alumbrado p\u00fablico en la Andaluc\u00eda del primer tercio del siglo XX: una lucha desigual entre gas y electricidad\u00bb. Historia Contempor\u00e1nea (UPV), n\u00fam. 31, pp. 601-621 [2005.09.30]<\/strong><\/td>\n<\/tr>\n<tr>\n<td style=\"width: 10.9705%; text-align: center;\" width=\"42\"><strong>1<\/strong><\/td>\n<td style=\"width: 11.8143%; text-align: center;\" width=\"42\"><strong>2005<\/strong><\/td>\n<td style=\"width: 77.0042%;\" width=\"396\"><strong>[CITA MONOGRAF\u00cdA] GONZ\u00c1LEZ, Luis A. &amp; HOMO, Kira B. (2005): Globalization: A Selected Bibliography of Sources in Spanish. Bloomington (Indiana, US): Indiana University, Center for the Study of Global Change, 136 pp. [2005.06.30]<\/strong><\/td>\n<\/tr>\n<\/tbody>\n<\/table>\n<p>&nbsp;<\/p>\n","protected":false},"excerpt":{"rendered":"<p>Historia Gas [2003.10.27] F\u00c0BREGAS; Pere-A. (2003): La globalizaci\u00f3n en el siglo XIX: M\u00e1laga y el Gas. Sevilla: Universidad de Sevilla \/ Ateneo de Sevilla, 213 pp. [Libro ganador del Premio de Historia 2001 del Ateneo de Sevilla] GoogleScholar ;\u00a0GoogleBooks ;\u00a0Universidad de Sevilla &nbsp; CITED BY\u00a0 \u00a0&#8211;\u00a0 \u00a0CITAT PER\u00a0 \u00a0&#8211;\u00a0 \u00a0CITADO POR 81 2024 [CITA CAP.LIBRO] &hellip; <a href=\"https:\/\/fabregaspere.com\/blog2\/2003\/10\/27\/libro-2003-la-globalizacion-en-el-siglo-xix-malaga-y-el-gas\/\" class=\"more-link\">Seguir leyendo <span class=\"screen-reader-text\">[LIBRO] La globalizaci\u00f3n en el siglo XIX: M\u00e1laga y el Gas [2003.10.27]<\/span> <span class=\"meta-nav\">&rarr;<\/span><\/a><\/p>\n","protected":false},"author":3,"featured_media":0,"comment_status":"closed","ping_status":"open","sticky":false,"template":"","format":"aside","meta":{"footnotes":""},"categories":[4,33,139],"tags":[78],"class_list":["post-16135","post","type-post","status-publish","format-aside","hentry","category-01-libro-completo","category-09-historia-gas","category-02-espanol","tag-sevilla","post_format-post-format-aside"],"rttpg_featured_image_url":null,"rttpg_author":{"display_name":"Pere-A. F\u00e0bregas","author_link":"https:\/\/fabregaspere.com\/blog2\/author\/fabregaspere2\/"},"rttpg_comment":0,"rttpg_category":"<a href=\"https:\/\/fabregaspere.com\/blog2\/category\/tipos\/01-libro-completo\/\" rel=\"category tag\">a01. Libro completo<\/a> <a href=\"https:\/\/fabregaspere.com\/blog2\/category\/temas\/09-historia-gas\/\" rel=\"category tag\">b09. Historia Gas<\/a> <a href=\"https:\/\/fabregaspere.com\/blog2\/category\/idiomas\/02-espanol\/\" rel=\"category tag\">c02. Espa\u00f1ol<\/a>","rttpg_excerpt":"Historia Gas [2003.10.27] F\u00c0BREGAS; Pere-A. (2003): La globalizaci\u00f3n en el siglo XIX: M\u00e1laga y el Gas. Sevilla: Universidad de Sevilla \/ Ateneo de Sevilla, 213 pp. [Libro ganador del Premio de Historia 2001 del Ateneo de Sevilla] GoogleScholar ;\u00a0GoogleBooks ;\u00a0Universidad de Sevilla &nbsp; CITED BY\u00a0 \u00a0&#8211;\u00a0 \u00a0CITAT PER\u00a0 \u00a0&#8211;\u00a0 \u00a0CITADO POR 81 2024 [CITA CAP.LIBRO]&hellip;","_links":{"self":[{"href":"https:\/\/fabregaspere.com\/blog2\/wp-json\/wp\/v2\/posts\/16135","targetHints":{"allow":["GET"]}}],"collection":[{"href":"https:\/\/fabregaspere.com\/blog2\/wp-json\/wp\/v2\/posts"}],"about":[{"href":"https:\/\/fabregaspere.com\/blog2\/wp-json\/wp\/v2\/types\/post"}],"author":[{"embeddable":true,"href":"https:\/\/fabregaspere.com\/blog2\/wp-json\/wp\/v2\/users\/3"}],"replies":[{"embeddable":true,"href":"https:\/\/fabregaspere.com\/blog2\/wp-json\/wp\/v2\/comments?post=16135"}],"version-history":[{"count":22,"href":"https:\/\/fabregaspere.com\/blog2\/wp-json\/wp\/v2\/posts\/16135\/revisions"}],"predecessor-version":[{"id":16625,"href":"https:\/\/fabregaspere.com\/blog2\/wp-json\/wp\/v2\/posts\/16135\/revisions\/16625"}],"wp:attachment":[{"href":"https:\/\/fabregaspere.com\/blog2\/wp-json\/wp\/v2\/media?parent=16135"}],"wp:term":[{"taxonomy":"category","embeddable":true,"href":"https:\/\/fabregaspere.com\/blog2\/wp-json\/wp\/v2\/categories?post=16135"},{"taxonomy":"post_tag","embeddable":true,"href":"https:\/\/fabregaspere.com\/blog2\/wp-json\/wp\/v2\/tags?post=16135"}],"curies":[{"name":"wp","href":"https:\/\/api.w.org\/{rel}","templated":true}]}}