{"id":1659,"date":"2011-06-22T21:08:01","date_gmt":"2011-06-22T19:08:01","guid":{"rendered":"http:\/\/fabregaspere.com\/blog2\/?p=1659"},"modified":"2024-08-06T11:56:05","modified_gmt":"2024-08-06T09:56:05","slug":"publicacions-o-futuro-sera-das-redes-electricas-intelixentes","status":"publish","type":"post","link":"https:\/\/fabregaspere.com\/blog2\/2011\/06\/22\/publicacions-o-futuro-sera-das-redes-electricas-intelixentes\/","title":{"rendered":"[ENTREVISTA PRENSA] O futuro ser\u00e1 das Redes El\u00e9ctricas Intelixentes [Galicia Hoxe][2011.06.22]"},"content":{"rendered":"<p><span style=\"text-decoration: underline;\"><span style=\"font-family: verdana, geneva, sans-serif; font-size: 14px;\"><strong><a href=\"https:\/\/fabregaspere.com\/blog2\/wp-content\/uploads\/2014\/09\/2011.06.22.MA_.Galicia-Hoxe.entrevista-PF.jpg\"><img loading=\"lazy\" decoding=\"async\" class=\"alignleft wp-image-1660 size-medium\" src=\"https:\/\/fabregaspere.com\/blog2\/wp-content\/uploads\/2014\/09\/2011.06.22.MA_.Galicia-Hoxe.entrevista-PF-166x300.jpg\" alt=\"\" width=\"166\" height=\"300\" srcset=\"https:\/\/fabregaspere.com\/blog2\/wp-content\/uploads\/2014\/09\/2011.06.22.MA_.Galicia-Hoxe.entrevista-PF-166x300.jpg 166w, https:\/\/fabregaspere.com\/blog2\/wp-content\/uploads\/2014\/09\/2011.06.22.MA_.Galicia-Hoxe.entrevista-PF-568x1024.jpg 568w, https:\/\/fabregaspere.com\/blog2\/wp-content\/uploads\/2014\/09\/2011.06.22.MA_.Galicia-Hoxe.entrevista-PF.jpg 1455w\" sizes=\"auto, (max-width: 166px) 100vw, 166px\" \/><\/a><\/strong><\/span><\/span><\/p>\n<p><span style=\"text-decoration: underline;\"><span style=\"font-family: verdana, geneva, sans-serif; font-size: 14px;\"><strong>Medio ambiente [2011.06.22]<\/strong><\/span><\/span><\/p>\n<p><span style=\"font-family: verdana, geneva, sans-serif; font-size: 14px;\"><strong>Entrevista con Pere-A. F\u00e0bregas (2011): <em>O futuro ser\u00e1 das Redes El\u00e9ctricas Intelixentes<\/em><\/strong><\/span><\/p>\n<p><span style=\"font-family: verdana, geneva, sans-serif; font-size: 14px;\"><strong>Galicia Hoxe (22 junio 2011), 1 p. Santiago de Compostela<\/strong><\/span><\/p>\n<p><span style=\"font-family: verdana, geneva, sans-serif; font-size: 14px;\"><strong><a href=\"https:\/\/fabregaspere.com\/blog2\/wp-content\/uploads\/2014\/09\/2011.06.22.MA_.Galicia-Hoxe.entrevista-PF.pdf\" target=\"_blank\" rel=\"noopener\">Descargar PDF<\/a><\/strong><\/span><\/p>\n","protected":false},"excerpt":{"rendered":"<p>Medio ambiente [2011.06.22] Entrevista con Pere-A. F\u00e0bregas (2011): O futuro ser\u00e1 das Redes El\u00e9ctricas Intelixentes Galicia Hoxe (22 junio 2011), 1 p. Santiago de Compostela Descargar PDF<\/p>\n","protected":false},"author":3,"featured_media":0,"comment_status":"closed","ping_status":"open","sticky":false,"template":"","format":"aside","meta":{"footnotes":""},"categories":[17,35,140],"tags":[60],"class_list":["post-1659","post","type-post","status-publish","format-aside","hentry","category-14-entrevista-prensa","category-04-medio-ambiente","category-03-gallego","tag-santiago-de-compostela","post_format-post-format-aside"],"rttpg_featured_image_url":null,"rttpg_author":{"display_name":"Pere-A. F\u00e0bregas","author_link":"https:\/\/fabregaspere.com\/blog2\/author\/fabregaspere2\/"},"rttpg_comment":0,"rttpg_category":"<a href=\"https:\/\/fabregaspere.com\/blog2\/category\/tipos\/14-entrevista-prensa\/\" rel=\"category tag\">a14. Entrevista prensa<\/a> <a href=\"https:\/\/fabregaspere.com\/blog2\/category\/temas\/04-medio-ambiente\/\" rel=\"category tag\">b04. Medio Ambiente<\/a> <a href=\"https:\/\/fabregaspere.com\/blog2\/category\/idiomas\/03-gallego\/\" rel=\"category tag\">c03. Gallego<\/a>","rttpg_excerpt":"Medio ambiente [2011.06.22] Entrevista con Pere-A. F\u00e0bregas (2011): O futuro ser\u00e1 das Redes El\u00e9ctricas Intelixentes Galicia Hoxe (22 junio 2011), 1 p. Santiago de Compostela Descargar PDF","_links":{"self":[{"href":"https:\/\/fabregaspere.com\/blog2\/wp-json\/wp\/v2\/posts\/1659","targetHints":{"allow":["GET"]}}],"collection":[{"href":"https:\/\/fabregaspere.com\/blog2\/wp-json\/wp\/v2\/posts"}],"about":[{"href":"https:\/\/fabregaspere.com\/blog2\/wp-json\/wp\/v2\/types\/post"}],"author":[{"embeddable":true,"href":"https:\/\/fabregaspere.com\/blog2\/wp-json\/wp\/v2\/users\/3"}],"replies":[{"embeddable":true,"href":"https:\/\/fabregaspere.com\/blog2\/wp-json\/wp\/v2\/comments?post=1659"}],"version-history":[{"count":6,"href":"https:\/\/fabregaspere.com\/blog2\/wp-json\/wp\/v2\/posts\/1659\/revisions"}],"predecessor-version":[{"id":13766,"href":"https:\/\/fabregaspere.com\/blog2\/wp-json\/wp\/v2\/posts\/1659\/revisions\/13766"}],"wp:attachment":[{"href":"https:\/\/fabregaspere.com\/blog2\/wp-json\/wp\/v2\/media?parent=1659"}],"wp:term":[{"taxonomy":"category","embeddable":true,"href":"https:\/\/fabregaspere.com\/blog2\/wp-json\/wp\/v2\/categories?post=1659"},{"taxonomy":"post_tag","embeddable":true,"href":"https:\/\/fabregaspere.com\/blog2\/wp-json\/wp\/v2\/tags?post=1659"}],"curies":[{"name":"wp","href":"https:\/\/api.w.org\/{rel}","templated":true}]}}