{"id":16904,"date":"2024-01-15T13:53:15","date_gmt":"2024-01-15T12:53:15","guid":{"rendered":"https:\/\/fabregaspere.com\/blog2\/?p=16904"},"modified":"2026-01-09T12:38:45","modified_gmt":"2026-01-09T11:38:45","slug":"ressenya-llibre-the-gas-sector-in-latin-europes-industrial-history-lighting-and-heating-the-world-2024-01-15","status":"publish","type":"post","link":"https:\/\/fabregaspere.com\/blog2\/2024\/01\/15\/ressenya-llibre-the-gas-sector-in-latin-europes-industrial-history-lighting-and-heating-the-world-2024-01-15\/","title":{"rendered":"[RESSENYA LLIBRE] The Gas Sector in Latin Europe&#8217;s Industrial History. Lighting and Heating the World [2024.01.15]"},"content":{"rendered":"<p><span style=\"text-decoration: underline;\"><span style=\"font-family: arial, helvetica, sans-serif;\"><strong>Hist\u00f2ria Gas [2024.01.15]<\/strong><\/span><\/span><\/p>\n<p><span style=\"font-family: arial, helvetica, sans-serif;\"><strong>F\u00c0BREGAS, Pere-A. (2024): \u00abThe Gas Sector in Latin Europe&#8217;s Industrial History. Lighting and Heating the World\u00bb<\/strong><\/span><\/p>\n<p><span style=\"font-family: arial, helvetica, sans-serif;\"><strong>en Associaci\u00f3 del Museu de la Ci\u00e8ncia i de la T\u00e8cnica i d\u2019Arqueologia Industrial de Catalunya [AMCTAIC]: <em>Butllet\u00ed d\u2019Arqueologia Industrial i de Museus de Ci\u00e8ncia i T\u00e8cnica<\/em>,\u00a0n 90 (gener 2024), pp. 84<\/strong><\/span><\/p>\n<p><a href=\"https:\/\/fabregaspere.com\/blog2\/wp-content\/uploads\/2026\/01\/2013.12.27.Resenya-The-Gas-Sector.pdf\"><span style=\"font-family: verdana, geneva, sans-serif; font-size: 14px;\"><strong>Descarregar PDF<\/strong><\/span><\/a><\/p>\n","protected":false},"excerpt":{"rendered":"<p>Hist\u00f2ria Gas [2024.01.15] F\u00c0BREGAS, Pere-A. (2024): \u00abThe Gas Sector in Latin Europe&#8217;s Industrial History. Lighting and Heating the World\u00bb en Associaci\u00f3 del Museu de la Ci\u00e8ncia i de la T\u00e8cnica i d\u2019Arqueologia Industrial de Catalunya [AMCTAIC]: Butllet\u00ed d\u2019Arqueologia Industrial i de Museus de Ci\u00e8ncia i T\u00e8cnica,\u00a0n 90 (gener 2024), pp. 84 Descarregar PDF<\/p>\n","protected":false},"author":3,"featured_media":17566,"comment_status":"open","ping_status":"open","sticky":false,"template":"","format":"aside","meta":{"footnotes":""},"categories":[149,33,138],"tags":[50],"class_list":["post-16904","post","type-post","status-publish","format-aside","has-post-thumbnail","hentry","category-26-resena-libro","category-09-historia-gas","category-01-catalan","tag-barcelona","post_format-post-format-aside"],"rttpg_featured_image_url":{"full":["https:\/\/fabregaspere.com\/blog2\/wp-content\/uploads\/2026\/01\/2023.12.27.-Resenya.-Butlleti-90-e1767958435177.jpg",1187,934,false],"landscape":["https:\/\/fabregaspere.com\/blog2\/wp-content\/uploads\/2026\/01\/2023.12.27.-Resenya.-Butlleti-90-e1767958435177.jpg",1187,934,false],"portraits":["https:\/\/fabregaspere.com\/blog2\/wp-content\/uploads\/2026\/01\/2023.12.27.-Resenya.-Butlleti-90-e1767958435177.jpg",1187,934,false],"thumbnail":["https:\/\/fabregaspere.com\/blog2\/wp-content\/uploads\/2026\/01\/2023.12.27.-Resenya.-Butlleti-90-e1767958435177-150x118.jpg",150,118,true],"medium":["https:\/\/fabregaspere.com\/blog2\/wp-content\/uploads\/2026\/01\/2023.12.27.-Resenya.-Butlleti-90-e1767958435177-300x236.jpg",300,236,true],"large":["https:\/\/fabregaspere.com\/blog2\/wp-content\/uploads\/2026\/01\/2023.12.27.-Resenya.-Butlleti-90-e1767958435177-1024x806.jpg",474,373,true],"1536x1536":["https:\/\/fabregaspere.com\/blog2\/wp-content\/uploads\/2026\/01\/2023.12.27.-Resenya.-Butlleti-90-e1767958435177.jpg",1187,934,false],"2048x2048":["https:\/\/fabregaspere.com\/blog2\/wp-content\/uploads\/2026\/01\/2023.12.27.-Resenya.-Butlleti-90-e1767958435177.jpg",1187,934,false],"post-thumbnail":["https:\/\/fabregaspere.com\/blog2\/wp-content\/uploads\/2026\/01\/2023.12.27.-Resenya.-Butlleti-90-e1767958435177-672x372.jpg",672,372,true],"twentyfourteen-full-width":["https:\/\/fabregaspere.com\/blog2\/wp-content\/uploads\/2026\/01\/2023.12.27.-Resenya.-Butlleti-90-e1767958435177-1038x576.jpg",1038,576,true]},"rttpg_author":{"display_name":"Pere-A. F\u00e0bregas","author_link":"https:\/\/fabregaspere.com\/blog2\/author\/fabregaspere2\/"},"rttpg_comment":0,"rttpg_category":"<a href=\"https:\/\/fabregaspere.com\/blog2\/category\/tipos\/26-resena-libro\/\" rel=\"category tag\">a26. Rese\u00f1a libro<\/a> <a href=\"https:\/\/fabregaspere.com\/blog2\/category\/temas\/09-historia-gas\/\" rel=\"category tag\">b09. Historia Gas<\/a> <a href=\"https:\/\/fabregaspere.com\/blog2\/category\/idiomas\/01-catalan\/\" rel=\"category tag\">c01. Catal\u00e1n<\/a>","rttpg_excerpt":"Hist\u00f2ria Gas [2024.01.15] F\u00c0BREGAS, Pere-A. (2024): \u00abThe Gas Sector in Latin Europe&#8217;s Industrial History. Lighting and Heating the World\u00bb en Associaci\u00f3 del Museu de la Ci\u00e8ncia i de la T\u00e8cnica i d\u2019Arqueologia Industrial de Catalunya [AMCTAIC]: Butllet\u00ed d\u2019Arqueologia Industrial i de Museus de Ci\u00e8ncia i T\u00e8cnica,\u00a0n 90 (gener 2024), pp. 84 Descarregar PDF","_links":{"self":[{"href":"https:\/\/fabregaspere.com\/blog2\/wp-json\/wp\/v2\/posts\/16904","targetHints":{"allow":["GET"]}}],"collection":[{"href":"https:\/\/fabregaspere.com\/blog2\/wp-json\/wp\/v2\/posts"}],"about":[{"href":"https:\/\/fabregaspere.com\/blog2\/wp-json\/wp\/v2\/types\/post"}],"author":[{"embeddable":true,"href":"https:\/\/fabregaspere.com\/blog2\/wp-json\/wp\/v2\/users\/3"}],"replies":[{"embeddable":true,"href":"https:\/\/fabregaspere.com\/blog2\/wp-json\/wp\/v2\/comments?post=16904"}],"version-history":[{"count":3,"href":"https:\/\/fabregaspere.com\/blog2\/wp-json\/wp\/v2\/posts\/16904\/revisions"}],"predecessor-version":[{"id":17569,"href":"https:\/\/fabregaspere.com\/blog2\/wp-json\/wp\/v2\/posts\/16904\/revisions\/17569"}],"wp:featuredmedia":[{"embeddable":true,"href":"https:\/\/fabregaspere.com\/blog2\/wp-json\/wp\/v2\/media\/17566"}],"wp:attachment":[{"href":"https:\/\/fabregaspere.com\/blog2\/wp-json\/wp\/v2\/media?parent=16904"}],"wp:term":[{"taxonomy":"category","embeddable":true,"href":"https:\/\/fabregaspere.com\/blog2\/wp-json\/wp\/v2\/categories?post=16904"},{"taxonomy":"post_tag","embeddable":true,"href":"https:\/\/fabregaspere.com\/blog2\/wp-json\/wp\/v2\/tags?post=16904"}],"curies":[{"name":"wp","href":"https:\/\/api.w.org\/{rel}","templated":true}]}}