{"id":1697,"date":"1981-04-01T11:51:21","date_gmt":"1981-04-01T09:51:21","guid":{"rendered":"http:\/\/fabregaspere.com\/blog2\/?p=1697"},"modified":"2024-08-03T17:57:21","modified_gmt":"2024-08-03T15:57:21","slug":"publicaciones-el-ahorro-de-energia-es-la-energia-del-futuro","status":"publish","type":"post","link":"https:\/\/fabregaspere.com\/blog2\/1981\/04\/01\/publicaciones-el-ahorro-de-energia-es-la-energia-del-futuro\/","title":{"rendered":"[ENTREVISTA REVISTA] El ahorro de energ\u00eda es la energ\u00eda del futuro [CEAM][1981.04.01]"},"content":{"rendered":"<p><span style=\"font-family: verdana, geneva, sans-serif; font-size: 14px;\"><strong><span style=\"text-decoration: underline;\"><a href=\"https:\/\/fabregaspere.com\/blog2\/wp-content\/uploads\/2024\/07\/1981.04.01CEAM.Ahorro-de-energia-la-energia-del-futuro.jpg\"><img loading=\"lazy\" decoding=\"async\" class=\"alignleft wp-image-11543 size-medium\" src=\"https:\/\/fabregaspere.com\/blog2\/wp-content\/uploads\/2024\/07\/1981.04.01CEAM.Ahorro-de-energia-la-energia-del-futuro-215x300.jpg\" alt=\"\" width=\"218\" height=\"304\" srcset=\"https:\/\/fabregaspere.com\/blog2\/wp-content\/uploads\/2024\/07\/1981.04.01CEAM.Ahorro-de-energia-la-energia-del-futuro-215x300.jpg 215w, https:\/\/fabregaspere.com\/blog2\/wp-content\/uploads\/2024\/07\/1981.04.01CEAM.Ahorro-de-energia-la-energia-del-futuro-108x150.jpg 108w, https:\/\/fabregaspere.com\/blog2\/wp-content\/uploads\/2024\/07\/1981.04.01CEAM.Ahorro-de-energia-la-energia-del-futuro.jpg 415w\" sizes=\"auto, (max-width: 218px) 100vw, 218px\" \/><\/a><\/span><\/strong><\/span><\/p>\n<p><span style=\"text-decoration: underline;\"><span style=\"font-family: verdana, geneva, sans-serif; font-size: 14px;\"><strong>Sector Energ\u00eda [1981.04.01]<\/strong><\/span><\/span><\/p>\n<p><span style=\"font-family: verdana, geneva, sans-serif; font-size: 14px;\"><strong>Entrevista con Pere-A. F\u00e0bregas (1981):\u00a0<em>El ahorro de energ\u00eda es la energ\u00eda del futuro<\/em><\/strong><\/span><\/p>\n<p><span style=\"font-family: verdana, geneva, sans-serif; font-size: 14px;\"><strong>CEAM Revista de Econom\u00eda Industrial n1 165 (Marzo-Abril 1981), pp. 27\/34. CEAM, Barcelona<\/strong><\/span><\/p>\n<p><span style=\"font-family: verdana, geneva, sans-serif; font-size: 14px;\"><strong><a href=\"https:\/\/fabregaspere.com\/blog2\/wp-content\/uploads\/2024\/07\/1981.04.01.CEAM_.Ahorro-de-energia-la-energia-del-futuro.pdf\" target=\"_blank\" rel=\"noopener\">Descargar PDF<\/a><\/strong><\/span><\/p>\n","protected":false},"excerpt":{"rendered":"<p>Sector Energ\u00eda [1981.04.01] Entrevista con Pere-A. F\u00e0bregas (1981):\u00a0El ahorro de energ\u00eda es la energ\u00eda del futuro CEAM Revista de Econom\u00eda Industrial n1 165 (Marzo-Abril 1981), pp. 27\/34. CEAM, Barcelona Descargar PDF<\/p>\n","protected":false},"author":3,"featured_media":0,"comment_status":"closed","ping_status":"open","sticky":false,"template":"","format":"aside","meta":{"footnotes":""},"categories":[16,37,139],"tags":[50],"class_list":["post-1697","post","type-post","status-publish","format-aside","hentry","category-13-entrevista-revista","category-01-sector-energia","category-02-espanol","tag-barcelona","post_format-post-format-aside"],"rttpg_featured_image_url":null,"rttpg_author":{"display_name":"Pere-A. F\u00e0bregas","author_link":"https:\/\/fabregaspere.com\/blog2\/author\/fabregaspere2\/"},"rttpg_comment":0,"rttpg_category":"<a href=\"https:\/\/fabregaspere.com\/blog2\/category\/tipos\/13-entrevista-revista\/\" rel=\"category tag\">a13. Entrevista revista<\/a> <a href=\"https:\/\/fabregaspere.com\/blog2\/category\/temas\/01-sector-energia\/\" rel=\"category tag\">b01. Sector Energ\u00eda<\/a> <a href=\"https:\/\/fabregaspere.com\/blog2\/category\/idiomas\/02-espanol\/\" rel=\"category tag\">c02. Espa\u00f1ol<\/a>","rttpg_excerpt":"Sector Energ\u00eda [1981.04.01] Entrevista con Pere-A. F\u00e0bregas (1981):\u00a0El ahorro de energ\u00eda es la energ\u00eda del futuro CEAM Revista de Econom\u00eda Industrial n1 165 (Marzo-Abril 1981), pp. 27\/34. CEAM, Barcelona Descargar PDF","_links":{"self":[{"href":"https:\/\/fabregaspere.com\/blog2\/wp-json\/wp\/v2\/posts\/1697","targetHints":{"allow":["GET"]}}],"collection":[{"href":"https:\/\/fabregaspere.com\/blog2\/wp-json\/wp\/v2\/posts"}],"about":[{"href":"https:\/\/fabregaspere.com\/blog2\/wp-json\/wp\/v2\/types\/post"}],"author":[{"embeddable":true,"href":"https:\/\/fabregaspere.com\/blog2\/wp-json\/wp\/v2\/users\/3"}],"replies":[{"embeddable":true,"href":"https:\/\/fabregaspere.com\/blog2\/wp-json\/wp\/v2\/comments?post=1697"}],"version-history":[{"count":8,"href":"https:\/\/fabregaspere.com\/blog2\/wp-json\/wp\/v2\/posts\/1697\/revisions"}],"predecessor-version":[{"id":13548,"href":"https:\/\/fabregaspere.com\/blog2\/wp-json\/wp\/v2\/posts\/1697\/revisions\/13548"}],"wp:attachment":[{"href":"https:\/\/fabregaspere.com\/blog2\/wp-json\/wp\/v2\/media?parent=1697"}],"wp:term":[{"taxonomy":"category","embeddable":true,"href":"https:\/\/fabregaspere.com\/blog2\/wp-json\/wp\/v2\/categories?post=1697"},{"taxonomy":"post_tag","embeddable":true,"href":"https:\/\/fabregaspere.com\/blog2\/wp-json\/wp\/v2\/tags?post=1697"}],"curies":[{"name":"wp","href":"https:\/\/api.w.org\/{rel}","templated":true}]}}