{"id":17340,"date":"2025-11-06T04:00:05","date_gmt":"2025-11-06T03:00:05","guid":{"rendered":"https:\/\/fabregaspere.com\/blog2\/?p=17340"},"modified":"2025-11-23T10:02:02","modified_gmt":"2025-11-23T09:02:02","slug":"ponencia-patrimoni-industrial-i-arxius-historics-el-cas-de-catalunya-2025-11-06-d","status":"publish","type":"post","link":"https:\/\/fabregaspere.com\/blog2\/2025\/11\/06\/ponencia-patrimoni-industrial-i-arxius-historics-el-cas-de-catalunya-2025-11-06-d\/","title":{"rendered":"[PON\u00c8NCIA]  Patrimoni Industrial i Arxius Hist\u00f2rics. El Cas de Catalunya [2025.11.06.d]"},"content":{"rendered":"<p><span style=\"text-decoration: underline;\"><span style=\"font-family: verdana, geneva, sans-serif; font-size: 14px;\"><strong>Arxius Hist\u00f2rics [2025.11.06.d]<\/strong><\/span><\/span><\/p>\n<p><span style=\"font-family: verdana, geneva, sans-serif; font-size: 14px;\"><strong>F\u00c0BREGAS, Pere-A. (2025): <em>Patrimoni Industrial i Arxius Hist\u00f2rics. El Cas de Catalunya<\/em><\/strong><\/span><\/p>\n<p><span style=\"font-family: verdana, geneva, sans-serif; font-size: 14px;\"><strong>XIII Jornades de Patrimoni Industrial de Catalunya<\/strong><\/span><\/p>\n<p><span style=\"font-family: verdana, geneva, sans-serif; font-size: 14px;\"><strong>Associaci\u00f3 del Museu de la Ci\u00e8ncia i de la T\u00e8cnica i d&#8217;Arqueologia Industrial de Catalunya (AMCTAIC) <\/strong><\/span><\/p>\n<p><span style=\"font-family: verdana, geneva, sans-serif; font-size: 14px;\"><strong>Museu Nacional de la Ci\u00e8ncia i de la T\u00e8cnica (MNACTEC). Terrassa<\/strong><\/span><\/p>\n<p><a href=\"https:\/\/fabregaspere.com\/blog2\/wp-content\/uploads\/2025\/11\/2025.11.06.AMCTAIC.Arxius-Historics.-PDF.pdf\"><span style=\"font-family: verdana, geneva, sans-serif; font-size: 14px;\"><strong>Descarregar PDF<\/strong><\/span><\/a><\/p>\n","protected":false},"excerpt":{"rendered":"<p>Arxius Hist\u00f2rics [2025.11.06.d] F\u00c0BREGAS, Pere-A. (2025): Patrimoni Industrial i Arxius Hist\u00f2rics. El Cas de Catalunya XIII Jornades de Patrimoni Industrial de Catalunya Associaci\u00f3 del Museu de la Ci\u00e8ncia i de la T\u00e8cnica i d&#8217;Arqueologia Industrial de Catalunya (AMCTAIC) Museu Nacional de la Ci\u00e8ncia i de la T\u00e8cnica (MNACTEC). Terrassa Descarregar PDF<\/p>\n","protected":false},"author":3,"featured_media":17348,"comment_status":"open","ping_status":"open","sticky":false,"template":"","format":"aside","meta":{"footnotes":""},"categories":[20,36,138],"tags":[82],"class_list":["post-17340","post","type-post","status-publish","format-aside","has-post-thumbnail","hentry","category-17-ponencia","category-14-archivos-historicos","category-01-catalan","tag-terrassa","post_format-post-format-aside"],"rttpg_featured_image_url":{"full":["https:\/\/fabregaspere.com\/blog2\/wp-content\/uploads\/2025\/11\/2025.11.06.d.IMATGE.1.jpg",1001,555,false],"landscape":["https:\/\/fabregaspere.com\/blog2\/wp-content\/uploads\/2025\/11\/2025.11.06.d.IMATGE.1.jpg",1001,555,false],"portraits":["https:\/\/fabregaspere.com\/blog2\/wp-content\/uploads\/2025\/11\/2025.11.06.d.IMATGE.1.jpg",1001,555,false],"thumbnail":["https:\/\/fabregaspere.com\/blog2\/wp-content\/uploads\/2025\/11\/2025.11.06.d.IMATGE.1-150x83.jpg",150,83,true],"medium":["https:\/\/fabregaspere.com\/blog2\/wp-content\/uploads\/2025\/11\/2025.11.06.d.IMATGE.1-300x166.jpg",300,166,true],"large":["https:\/\/fabregaspere.com\/blog2\/wp-content\/uploads\/2025\/11\/2025.11.06.d.IMATGE.1.jpg",474,263,false],"1536x1536":["https:\/\/fabregaspere.com\/blog2\/wp-content\/uploads\/2025\/11\/2025.11.06.d.IMATGE.1.jpg",1001,555,false],"2048x2048":["https:\/\/fabregaspere.com\/blog2\/wp-content\/uploads\/2025\/11\/2025.11.06.d.IMATGE.1.jpg",1001,555,false],"post-thumbnail":["https:\/\/fabregaspere.com\/blog2\/wp-content\/uploads\/2025\/11\/2025.11.06.d.IMATGE.1-672x372.jpg",672,372,true],"twentyfourteen-full-width":["https:\/\/fabregaspere.com\/blog2\/wp-content\/uploads\/2025\/11\/2025.11.06.d.IMATGE.1.jpg",1001,555,false]},"rttpg_author":{"display_name":"Pere-A. F\u00e0bregas","author_link":"https:\/\/fabregaspere.com\/blog2\/author\/fabregaspere2\/"},"rttpg_comment":0,"rttpg_category":"<a href=\"https:\/\/fabregaspere.com\/blog2\/category\/tipos\/17-ponencia\/\" rel=\"category tag\">a17. Ponencia<\/a> <a href=\"https:\/\/fabregaspere.com\/blog2\/category\/temas\/14-archivos-historicos\/\" rel=\"category tag\">b14. Archivos hist\u00f3ricos<\/a> <a href=\"https:\/\/fabregaspere.com\/blog2\/category\/idiomas\/01-catalan\/\" rel=\"category tag\">c01. Catal\u00e1n<\/a>","rttpg_excerpt":"Arxius Hist\u00f2rics [2025.11.06.d] F\u00c0BREGAS, Pere-A. (2025): Patrimoni Industrial i Arxius Hist\u00f2rics. El Cas de Catalunya XIII Jornades de Patrimoni Industrial de Catalunya Associaci\u00f3 del Museu de la Ci\u00e8ncia i de la T\u00e8cnica i d&#8217;Arqueologia Industrial de Catalunya (AMCTAIC) Museu Nacional de la Ci\u00e8ncia i de la T\u00e8cnica (MNACTEC). Terrassa Descarregar PDF","_links":{"self":[{"href":"https:\/\/fabregaspere.com\/blog2\/wp-json\/wp\/v2\/posts\/17340","targetHints":{"allow":["GET"]}}],"collection":[{"href":"https:\/\/fabregaspere.com\/blog2\/wp-json\/wp\/v2\/posts"}],"about":[{"href":"https:\/\/fabregaspere.com\/blog2\/wp-json\/wp\/v2\/types\/post"}],"author":[{"embeddable":true,"href":"https:\/\/fabregaspere.com\/blog2\/wp-json\/wp\/v2\/users\/3"}],"replies":[{"embeddable":true,"href":"https:\/\/fabregaspere.com\/blog2\/wp-json\/wp\/v2\/comments?post=17340"}],"version-history":[{"count":2,"href":"https:\/\/fabregaspere.com\/blog2\/wp-json\/wp\/v2\/posts\/17340\/revisions"}],"predecessor-version":[{"id":17344,"href":"https:\/\/fabregaspere.com\/blog2\/wp-json\/wp\/v2\/posts\/17340\/revisions\/17344"}],"wp:featuredmedia":[{"embeddable":true,"href":"https:\/\/fabregaspere.com\/blog2\/wp-json\/wp\/v2\/media\/17348"}],"wp:attachment":[{"href":"https:\/\/fabregaspere.com\/blog2\/wp-json\/wp\/v2\/media?parent=17340"}],"wp:term":[{"taxonomy":"category","embeddable":true,"href":"https:\/\/fabregaspere.com\/blog2\/wp-json\/wp\/v2\/categories?post=17340"},{"taxonomy":"post_tag","embeddable":true,"href":"https:\/\/fabregaspere.com\/blog2\/wp-json\/wp\/v2\/tags?post=17340"}],"curies":[{"name":"wp","href":"https:\/\/api.w.org\/{rel}","templated":true}]}}