{"id":17621,"date":"2024-10-02T01:33:43","date_gmt":"2024-10-01T23:33:43","guid":{"rendered":"https:\/\/fabregaspere.com\/blog2\/?p=17621"},"modified":"2026-01-19T19:46:00","modified_gmt":"2026-01-19T18:46:00","slug":"ponencia-lestrategia-energetica-de-la-ue-gas-natural-guerra-grups-dinteres-gasoductes-i-energies-2024-10-02","status":"publish","type":"post","link":"https:\/\/fabregaspere.com\/blog2\/2024\/10\/02\/ponencia-lestrategia-energetica-de-la-ue-gas-natural-guerra-grups-dinteres-gasoductes-i-energies-2024-10-02\/","title":{"rendered":"[PON\u00c8NCIA] L&#8217;estrat\u00e8gia energ\u00e8tica de la UE. Gas natural, guerra, grups d&#8217;inter\u00e8s, gasoductes i energies  [2024.10.02]"},"content":{"rendered":"<p><span style=\"text-decoration: underline;\"><span style=\"font-family: verdana, geneva, sans-serif; font-size: 14px;\"><strong><img loading=\"lazy\" decoding=\"async\" class=\"aligncenter\" src=\"https:\/\/fabregaspere.com\/blog2\/wp-content\/uploads\/2026\/01\/2024.10.02.-PAG.1-scaled.jpg\" alt=\"\" width=\"475\" height=\"336\" \/>Sector energia [2024.10.02]<\/strong><\/span><\/span><\/p>\n<p><span style=\"font-family: verdana, geneva, sans-serif; font-size: 14px;\"><strong>F\u00c0BREGAS, Pere-A. (2024): <em>L&#8217;estrat\u00e8gia energ\u00e8tica de la UE. Gas natural, guerra, grups d&#8217;inter\u00e8s, gasoductes i energies<\/em><\/strong><\/span><\/p>\n<p><span style=\"font-family: verdana, geneva, sans-serif; font-size: 14px;\"><strong>Em\u00e8rits de Catalana de Gas \/ Gas Natural<\/strong><\/span><\/p>\n<p><span style=\"font-family: verdana, geneva, sans-serif; font-size: 14px;\"><strong>Col\u00b7legi d\u2019Enginyers Industrials de Catalunya. Barcelona<\/strong><\/span><\/p>\n<p><a href=\"https:\/\/fabregaspere.com\/blog2\/wp-content\/uploads\/2026\/01\/2024.10.02.-Emerits.Geoestrategia-Energia-i-Gasoductes.pdf\"><span style=\"font-family: verdana, geneva, sans-serif; font-size: 14px;\"><strong>Descarregar PDF<\/strong><\/span><\/a><\/p>\n","protected":false},"excerpt":{"rendered":"<p>Sector energia [2024.10.02] F\u00c0BREGAS, Pere-A. (2024): L&#8217;estrat\u00e8gia energ\u00e8tica de la UE. Gas natural, guerra, grups d&#8217;inter\u00e8s, gasoductes i energies Em\u00e8rits de Catalana de Gas \/ Gas Natural Col\u00b7legi d\u2019Enginyers Industrials de Catalunya. Barcelona Descarregar PDF<\/p>\n","protected":false},"author":3,"featured_media":0,"comment_status":"closed","ping_status":"open","sticky":false,"template":"","format":"aside","meta":{"footnotes":""},"categories":[20,37,138],"tags":[50],"class_list":["post-17621","post","type-post","status-publish","format-aside","hentry","category-17-ponencia","category-01-sector-energia","category-01-catalan","tag-barcelona","post_format-post-format-aside"],"rttpg_featured_image_url":null,"rttpg_author":{"display_name":"Pere-A. F\u00e0bregas","author_link":"https:\/\/fabregaspere.com\/blog2\/author\/fabregaspere2\/"},"rttpg_comment":0,"rttpg_category":"<a href=\"https:\/\/fabregaspere.com\/blog2\/category\/tipos\/17-ponencia\/\" rel=\"category tag\">a17. Ponencia<\/a> <a href=\"https:\/\/fabregaspere.com\/blog2\/category\/temas\/01-sector-energia\/\" rel=\"category tag\">b01. Sector Energ\u00eda<\/a> <a href=\"https:\/\/fabregaspere.com\/blog2\/category\/idiomas\/01-catalan\/\" rel=\"category tag\">c01. Catal\u00e1n<\/a>","rttpg_excerpt":"Sector energia [2024.10.02] F\u00c0BREGAS, Pere-A. (2024): L&#8217;estrat\u00e8gia energ\u00e8tica de la UE. Gas natural, guerra, grups d&#8217;inter\u00e8s, gasoductes i energies Em\u00e8rits de Catalana de Gas \/ Gas Natural Col\u00b7legi d\u2019Enginyers Industrials de Catalunya. Barcelona Descarregar PDF","_links":{"self":[{"href":"https:\/\/fabregaspere.com\/blog2\/wp-json\/wp\/v2\/posts\/17621","targetHints":{"allow":["GET"]}}],"collection":[{"href":"https:\/\/fabregaspere.com\/blog2\/wp-json\/wp\/v2\/posts"}],"about":[{"href":"https:\/\/fabregaspere.com\/blog2\/wp-json\/wp\/v2\/types\/post"}],"author":[{"embeddable":true,"href":"https:\/\/fabregaspere.com\/blog2\/wp-json\/wp\/v2\/users\/3"}],"replies":[{"embeddable":true,"href":"https:\/\/fabregaspere.com\/blog2\/wp-json\/wp\/v2\/comments?post=17621"}],"version-history":[{"count":5,"href":"https:\/\/fabregaspere.com\/blog2\/wp-json\/wp\/v2\/posts\/17621\/revisions"}],"predecessor-version":[{"id":17628,"href":"https:\/\/fabregaspere.com\/blog2\/wp-json\/wp\/v2\/posts\/17621\/revisions\/17628"}],"wp:attachment":[{"href":"https:\/\/fabregaspere.com\/blog2\/wp-json\/wp\/v2\/media?parent=17621"}],"wp:term":[{"taxonomy":"category","embeddable":true,"href":"https:\/\/fabregaspere.com\/blog2\/wp-json\/wp\/v2\/categories?post=17621"},{"taxonomy":"post_tag","embeddable":true,"href":"https:\/\/fabregaspere.com\/blog2\/wp-json\/wp\/v2\/tags?post=17621"}],"curies":[{"name":"wp","href":"https:\/\/api.w.org\/{rel}","templated":true}]}}