{"id":17631,"date":"2024-10-28T01:05:27","date_gmt":"2024-10-28T00:05:27","guid":{"rendered":"https:\/\/fabregaspere.com\/blog2\/?p=17631"},"modified":"2026-01-21T09:26:00","modified_gmt":"2026-01-21T08:26:00","slug":"ponencia-els-primers-clients-del-gas-a-barcelona-1843-1847-2024-10-28","status":"publish","type":"post","link":"https:\/\/fabregaspere.com\/blog2\/2024\/10\/28\/ponencia-els-primers-clients-del-gas-a-barcelona-1843-1847-2024-10-28\/","title":{"rendered":"[PON\u00c8NCIA] Els primers clients del gas a Barcelona (1843-1847) [2024.10.28]"},"content":{"rendered":"<p><img loading=\"lazy\" decoding=\"async\" class=\"alignnone\" src=\"https:\/\/fabregaspere.com\/blog2\/wp-content\/uploads\/2026\/01\/2024.10.28.-FOTO-PF.jpg\" alt=\"\" width=\"1933\" height=\"1584\" \/><\/p>\n<p><span style=\"text-decoration: underline;\"><span style=\"font-family: verdana, geneva, sans-serif; font-size: 14px;\"><strong>Hist\u00f2ria gas [2024.10.28]<\/strong><\/span><\/span><\/p>\n<p><span style=\"font-family: verdana, geneva, sans-serif; font-size: 14px;\"><strong>F\u00c0BREGAS, Pere-A. (2024): <em>Els primers clients del gas a Barcelona (1843-1847)<\/em><\/strong><\/span><\/p>\n<p><strong><span style=\"font-family: verdana, geneva, sans-serif; font-size: 14px;\">F\u00f2rum de Patrimoni Industrial<\/span><\/strong><br \/>\n<strong><span style=\"font-family: verdana, geneva, sans-serif; font-size: 14px;\">AMCTAIC. Associaci\u00f3 del Museu de la Ci\u00e8ncia i de la T\u00e8cnica i d\u2019Arqueologia Industrial de Catalunya<\/span><\/strong><\/p>\n<p><strong><span style=\"font-family: verdana, geneva, sans-serif; font-size: 14px;\">Col\u00b7legi d\u2019Enginyers Industrials de Catalunya. Barcelona<\/span><\/strong><\/p>\n<p><a href=\"https:\/\/fabregaspere.com\/blog2\/wp-content\/uploads\/2026\/01\/2024.10.28.-AMCTAIC.-ELs-primers-clients-del-gas-a-Barcelona.pdf\"><span style=\"font-family: verdana, geneva, sans-serif; font-size: 14px;\"><strong>Descarregar PDF<\/strong><\/span><\/a><\/p>\n","protected":false},"excerpt":{"rendered":"<p>Hist\u00f2ria gas [2024.10.28] F\u00c0BREGAS, Pere-A. (2024): Els primers clients del gas a Barcelona (1843-1847) F\u00f2rum de Patrimoni Industrial AMCTAIC. Associaci\u00f3 del Museu de la Ci\u00e8ncia i de la T\u00e8cnica i d\u2019Arqueologia Industrial de Catalunya Col\u00b7legi d\u2019Enginyers Industrials de Catalunya. Barcelona Descarregar PDF<\/p>\n","protected":false},"author":3,"featured_media":0,"comment_status":"closed","ping_status":"open","sticky":false,"template":"","format":"aside","meta":{"footnotes":""},"categories":[20,33,138],"tags":[50],"class_list":["post-17631","post","type-post","status-publish","format-aside","hentry","category-17-ponencia","category-09-historia-gas","category-01-catalan","tag-barcelona","post_format-post-format-aside"],"rttpg_featured_image_url":null,"rttpg_author":{"display_name":"Pere-A. F\u00e0bregas","author_link":"https:\/\/fabregaspere.com\/blog2\/author\/fabregaspere2\/"},"rttpg_comment":0,"rttpg_category":"<a href=\"https:\/\/fabregaspere.com\/blog2\/category\/tipos\/17-ponencia\/\" rel=\"category tag\">a17. Ponencia<\/a> <a href=\"https:\/\/fabregaspere.com\/blog2\/category\/temas\/09-historia-gas\/\" rel=\"category tag\">b09. Historia Gas<\/a> <a href=\"https:\/\/fabregaspere.com\/blog2\/category\/idiomas\/01-catalan\/\" rel=\"category tag\">c01. Catal\u00e1n<\/a>","rttpg_excerpt":"Hist\u00f2ria gas [2024.10.28] F\u00c0BREGAS, Pere-A. (2024): Els primers clients del gas a Barcelona (1843-1847) F\u00f2rum de Patrimoni Industrial AMCTAIC. Associaci\u00f3 del Museu de la Ci\u00e8ncia i de la T\u00e8cnica i d\u2019Arqueologia Industrial de Catalunya Col\u00b7legi d\u2019Enginyers Industrials de Catalunya. Barcelona Descarregar PDF","_links":{"self":[{"href":"https:\/\/fabregaspere.com\/blog2\/wp-json\/wp\/v2\/posts\/17631","targetHints":{"allow":["GET"]}}],"collection":[{"href":"https:\/\/fabregaspere.com\/blog2\/wp-json\/wp\/v2\/posts"}],"about":[{"href":"https:\/\/fabregaspere.com\/blog2\/wp-json\/wp\/v2\/types\/post"}],"author":[{"embeddable":true,"href":"https:\/\/fabregaspere.com\/blog2\/wp-json\/wp\/v2\/users\/3"}],"replies":[{"embeddable":true,"href":"https:\/\/fabregaspere.com\/blog2\/wp-json\/wp\/v2\/comments?post=17631"}],"version-history":[{"count":6,"href":"https:\/\/fabregaspere.com\/blog2\/wp-json\/wp\/v2\/posts\/17631\/revisions"}],"predecessor-version":[{"id":17664,"href":"https:\/\/fabregaspere.com\/blog2\/wp-json\/wp\/v2\/posts\/17631\/revisions\/17664"}],"wp:attachment":[{"href":"https:\/\/fabregaspere.com\/blog2\/wp-json\/wp\/v2\/media?parent=17631"}],"wp:term":[{"taxonomy":"category","embeddable":true,"href":"https:\/\/fabregaspere.com\/blog2\/wp-json\/wp\/v2\/categories?post=17631"},{"taxonomy":"post_tag","embeddable":true,"href":"https:\/\/fabregaspere.com\/blog2\/wp-json\/wp\/v2\/tags?post=17631"}],"curies":[{"name":"wp","href":"https:\/\/api.w.org\/{rel}","templated":true}]}}