{"id":1826,"date":"1974-06-19T18:05:55","date_gmt":"1974-06-19T16:05:55","guid":{"rendered":"http:\/\/fabregaspere.com\/blog2\/?p=1826"},"modified":"2025-09-11T09:54:47","modified_gmt":"2025-09-11T07:54:47","slug":"publicaciones-cuales-son-las-perspectivas-de-las-companias-de-gas-cuando-dentro-de-unas-decadas-se-agoten-la-reservas-mundiales-de-gas-natural-y-petroleo","status":"publish","type":"post","link":"https:\/\/fabregaspere.com\/blog2\/1974\/06\/19\/publicaciones-cuales-son-las-perspectivas-de-las-companias-de-gas-cuando-dentro-de-unas-decadas-se-agoten-la-reservas-mundiales-de-gas-natural-y-petroleo\/","title":{"rendered":"[PAPELES DE TRABAJO] \u00bfCu\u00e1les son las perspectivas de las Compa\u00f1\u00edas de gas cuando dentro de unas d\u00e9cadas se agoten las reservas mundiales de gas natural y petr\u00f3leo? [1974.06.19]"},"content":{"rendered":"<p><span style=\"font-family: arial, helvetica, sans-serif; font-size: 12pt;\"><strong><span style=\"text-decoration: underline;\"><a href=\"https:\/\/fabregaspere.com\/blog2\/wp-content\/uploads\/2024\/06\/1974.06.19.Cuales-son-las-perspectivas-de-las-Companias.jpg\"><img loading=\"lazy\" decoding=\"async\" class=\"alignleft\" src=\"https:\/\/fabregaspere.com\/blog2\/wp-content\/uploads\/2024\/06\/1974.06.19.Cuales-son-las-perspectivas-de-las-Companias.jpg\" alt=\"\" width=\"218\" height=\"587\" \/><\/a><\/span><\/strong><\/span><span style=\"text-decoration: underline;\"><strong><span style=\"font-family: verdana, geneva, sans-serif; font-size: 14px;\">Sector Gas [1974.06.19]<\/span><\/strong><\/span><\/p>\n<p><strong><span style=\"font-family: verdana, geneva, sans-serif; font-size: 14px;\">F\u00c0BREGAS, Pere-A. (1974): <em>\u00bfCu\u00e1les son las perspectivas de las Compa\u00f1\u00edas de gas cuando dentro de unas d\u00e9cadas se agoten las reservas munidales de gas natural y petr\u00f3leo?<\/em><\/span><\/strong><\/p>\n<p><strong><span style=\"font-family: verdana, geneva, sans-serif; font-size: 14px;\">Barcelona, 6 pp.<\/span><\/strong><\/p>\n<p><a href=\"https:\/\/fabregaspere.com\/blog2\/wp-content\/uploads\/2024\/06\/1974.06.19.Cuales-son-las-perspectivas-de-las-Companias.pdf\"><span style=\"font-family: verdana, geneva, sans-serif; font-size: 14px;\"><strong>Descargar PDF<\/strong><\/span><\/a><\/p>\n<p>&nbsp;<\/p>\n","protected":false},"excerpt":{"rendered":"<p>Sector Gas [1974.06.19] F\u00c0BREGAS, Pere-A. (1974): \u00bfCu\u00e1les son las perspectivas de las Compa\u00f1\u00edas de gas cuando dentro de unas d\u00e9cadas se agoten las reservas munidales de gas natural y petr\u00f3leo? Barcelona, 6 pp. Descargar PDF &nbsp;<\/p>\n","protected":false},"author":3,"featured_media":0,"comment_status":"closed","ping_status":"open","sticky":false,"template":"","format":"aside","meta":{"footnotes":""},"categories":[23,31,139],"tags":[50],"class_list":["post-1826","post","type-post","status-publish","format-aside","hentry","category-20-papeles-de-trabajo","category-02-sector-gas","category-02-espanol","tag-barcelona","post_format-post-format-aside"],"rttpg_featured_image_url":null,"rttpg_author":{"display_name":"Pere-A. F\u00e0bregas","author_link":"https:\/\/fabregaspere.com\/blog2\/author\/fabregaspere2\/"},"rttpg_comment":0,"rttpg_category":"<a href=\"https:\/\/fabregaspere.com\/blog2\/category\/tipos\/20-papeles-de-trabajo\/\" rel=\"category tag\">a20. Papeles de trabajo<\/a> <a href=\"https:\/\/fabregaspere.com\/blog2\/category\/temas\/02-sector-gas\/\" rel=\"category tag\">b02. Sector Gas<\/a> <a href=\"https:\/\/fabregaspere.com\/blog2\/category\/idiomas\/02-espanol\/\" rel=\"category tag\">c02. Espa\u00f1ol<\/a>","rttpg_excerpt":"Sector Gas [1974.06.19] F\u00c0BREGAS, Pere-A. (1974): \u00bfCu\u00e1les son las perspectivas de las Compa\u00f1\u00edas de gas cuando dentro de unas d\u00e9cadas se agoten las reservas munidales de gas natural y petr\u00f3leo? Barcelona, 6 pp. Descargar PDF &nbsp;","_links":{"self":[{"href":"https:\/\/fabregaspere.com\/blog2\/wp-json\/wp\/v2\/posts\/1826","targetHints":{"allow":["GET"]}}],"collection":[{"href":"https:\/\/fabregaspere.com\/blog2\/wp-json\/wp\/v2\/posts"}],"about":[{"href":"https:\/\/fabregaspere.com\/blog2\/wp-json\/wp\/v2\/types\/post"}],"author":[{"embeddable":true,"href":"https:\/\/fabregaspere.com\/blog2\/wp-json\/wp\/v2\/users\/3"}],"replies":[{"embeddable":true,"href":"https:\/\/fabregaspere.com\/blog2\/wp-json\/wp\/v2\/comments?post=1826"}],"version-history":[{"count":10,"href":"https:\/\/fabregaspere.com\/blog2\/wp-json\/wp\/v2\/posts\/1826\/revisions"}],"predecessor-version":[{"id":16825,"href":"https:\/\/fabregaspere.com\/blog2\/wp-json\/wp\/v2\/posts\/1826\/revisions\/16825"}],"wp:attachment":[{"href":"https:\/\/fabregaspere.com\/blog2\/wp-json\/wp\/v2\/media?parent=1826"}],"wp:term":[{"taxonomy":"category","embeddable":true,"href":"https:\/\/fabregaspere.com\/blog2\/wp-json\/wp\/v2\/categories?post=1826"},{"taxonomy":"post_tag","embeddable":true,"href":"https:\/\/fabregaspere.com\/blog2\/wp-json\/wp\/v2\/tags?post=1826"}],"curies":[{"name":"wp","href":"https:\/\/api.w.org\/{rel}","templated":true}]}}