{"id":1831,"date":"1975-03-24T18:09:58","date_gmt":"1975-03-24T17:09:58","guid":{"rendered":"http:\/\/fabregaspere.com\/blog2\/?p=1831"},"modified":"2025-09-11T09:55:23","modified_gmt":"2025-09-11T07:55:23","slug":"publicaciones-la-energia-en-cataluna-durante-1974","status":"publish","type":"post","link":"https:\/\/fabregaspere.com\/blog2\/1975\/03\/24\/publicaciones-la-energia-en-cataluna-durante-1974\/","title":{"rendered":"[PAPELES DE TRABAJO] La energ\u00eda en Catalu\u00f1a durante 1974 [1975.03.24]"},"content":{"rendered":"<p><span style=\"font-family: verdana, geneva, sans-serif; font-size: 14px;\"><strong><span style=\"text-decoration: underline;\"><a href=\"https:\/\/fabregaspere.com\/blog2\/wp-content\/uploads\/2024\/06\/1975.03.24.La-Energia-en-Cataluna-en-1974.jpg\"><img loading=\"lazy\" decoding=\"async\" class=\"alignleft\" src=\"https:\/\/fabregaspere.com\/blog2\/wp-content\/uploads\/2024\/06\/1975.03.24.La-Energia-en-Cataluna-en-1974.jpg\" alt=\"\" width=\"218\" height=\"308\" \/><\/a><\/span><\/strong><\/span><\/p>\n<p><span style=\"text-decoration: underline;\"><span style=\"font-family: verdana, geneva, sans-serif; font-size: 14px;\"><strong>Sector Energ\u00eda [1975.03.24]<\/strong><\/span><\/span><\/p>\n<p><span style=\"font-family: verdana, geneva, sans-serif; font-size: 14px;\"><strong>F\u00c0BREGAS, Pere-A. (1974): <em>La energ\u00eda en Catalu\u00f1a durante 1974<\/em><\/strong><\/span><\/p>\n<p><span style=\"font-family: verdana, geneva, sans-serif; font-size: 14px;\"><strong>Barcelona, 10 pp.<\/strong><\/span><\/p>\n<p><strong><a href=\"https:\/\/fabregaspere.com\/blog2\/wp-content\/uploads\/2024\/06\/1975.03.24.La-Energia-en-Cataluna-en-1974.pdf\"><span style=\"font-family: verdana, geneva, sans-serif; font-size: 14px;\">Descargar PDF<\/span><\/a><\/strong><\/p>\n","protected":false},"excerpt":{"rendered":"<p>Sector Energ\u00eda [1975.03.24] F\u00c0BREGAS, Pere-A. (1974): La energ\u00eda en Catalu\u00f1a durante 1974 Barcelona, 10 pp. Descargar PDF<\/p>\n","protected":false},"author":3,"featured_media":0,"comment_status":"closed","ping_status":"open","sticky":false,"template":"","format":"aside","meta":{"footnotes":""},"categories":[23,37,139],"tags":[50],"class_list":["post-1831","post","type-post","status-publish","format-aside","hentry","category-20-papeles-de-trabajo","category-01-sector-energia","category-02-espanol","tag-barcelona","post_format-post-format-aside"],"rttpg_featured_image_url":null,"rttpg_author":{"display_name":"Pere-A. F\u00e0bregas","author_link":"https:\/\/fabregaspere.com\/blog2\/author\/fabregaspere2\/"},"rttpg_comment":0,"rttpg_category":"<a href=\"https:\/\/fabregaspere.com\/blog2\/category\/tipos\/20-papeles-de-trabajo\/\" rel=\"category tag\">a20. Papeles de trabajo<\/a> <a href=\"https:\/\/fabregaspere.com\/blog2\/category\/temas\/01-sector-energia\/\" rel=\"category tag\">b01. Sector Energ\u00eda<\/a> <a href=\"https:\/\/fabregaspere.com\/blog2\/category\/idiomas\/02-espanol\/\" rel=\"category tag\">c02. Espa\u00f1ol<\/a>","rttpg_excerpt":"Sector Energ\u00eda [1975.03.24] F\u00c0BREGAS, Pere-A. (1974): La energ\u00eda en Catalu\u00f1a durante 1974 Barcelona, 10 pp. Descargar PDF","_links":{"self":[{"href":"https:\/\/fabregaspere.com\/blog2\/wp-json\/wp\/v2\/posts\/1831","targetHints":{"allow":["GET"]}}],"collection":[{"href":"https:\/\/fabregaspere.com\/blog2\/wp-json\/wp\/v2\/posts"}],"about":[{"href":"https:\/\/fabregaspere.com\/blog2\/wp-json\/wp\/v2\/types\/post"}],"author":[{"embeddable":true,"href":"https:\/\/fabregaspere.com\/blog2\/wp-json\/wp\/v2\/users\/3"}],"replies":[{"embeddable":true,"href":"https:\/\/fabregaspere.com\/blog2\/wp-json\/wp\/v2\/comments?post=1831"}],"version-history":[{"count":8,"href":"https:\/\/fabregaspere.com\/blog2\/wp-json\/wp\/v2\/posts\/1831\/revisions"}],"predecessor-version":[{"id":16826,"href":"https:\/\/fabregaspere.com\/blog2\/wp-json\/wp\/v2\/posts\/1831\/revisions\/16826"}],"wp:attachment":[{"href":"https:\/\/fabregaspere.com\/blog2\/wp-json\/wp\/v2\/media?parent=1831"}],"wp:term":[{"taxonomy":"category","embeddable":true,"href":"https:\/\/fabregaspere.com\/blog2\/wp-json\/wp\/v2\/categories?post=1831"},{"taxonomy":"post_tag","embeddable":true,"href":"https:\/\/fabregaspere.com\/blog2\/wp-json\/wp\/v2\/tags?post=1831"}],"curies":[{"name":"wp","href":"https:\/\/api.w.org\/{rel}","templated":true}]}}